{"id":10413,"date":"2022-01-18T18:27:06","date_gmt":"2022-01-18T17:27:06","guid":{"rendered":"https:\/\/gipuzkoabasket.com\/?p=10413\/"},"modified":"2023-11-20T18:42:13","modified_gmt":"2023-11-20T17:42:13","slug":"media-day-xabi-oroz","status":"publish","type":"post","link":"https:\/\/gipuzkoabasket.com\/eu\/media-day-xabi-oroz\/","title":{"rendered":"MEDIA DAY \u2013 XABI OROZ"},"content":{"rendered":"<p>Esta ma\u00f1ana Xabi Oroz ha comparecido ante los medios de comunicaci\u00f3n en la atenci\u00f3n a la prensa.<\/p>\n<p>El domingo regres\u00f3 a las pistas tras casi 9 meses, tras la grave lesi\u00f3n que sufri\u00f3 el pasado abril y as\u00ed ha contado como fue \u201cEl previo fue normal, me sent\u00eda normal, como una sensaci\u00f3n que ya conoc\u00eda y no estaba nervioso. Al principio entre que se fue la luz y no hab\u00eda salido me qued\u00e9 un poco frio y la verdad es que los primeros minutos s\u00ed que estaba m\u00e1s diferente. Pero a partir de ah\u00ed muy c\u00f3modo, cuando volv\u00ed a saltar a pista me sent\u00eda con mucha energ\u00eda tanto en defensa como en ataque\u201d.<\/p>\n<p>Oroz se mostraba muy contento y agradecido \u201cdurante todo el proceso he estado muy arropado por grandes profesionales (ha llevado a cabo su recuperaci\u00f3n en Ammma Donostia) y eso tambi\u00e9n me ha ayudado a entrar a pista con mucha confianza, sin pensar en mi rodilla y muy agradecido a toda esa gente que ha hecho algo en mi rehabilitaci\u00f3n por muy poco que haya sido\u201d.<\/p>\n<p>En nueve meses ha pasado por varias fases tanto buenas como malas \u201cAl empezar fue duro los primeros momentos que est\u00e1s trabajando solo en camilla, que no puedes hacer nada m\u00e1s y tienes demasiada energ\u00eda en el cuerpo, como en mi caso que soy bastante inquieto. Es duro, pero ves progresos. M\u00e1s adelante tuve un baj\u00f3n importante porque trabajaba solo en el gimnasio, iba muy contento, pero perd\u00ed un poco la competitividad, yo que peleo cada bal\u00f3n a la hora de jugar, como no compet\u00eda nada, ah\u00ed ese momento fue duro. Y en diciembre cuando volv\u00ed a entrar en el grupo enseguida volv\u00ed a sentirme con ganas de ganar, jugar y ah\u00ed me tranquilic\u00e9. Ten\u00eda ganas de entrenar todos los d\u00edas y todos los d\u00edas iba a casa y solo hablaba de baloncesto\u201d.<\/p>\n<p>Le preguntaban si el re-debut en el Prat se parec\u00eda algo a su debut en el Carpena en ACB \u201cno ten\u00eda nada que ver, pero si hubo una cosa en com\u00fan. En el Carpena Lolo me dijo \u2018estate preparado porque va a ser pronto\u2019 y salt\u00e9 en el primer cuarto a jugar. Y el otro d\u00eda Lolo me dijo al final del primer cuarto \u2018prep\u00e1rate que en un minuto vas\u2019\u201d.<\/p>\n<p>Su regreso coincide con el mejor momento de la temporada del equipo, que lleva tres victorias consecutivas a domicilio. De los pr\u00f3ximos 6 encuentros 5 se jugar\u00e1n en casa \u201ces una especial motivaci\u00f3n, a ver si podemos hacer buenos partidos y cada vez se engancha m\u00e1s la afici\u00f3n. Es un momento que si hacemos un buen papel vamos a vernos arriba en la clasificaci\u00f3n y si no lo hacemos tan bien tampoco nos descolgaremos tanto, es un momento de apostar, de tener confianza e ir a por ello\u201d.<\/p>\n<p>&#8220;https:\/\/youtu.be\/wuQKdZFKmhk&#8221;<\/p>\n","protected":false},"excerpt":{"rendered":"<p>Esta ma\u00f1ana Xabi Oroz ha comparecido ante los medios de comunicaci\u00f3n en la atenci\u00f3n a la prensa. El domingo regres\u00f3 a las pistas tras casi 9 meses, tras la grave lesi\u00f3n que sufri\u00f3 el pasado abril y as\u00ed ha contado como fue \u201cEl previo fue normal, me sent\u00eda normal, como una sensaci\u00f3n que ya conoc\u00eda [&hellip;]<\/p>\n","protected":false},"author":2,"featured_media":10414,"comment_status":"open","ping_status":"open","sticky":false,"template":"","format":"standard","meta":{"_et_pb_use_builder":"","_et_pb_old_content":"","_et_gb_content_width":"","footnotes":""},"categories":[377,44,28],"tags":[],"class_list":["post-10413","post","type-post","status-publish","format-standard","has-post-thumbnail","hentry","category-elkarrizketa","category-elkarrizketak","category-urrezko-leb"],"yoast_head":"<!-- This site is optimized with the Yoast SEO plugin v27.5 - https:\/\/yoast.com\/product\/yoast-seo-wordpress\/ -->\n<title>MEDIA DAY \u2013 XABI OROZ |\u00a0 Gipuzkoa Basket<\/title>\n<meta name=\"description\" content=\"Gipuzkoa.Gipuzkoa Basket Club |\u00a0Los triples nos vuelven locos, \u00bfa ti no? | 943 444 428 \u00b7 gipuzkoabasket@gipuzkoabasket.com\" \/>\n<meta name=\"robots\" content=\"index, follow, max-snippet:-1, max-image-preview:large, max-video-preview:-1\" \/>\n<link rel=\"canonical\" href=\"https:\/\/gipuzkoabasket.com\/eu\/media-day-xabi-oroz\/\" \/>\n<meta property=\"og:locale\" content=\"eu_ES\" \/>\n<meta property=\"og:type\" content=\"article\" \/>\n<meta property=\"og:title\" content=\"MEDIA DAY \u2013 XABI OROZ |\u00a0 Gipuzkoa Basket\" \/>\n<meta property=\"og:description\" content=\"Gipuzkoa.Gipuzkoa Basket Club |\u00a0Los triples nos vuelven locos, \u00bfa ti no? | 943 444 428 \u00b7 gipuzkoabasket@gipuzkoabasket.com\" \/>\n<meta property=\"og:url\" content=\"https:\/\/gipuzkoabasket.com\/eu\/media-day-xabi-oroz\/\" \/>\n<meta property=\"og:site_name\" content=\"Gipuzkoa Basket Club\" \/>\n<meta property=\"article:published_time\" content=\"2022-01-18T17:27:06+00:00\" \/>\n<meta property=\"article:modified_time\" content=\"2023-11-20T17:42:13+00:00\" \/>\n<meta property=\"og:image\" content=\"https:\/\/gipuzkoabasket.com\/wp-content\/uploads\/2022\/01\/xabi-web.jpg\" \/>\n\t<meta property=\"og:image:width\" content=\"676\" \/>\n\t<meta property=\"og:image:height\" content=\"399\" \/>\n\t<meta property=\"og:image:type\" content=\"image\/jpeg\" \/>\n<meta name=\"author\" content=\"Gipuzkoa Basket\" \/>\n<meta name=\"twitter:card\" content=\"summary_large_image\" \/>\n<meta name=\"twitter:label1\" content=\"Written by\" \/>\n\t<meta name=\"twitter:data1\" content=\"Gipuzkoa Basket\" \/>\n\t<meta name=\"twitter:label2\" content=\"Est. reading time\" \/>\n\t<meta name=\"twitter:data2\" content=\"3 minutes\" \/>\n<script type=\"application\/ld+json\" class=\"yoast-schema-graph\">{\"@context\":\"https:\\\/\\\/schema.org\",\"@graph\":[{\"@type\":\"Article\",\"@id\":\"https:\\\/\\\/gipuzkoabasket.com\\\/eu\\\/media-day-xabi-oroz\\\/#article\",\"isPartOf\":{\"@id\":\"https:\\\/\\\/gipuzkoabasket.com\\\/eu\\\/media-day-xabi-oroz\\\/\"},\"author\":{\"name\":\"Gipuzkoa Basket\",\"@id\":\"https:\\\/\\\/gipuzkoabasket.com\\\/eu\\\/#\\\/schema\\\/person\\\/bd3551d543ad11d210e99773b69631a0\"},\"headline\":\"MEDIA DAY \u2013 XABI OROZ\",\"datePublished\":\"2022-01-18T17:27:06+00:00\",\"dateModified\":\"2023-11-20T17:42:13+00:00\",\"mainEntityOfPage\":{\"@id\":\"https:\\\/\\\/gipuzkoabasket.com\\\/eu\\\/media-day-xabi-oroz\\\/\"},\"wordCount\":510,\"commentCount\":0,\"publisher\":{\"@id\":\"https:\\\/\\\/gipuzkoabasket.com\\\/eu\\\/#organization\"},\"image\":{\"@id\":\"https:\\\/\\\/gipuzkoabasket.com\\\/eu\\\/media-day-xabi-oroz\\\/#primaryimage\"},\"thumbnailUrl\":\"https:\\\/\\\/gipuzkoabasket.com\\\/wp-content\\\/uploads\\\/2022\\\/01\\\/xabi-web.jpg\",\"articleSection\":[\"Elkarrizketa\",\"Elkarrizketak\",\"Urrezko LEB\"],\"inLanguage\":\"eu-ES\",\"potentialAction\":[{\"@type\":\"CommentAction\",\"name\":\"Comment\",\"target\":[\"https:\\\/\\\/gipuzkoabasket.com\\\/eu\\\/media-day-xabi-oroz\\\/#respond\"]}]},{\"@type\":\"WebPage\",\"@id\":\"https:\\\/\\\/gipuzkoabasket.com\\\/eu\\\/media-day-xabi-oroz\\\/\",\"url\":\"https:\\\/\\\/gipuzkoabasket.com\\\/eu\\\/media-day-xabi-oroz\\\/\",\"name\":\"MEDIA DAY \u2013 XABI OROZ |\u00a0 Gipuzkoa Basket\",\"isPartOf\":{\"@id\":\"https:\\\/\\\/gipuzkoabasket.com\\\/eu\\\/#website\"},\"primaryImageOfPage\":{\"@id\":\"https:\\\/\\\/gipuzkoabasket.com\\\/eu\\\/media-day-xabi-oroz\\\/#primaryimage\"},\"image\":{\"@id\":\"https:\\\/\\\/gipuzkoabasket.com\\\/eu\\\/media-day-xabi-oroz\\\/#primaryimage\"},\"thumbnailUrl\":\"https:\\\/\\\/gipuzkoabasket.com\\\/wp-content\\\/uploads\\\/2022\\\/01\\\/xabi-web.jpg\",\"datePublished\":\"2022-01-18T17:27:06+00:00\",\"dateModified\":\"2023-11-20T17:42:13+00:00\",\"description\":\"Gipuzkoa.Gipuzkoa Basket Club |\u00a0Los triples nos vuelven locos, \u00bfa ti no? | 943 444 428 \u00b7 gipuzkoabasket@gipuzkoabasket.com\",\"breadcrumb\":{\"@id\":\"https:\\\/\\\/gipuzkoabasket.com\\\/eu\\\/media-day-xabi-oroz\\\/#breadcrumb\"},\"inLanguage\":\"eu-ES\",\"potentialAction\":[{\"@type\":\"ReadAction\",\"target\":[\"https:\\\/\\\/gipuzkoabasket.com\\\/eu\\\/media-day-xabi-oroz\\\/\"]}]},{\"@type\":\"ImageObject\",\"inLanguage\":\"eu-ES\",\"@id\":\"https:\\\/\\\/gipuzkoabasket.com\\\/eu\\\/media-day-xabi-oroz\\\/#primaryimage\",\"url\":\"https:\\\/\\\/gipuzkoabasket.com\\\/wp-content\\\/uploads\\\/2022\\\/01\\\/xabi-web.jpg\",\"contentUrl\":\"https:\\\/\\\/gipuzkoabasket.com\\\/wp-content\\\/uploads\\\/2022\\\/01\\\/xabi-web.jpg\",\"width\":676,\"height\":399},{\"@type\":\"BreadcrumbList\",\"@id\":\"https:\\\/\\\/gipuzkoabasket.com\\\/eu\\\/media-day-xabi-oroz\\\/#breadcrumb\",\"itemListElement\":[{\"@type\":\"ListItem\",\"position\":1,\"name\":\"Portada\",\"item\":\"https:\\\/\\\/gipuzkoabasket.com\\\/eu\\\/\"},{\"@type\":\"ListItem\",\"position\":2,\"name\":\"MEDIA DAY \u2013 XABI OROZ\"}]},{\"@type\":\"WebSite\",\"@id\":\"https:\\\/\\\/gipuzkoabasket.com\\\/eu\\\/#website\",\"url\":\"https:\\\/\\\/gipuzkoabasket.com\\\/eu\\\/\",\"name\":\"Gipuzkoa Basket Club\",\"description\":\"Toda la actualidad del club\",\"publisher\":{\"@id\":\"https:\\\/\\\/gipuzkoabasket.com\\\/eu\\\/#organization\"},\"potentialAction\":[{\"@type\":\"SearchAction\",\"target\":{\"@type\":\"EntryPoint\",\"urlTemplate\":\"https:\\\/\\\/gipuzkoabasket.com\\\/eu\\\/?s={search_term_string}\"},\"query-input\":{\"@type\":\"PropertyValueSpecification\",\"valueRequired\":true,\"valueName\":\"search_term_string\"}}],\"inLanguage\":\"eu-ES\"},{\"@type\":\"Organization\",\"@id\":\"https:\\\/\\\/gipuzkoabasket.com\\\/eu\\\/#organization\",\"name\":\"Gipuzkoa Basket Club\",\"alternateName\":\"Gipuzkoa Basket\",\"url\":\"https:\\\/\\\/gipuzkoabasket.com\\\/eu\\\/\",\"logo\":{\"@type\":\"ImageObject\",\"inLanguage\":\"eu-ES\",\"@id\":\"https:\\\/\\\/gipuzkoabasket.com\\\/eu\\\/#\\\/schema\\\/logo\\\/image\\\/\",\"url\":\"https:\\\/\\\/gipuzkoabasket.com\\\/wp-content\\\/uploads\\\/2023\\\/07\\\/LOGO-GBC-300x300-1.png\",\"contentUrl\":\"https:\\\/\\\/gipuzkoabasket.com\\\/wp-content\\\/uploads\\\/2023\\\/07\\\/LOGO-GBC-300x300-1.png\",\"width\":300,\"height\":300,\"caption\":\"Gipuzkoa Basket Club\"},\"image\":{\"@id\":\"https:\\\/\\\/gipuzkoabasket.com\\\/eu\\\/#\\\/schema\\\/logo\\\/image\\\/\"}},{\"@type\":\"Person\",\"@id\":\"https:\\\/\\\/gipuzkoabasket.com\\\/eu\\\/#\\\/schema\\\/person\\\/bd3551d543ad11d210e99773b69631a0\",\"name\":\"Gipuzkoa Basket\",\"image\":{\"@type\":\"ImageObject\",\"inLanguage\":\"eu-ES\",\"@id\":\"https:\\\/\\\/secure.gravatar.com\\\/avatar\\\/e5b959b6b0321efa5df7c766774c837369fb264465d34f031005235bf80ef231?s=96&d=mm&r=g\",\"url\":\"https:\\\/\\\/secure.gravatar.com\\\/avatar\\\/e5b959b6b0321efa5df7c766774c837369fb264465d34f031005235bf80ef231?s=96&d=mm&r=g\",\"contentUrl\":\"https:\\\/\\\/secure.gravatar.com\\\/avatar\\\/e5b959b6b0321efa5df7c766774c837369fb264465d34f031005235bf80ef231?s=96&d=mm&r=g\",\"caption\":\"Gipuzkoa Basket\"},\"url\":\"https:\\\/\\\/gipuzkoabasket.com\\\/eu\\\/author\\\/gipuzkoa-basket\\\/\"}]}<\/script>\n<!-- \/ Yoast SEO plugin. -->","yoast_head_json":{"title":"MEDIA DAY \u2013 XABI OROZ |\u00a0 Gipuzkoa Basket","description":"Gipuzkoa.Gipuzkoa Basket Club |\u00a0Los triples nos vuelven locos, \u00bfa ti no? | 943 444 428 \u00b7 gipuzkoabasket@gipuzkoabasket.com","robots":{"index":"index","follow":"follow","max-snippet":"max-snippet:-1","max-image-preview":"max-image-preview:large","max-video-preview":"max-video-preview:-1"},"canonical":"https:\/\/gipuzkoabasket.com\/eu\/media-day-xabi-oroz\/","og_locale":"eu_ES","og_type":"article","og_title":"MEDIA DAY \u2013 XABI OROZ |\u00a0 Gipuzkoa Basket","og_description":"Gipuzkoa.Gipuzkoa Basket Club |\u00a0Los triples nos vuelven locos, \u00bfa ti no? | 943 444 428 \u00b7 gipuzkoabasket@gipuzkoabasket.com","og_url":"https:\/\/gipuzkoabasket.com\/eu\/media-day-xabi-oroz\/","og_site_name":"Gipuzkoa Basket Club","article_published_time":"2022-01-18T17:27:06+00:00","article_modified_time":"2023-11-20T17:42:13+00:00","og_image":[{"width":676,"height":399,"url":"https:\/\/gipuzkoabasket.com\/wp-content\/uploads\/2022\/01\/xabi-web.jpg","type":"image\/jpeg"}],"author":"Gipuzkoa Basket","twitter_card":"summary_large_image","twitter_misc":{"Written by":"Gipuzkoa Basket","Est. reading time":"3 minutes"},"schema":{"@context":"https:\/\/schema.org","@graph":[{"@type":"Article","@id":"https:\/\/gipuzkoabasket.com\/eu\/media-day-xabi-oroz\/#article","isPartOf":{"@id":"https:\/\/gipuzkoabasket.com\/eu\/media-day-xabi-oroz\/"},"author":{"name":"Gipuzkoa Basket","@id":"https:\/\/gipuzkoabasket.com\/eu\/#\/schema\/person\/bd3551d543ad11d210e99773b69631a0"},"headline":"MEDIA DAY \u2013 XABI OROZ","datePublished":"2022-01-18T17:27:06+00:00","dateModified":"2023-11-20T17:42:13+00:00","mainEntityOfPage":{"@id":"https:\/\/gipuzkoabasket.com\/eu\/media-day-xabi-oroz\/"},"wordCount":510,"commentCount":0,"publisher":{"@id":"https:\/\/gipuzkoabasket.com\/eu\/#organization"},"image":{"@id":"https:\/\/gipuzkoabasket.com\/eu\/media-day-xabi-oroz\/#primaryimage"},"thumbnailUrl":"https:\/\/gipuzkoabasket.com\/wp-content\/uploads\/2022\/01\/xabi-web.jpg","articleSection":["Elkarrizketa","Elkarrizketak","Urrezko LEB"],"inLanguage":"eu-ES","potentialAction":[{"@type":"CommentAction","name":"Comment","target":["https:\/\/gipuzkoabasket.com\/eu\/media-day-xabi-oroz\/#respond"]}]},{"@type":"WebPage","@id":"https:\/\/gipuzkoabasket.com\/eu\/media-day-xabi-oroz\/","url":"https:\/\/gipuzkoabasket.com\/eu\/media-day-xabi-oroz\/","name":"MEDIA DAY \u2013 XABI OROZ |\u00a0 Gipuzkoa Basket","isPartOf":{"@id":"https:\/\/gipuzkoabasket.com\/eu\/#website"},"primaryImageOfPage":{"@id":"https:\/\/gipuzkoabasket.com\/eu\/media-day-xabi-oroz\/#primaryimage"},"image":{"@id":"https:\/\/gipuzkoabasket.com\/eu\/media-day-xabi-oroz\/#primaryimage"},"thumbnailUrl":"https:\/\/gipuzkoabasket.com\/wp-content\/uploads\/2022\/01\/xabi-web.jpg","datePublished":"2022-01-18T17:27:06+00:00","dateModified":"2023-11-20T17:42:13+00:00","description":"Gipuzkoa.Gipuzkoa Basket Club |\u00a0Los triples nos vuelven locos, \u00bfa ti no? | 943 444 428 \u00b7 gipuzkoabasket@gipuzkoabasket.com","breadcrumb":{"@id":"https:\/\/gipuzkoabasket.com\/eu\/media-day-xabi-oroz\/#breadcrumb"},"inLanguage":"eu-ES","potentialAction":[{"@type":"ReadAction","target":["https:\/\/gipuzkoabasket.com\/eu\/media-day-xabi-oroz\/"]}]},{"@type":"ImageObject","inLanguage":"eu-ES","@id":"https:\/\/gipuzkoabasket.com\/eu\/media-day-xabi-oroz\/#primaryimage","url":"https:\/\/gipuzkoabasket.com\/wp-content\/uploads\/2022\/01\/xabi-web.jpg","contentUrl":"https:\/\/gipuzkoabasket.com\/wp-content\/uploads\/2022\/01\/xabi-web.jpg","width":676,"height":399},{"@type":"BreadcrumbList","@id":"https:\/\/gipuzkoabasket.com\/eu\/media-day-xabi-oroz\/#breadcrumb","itemListElement":[{"@type":"ListItem","position":1,"name":"Portada","item":"https:\/\/gipuzkoabasket.com\/eu\/"},{"@type":"ListItem","position":2,"name":"MEDIA DAY \u2013 XABI OROZ"}]},{"@type":"WebSite","@id":"https:\/\/gipuzkoabasket.com\/eu\/#website","url":"https:\/\/gipuzkoabasket.com\/eu\/","name":"Gipuzkoa Basket Club","description":"Toda la actualidad del club","publisher":{"@id":"https:\/\/gipuzkoabasket.com\/eu\/#organization"},"potentialAction":[{"@type":"SearchAction","target":{"@type":"EntryPoint","urlTemplate":"https:\/\/gipuzkoabasket.com\/eu\/?s={search_term_string}"},"query-input":{"@type":"PropertyValueSpecification","valueRequired":true,"valueName":"search_term_string"}}],"inLanguage":"eu-ES"},{"@type":"Organization","@id":"https:\/\/gipuzkoabasket.com\/eu\/#organization","name":"Gipuzkoa Basket Club","alternateName":"Gipuzkoa Basket","url":"https:\/\/gipuzkoabasket.com\/eu\/","logo":{"@type":"ImageObject","inLanguage":"eu-ES","@id":"https:\/\/gipuzkoabasket.com\/eu\/#\/schema\/logo\/image\/","url":"https:\/\/gipuzkoabasket.com\/wp-content\/uploads\/2023\/07\/LOGO-GBC-300x300-1.png","contentUrl":"https:\/\/gipuzkoabasket.com\/wp-content\/uploads\/2023\/07\/LOGO-GBC-300x300-1.png","width":300,"height":300,"caption":"Gipuzkoa Basket Club"},"image":{"@id":"https:\/\/gipuzkoabasket.com\/eu\/#\/schema\/logo\/image\/"}},{"@type":"Person","@id":"https:\/\/gipuzkoabasket.com\/eu\/#\/schema\/person\/bd3551d543ad11d210e99773b69631a0","name":"Gipuzkoa Basket","image":{"@type":"ImageObject","inLanguage":"eu-ES","@id":"https:\/\/secure.gravatar.com\/avatar\/e5b959b6b0321efa5df7c766774c837369fb264465d34f031005235bf80ef231?s=96&d=mm&r=g","url":"https:\/\/secure.gravatar.com\/avatar\/e5b959b6b0321efa5df7c766774c837369fb264465d34f031005235bf80ef231?s=96&d=mm&r=g","contentUrl":"https:\/\/secure.gravatar.com\/avatar\/e5b959b6b0321efa5df7c766774c837369fb264465d34f031005235bf80ef231?s=96&d=mm&r=g","caption":"Gipuzkoa Basket"},"url":"https:\/\/gipuzkoabasket.com\/eu\/author\/gipuzkoa-basket\/"}]}},"_links":{"self":[{"href":"https:\/\/gipuzkoabasket.com\/eu\/wp-json\/wp\/v2\/posts\/10413","targetHints":{"allow":["GET"]}}],"collection":[{"href":"https:\/\/gipuzkoabasket.com\/eu\/wp-json\/wp\/v2\/posts"}],"about":[{"href":"https:\/\/gipuzkoabasket.com\/eu\/wp-json\/wp\/v2\/types\/post"}],"author":[{"embeddable":true,"href":"https:\/\/gipuzkoabasket.com\/eu\/wp-json\/wp\/v2\/users\/2"}],"replies":[{"embeddable":true,"href":"https:\/\/gipuzkoabasket.com\/eu\/wp-json\/wp\/v2\/comments?post=10413"}],"version-history":[{"count":1,"href":"https:\/\/gipuzkoabasket.com\/eu\/wp-json\/wp\/v2\/posts\/10413\/revisions"}],"predecessor-version":[{"id":21166,"href":"https:\/\/gipuzkoabasket.com\/eu\/wp-json\/wp\/v2\/posts\/10413\/revisions\/21166"}],"wp:featuredmedia":[{"embeddable":true,"href":"https:\/\/gipuzkoabasket.com\/eu\/wp-json\/wp\/v2\/media\/10414"}],"wp:attachment":[{"href":"https:\/\/gipuzkoabasket.com\/eu\/wp-json\/wp\/v2\/media?parent=10413"}],"wp:term":[{"taxonomy":"category","embeddable":true,"href":"https:\/\/gipuzkoabasket.com\/eu\/wp-json\/wp\/v2\/categories?post=10413"},{"taxonomy":"post_tag","embeddable":true,"href":"https:\/\/gipuzkoabasket.com\/eu\/wp-json\/wp\/v2\/tags?post=10413"}],"curies":[{"name":"wp","href":"https:\/\/api.w.org\/{rel}","templated":true}]}}