{"id":10781,"date":"2022-04-05T18:01:09","date_gmt":"2022-04-05T17:01:09","guid":{"rendered":"https:\/\/gipuzkoabasket.com\/?p=10781\/"},"modified":"2023-11-20T18:43:40","modified_gmt":"2023-11-20T17:43:40","slug":"media-day-xabi-beraza-2","status":"publish","type":"post","link":"https:\/\/gipuzkoabasket.com\/eu\/media-day-xabi-beraza-2\/","title":{"rendered":"MEDIA DAY \u2013 XABI BERAZA"},"content":{"rendered":"<p>Esta tarde en la sala de prensa de Illunbe Xabi Beraza ha respondido a las preguntas de los medios en la atenci\u00f3n a la prensa.<\/p>\n<p>El equipo regres\u00f3 a la senda de la victoria el pasado jueves en Illunbe ante Oviedo \u201cSin duda era una victoria que muestra que el equipo est\u00e1 trabajando bien. Los partidos anteriores ven\u00edamos trabajando de la misma manera, pero la balanza no ca\u00eda de nuestro lado. S\u00ed que es una victoria importante y que nos da un \u00e1nimo incre\u00edble\u201d.<\/p>\n<p>Llega un mes complicado para el Acunsa Gipzukoa con tres salidas ante los tres primeros de la liga \u201cal principio era complicado, ven\u00edamos todos desde 0, pr\u00e1cticamente nadie conoc\u00eda a Lolo como entrenador, el sistema de juego y al final a base de entrenar y practicar nos vamos conociendo un poco m\u00e1s, vamos conociendo el estilo de juego que queremos jugar y se est\u00e1 viendo cada vez m\u00e1s. Quiz\u00e1 vosotros no lo est\u00e9is viendo en pista, pero nosotros en los entrenamientos lo vemos. La sensaci\u00f3n es diferente y sin duda que esto nos permite poder enfrentarnos y poder ganar a cualquiera de los equipos que vienen por delante, que no son solo esos tres, Melilla tambi\u00e9n es un equipo peligroso y todos los que nos quedan\u201d.<\/p>\n<p>A nivel personal Beraza est\u00e1 teniendo una temporada de llena de retos, \u201clas cosas no est\u00e1n saliendo como quiz\u00e1 todo el mundo esperaba, pero es mi primer a\u00f1o en la liga, todav\u00eda estoy en periodo de adaptaci\u00f3n, me he incorporado tarde al equipo por problemas de salud, he tenido lesiones, covid\u2026 es una temporada complicada, tampoco creo que este yendo mal a nivel individual. Siempre se puede mejorar, estoy contento como est\u00e1 yendo. La continuidad es algo que llegar\u00e1\u201d.<\/p>\n","protected":false},"excerpt":{"rendered":"<p>Esta tarde en la sala de prensa de Illunbe Xabi Beraza ha respondido a las preguntas de los medios en la atenci\u00f3n a la prensa. El equipo regres\u00f3 a la senda de la victoria el pasado jueves en Illunbe ante Oviedo \u201cSin duda era una victoria que muestra que el equipo est\u00e1 trabajando bien. Los [&hellip;]<\/p>\n","protected":false},"author":2,"featured_media":10782,"comment_status":"open","ping_status":"open","sticky":false,"template":"","format":"standard","meta":{"_et_pb_use_builder":"","_et_pb_old_content":"","_et_gb_content_width":"","footnotes":""},"categories":[44,28],"tags":[],"class_list":["post-10781","post","type-post","status-publish","format-standard","has-post-thumbnail","hentry","category-elkarrizketak","category-urrezko-leb"],"yoast_head":"<!-- This site is optimized with the Yoast SEO plugin v27.5 - https:\/\/yoast.com\/product\/yoast-seo-wordpress\/ -->\n<title>MEDIA DAY \u2013 XABI BERAZA |\u00a0 Gipuzkoa Basket<\/title>\n<meta name=\"description\" content=\"Gipuzkoa.Gipuzkoa Basket Club |\u00a0Los triples nos vuelven locos, \u00bfa ti no? | 943 444 428 \u00b7 gipuzkoabasket@gipuzkoabasket.com\" \/>\n<meta name=\"robots\" content=\"index, follow, max-snippet:-1, max-image-preview:large, max-video-preview:-1\" \/>\n<link rel=\"canonical\" href=\"https:\/\/gipuzkoabasket.com\/eu\/media-day-xabi-beraza-2\/\" \/>\n<meta property=\"og:locale\" content=\"eu_ES\" \/>\n<meta property=\"og:type\" content=\"article\" \/>\n<meta property=\"og:title\" content=\"MEDIA DAY \u2013 XABI BERAZA |\u00a0 Gipuzkoa Basket\" \/>\n<meta property=\"og:description\" content=\"Gipuzkoa.Gipuzkoa Basket Club |\u00a0Los triples nos vuelven locos, \u00bfa ti no? | 943 444 428 \u00b7 gipuzkoabasket@gipuzkoabasket.com\" \/>\n<meta property=\"og:url\" content=\"https:\/\/gipuzkoabasket.com\/eu\/media-day-xabi-beraza-2\/\" \/>\n<meta property=\"og:site_name\" content=\"Gipuzkoa Basket Club\" \/>\n<meta property=\"article:published_time\" content=\"2022-04-05T17:01:09+00:00\" \/>\n<meta property=\"article:modified_time\" content=\"2023-11-20T17:43:40+00:00\" \/>\n<meta property=\"og:image\" content=\"https:\/\/gipuzkoabasket.com\/wp-content\/uploads\/2022\/04\/beraza-web.jpg\" \/>\n\t<meta property=\"og:image:width\" content=\"676\" \/>\n\t<meta property=\"og:image:height\" content=\"399\" \/>\n\t<meta property=\"og:image:type\" content=\"image\/jpeg\" \/>\n<meta name=\"author\" content=\"Gipuzkoa Basket\" \/>\n<meta name=\"twitter:card\" content=\"summary_large_image\" \/>\n<meta name=\"twitter:label1\" content=\"Written by\" \/>\n\t<meta name=\"twitter:data1\" content=\"Gipuzkoa Basket\" \/>\n\t<meta name=\"twitter:label2\" content=\"Est. reading time\" \/>\n\t<meta name=\"twitter:data2\" content=\"2 minutes\" \/>\n<script type=\"application\/ld+json\" class=\"yoast-schema-graph\">{\"@context\":\"https:\\\/\\\/schema.org\",\"@graph\":[{\"@type\":\"Article\",\"@id\":\"https:\\\/\\\/gipuzkoabasket.com\\\/eu\\\/media-day-xabi-beraza-2\\\/#article\",\"isPartOf\":{\"@id\":\"https:\\\/\\\/gipuzkoabasket.com\\\/eu\\\/media-day-xabi-beraza-2\\\/\"},\"author\":{\"name\":\"Gipuzkoa Basket\",\"@id\":\"https:\\\/\\\/gipuzkoabasket.com\\\/eu\\\/#\\\/schema\\\/person\\\/bd3551d543ad11d210e99773b69631a0\"},\"headline\":\"MEDIA DAY \u2013 XABI BERAZA\",\"datePublished\":\"2022-04-05T17:01:09+00:00\",\"dateModified\":\"2023-11-20T17:43:40+00:00\",\"mainEntityOfPage\":{\"@id\":\"https:\\\/\\\/gipuzkoabasket.com\\\/eu\\\/media-day-xabi-beraza-2\\\/\"},\"wordCount\":308,\"commentCount\":0,\"publisher\":{\"@id\":\"https:\\\/\\\/gipuzkoabasket.com\\\/eu\\\/#organization\"},\"image\":{\"@id\":\"https:\\\/\\\/gipuzkoabasket.com\\\/eu\\\/media-day-xabi-beraza-2\\\/#primaryimage\"},\"thumbnailUrl\":\"https:\\\/\\\/gipuzkoabasket.com\\\/wp-content\\\/uploads\\\/2022\\\/04\\\/beraza-web.jpg\",\"articleSection\":[\"Elkarrizketak\",\"Urrezko LEB\"],\"inLanguage\":\"eu-ES\",\"potentialAction\":[{\"@type\":\"CommentAction\",\"name\":\"Comment\",\"target\":[\"https:\\\/\\\/gipuzkoabasket.com\\\/eu\\\/media-day-xabi-beraza-2\\\/#respond\"]}]},{\"@type\":\"WebPage\",\"@id\":\"https:\\\/\\\/gipuzkoabasket.com\\\/eu\\\/media-day-xabi-beraza-2\\\/\",\"url\":\"https:\\\/\\\/gipuzkoabasket.com\\\/eu\\\/media-day-xabi-beraza-2\\\/\",\"name\":\"MEDIA DAY \u2013 XABI BERAZA |\u00a0 Gipuzkoa Basket\",\"isPartOf\":{\"@id\":\"https:\\\/\\\/gipuzkoabasket.com\\\/eu\\\/#website\"},\"primaryImageOfPage\":{\"@id\":\"https:\\\/\\\/gipuzkoabasket.com\\\/eu\\\/media-day-xabi-beraza-2\\\/#primaryimage\"},\"image\":{\"@id\":\"https:\\\/\\\/gipuzkoabasket.com\\\/eu\\\/media-day-xabi-beraza-2\\\/#primaryimage\"},\"thumbnailUrl\":\"https:\\\/\\\/gipuzkoabasket.com\\\/wp-content\\\/uploads\\\/2022\\\/04\\\/beraza-web.jpg\",\"datePublished\":\"2022-04-05T17:01:09+00:00\",\"dateModified\":\"2023-11-20T17:43:40+00:00\",\"description\":\"Gipuzkoa.Gipuzkoa Basket Club |\u00a0Los triples nos vuelven locos, \u00bfa ti no? | 943 444 428 \u00b7 gipuzkoabasket@gipuzkoabasket.com\",\"breadcrumb\":{\"@id\":\"https:\\\/\\\/gipuzkoabasket.com\\\/eu\\\/media-day-xabi-beraza-2\\\/#breadcrumb\"},\"inLanguage\":\"eu-ES\",\"potentialAction\":[{\"@type\":\"ReadAction\",\"target\":[\"https:\\\/\\\/gipuzkoabasket.com\\\/eu\\\/media-day-xabi-beraza-2\\\/\"]}]},{\"@type\":\"ImageObject\",\"inLanguage\":\"eu-ES\",\"@id\":\"https:\\\/\\\/gipuzkoabasket.com\\\/eu\\\/media-day-xabi-beraza-2\\\/#primaryimage\",\"url\":\"https:\\\/\\\/gipuzkoabasket.com\\\/wp-content\\\/uploads\\\/2022\\\/04\\\/beraza-web.jpg\",\"contentUrl\":\"https:\\\/\\\/gipuzkoabasket.com\\\/wp-content\\\/uploads\\\/2022\\\/04\\\/beraza-web.jpg\",\"width\":676,\"height\":399},{\"@type\":\"BreadcrumbList\",\"@id\":\"https:\\\/\\\/gipuzkoabasket.com\\\/eu\\\/media-day-xabi-beraza-2\\\/#breadcrumb\",\"itemListElement\":[{\"@type\":\"ListItem\",\"position\":1,\"name\":\"Portada\",\"item\":\"https:\\\/\\\/gipuzkoabasket.com\\\/eu\\\/\"},{\"@type\":\"ListItem\",\"position\":2,\"name\":\"MEDIA DAY \u2013 XABI BERAZA\"}]},{\"@type\":\"WebSite\",\"@id\":\"https:\\\/\\\/gipuzkoabasket.com\\\/eu\\\/#website\",\"url\":\"https:\\\/\\\/gipuzkoabasket.com\\\/eu\\\/\",\"name\":\"Gipuzkoa Basket Club\",\"description\":\"Toda la actualidad del club\",\"publisher\":{\"@id\":\"https:\\\/\\\/gipuzkoabasket.com\\\/eu\\\/#organization\"},\"potentialAction\":[{\"@type\":\"SearchAction\",\"target\":{\"@type\":\"EntryPoint\",\"urlTemplate\":\"https:\\\/\\\/gipuzkoabasket.com\\\/eu\\\/?s={search_term_string}\"},\"query-input\":{\"@type\":\"PropertyValueSpecification\",\"valueRequired\":true,\"valueName\":\"search_term_string\"}}],\"inLanguage\":\"eu-ES\"},{\"@type\":\"Organization\",\"@id\":\"https:\\\/\\\/gipuzkoabasket.com\\\/eu\\\/#organization\",\"name\":\"Gipuzkoa Basket Club\",\"alternateName\":\"Gipuzkoa Basket\",\"url\":\"https:\\\/\\\/gipuzkoabasket.com\\\/eu\\\/\",\"logo\":{\"@type\":\"ImageObject\",\"inLanguage\":\"eu-ES\",\"@id\":\"https:\\\/\\\/gipuzkoabasket.com\\\/eu\\\/#\\\/schema\\\/logo\\\/image\\\/\",\"url\":\"https:\\\/\\\/gipuzkoabasket.com\\\/wp-content\\\/uploads\\\/2023\\\/07\\\/LOGO-GBC-300x300-1.png\",\"contentUrl\":\"https:\\\/\\\/gipuzkoabasket.com\\\/wp-content\\\/uploads\\\/2023\\\/07\\\/LOGO-GBC-300x300-1.png\",\"width\":300,\"height\":300,\"caption\":\"Gipuzkoa Basket Club\"},\"image\":{\"@id\":\"https:\\\/\\\/gipuzkoabasket.com\\\/eu\\\/#\\\/schema\\\/logo\\\/image\\\/\"}},{\"@type\":\"Person\",\"@id\":\"https:\\\/\\\/gipuzkoabasket.com\\\/eu\\\/#\\\/schema\\\/person\\\/bd3551d543ad11d210e99773b69631a0\",\"name\":\"Gipuzkoa Basket\",\"image\":{\"@type\":\"ImageObject\",\"inLanguage\":\"eu-ES\",\"@id\":\"https:\\\/\\\/secure.gravatar.com\\\/avatar\\\/e5b959b6b0321efa5df7c766774c837369fb264465d34f031005235bf80ef231?s=96&d=mm&r=g\",\"url\":\"https:\\\/\\\/secure.gravatar.com\\\/avatar\\\/e5b959b6b0321efa5df7c766774c837369fb264465d34f031005235bf80ef231?s=96&d=mm&r=g\",\"contentUrl\":\"https:\\\/\\\/secure.gravatar.com\\\/avatar\\\/e5b959b6b0321efa5df7c766774c837369fb264465d34f031005235bf80ef231?s=96&d=mm&r=g\",\"caption\":\"Gipuzkoa Basket\"},\"url\":\"https:\\\/\\\/gipuzkoabasket.com\\\/eu\\\/author\\\/gipuzkoa-basket\\\/\"}]}<\/script>\n<!-- \/ Yoast SEO plugin. -->","yoast_head_json":{"title":"MEDIA DAY \u2013 XABI BERAZA |\u00a0 Gipuzkoa Basket","description":"Gipuzkoa.Gipuzkoa Basket Club |\u00a0Los triples nos vuelven locos, \u00bfa ti no? | 943 444 428 \u00b7 gipuzkoabasket@gipuzkoabasket.com","robots":{"index":"index","follow":"follow","max-snippet":"max-snippet:-1","max-image-preview":"max-image-preview:large","max-video-preview":"max-video-preview:-1"},"canonical":"https:\/\/gipuzkoabasket.com\/eu\/media-day-xabi-beraza-2\/","og_locale":"eu_ES","og_type":"article","og_title":"MEDIA DAY \u2013 XABI BERAZA |\u00a0 Gipuzkoa Basket","og_description":"Gipuzkoa.Gipuzkoa Basket Club |\u00a0Los triples nos vuelven locos, \u00bfa ti no? | 943 444 428 \u00b7 gipuzkoabasket@gipuzkoabasket.com","og_url":"https:\/\/gipuzkoabasket.com\/eu\/media-day-xabi-beraza-2\/","og_site_name":"Gipuzkoa Basket Club","article_published_time":"2022-04-05T17:01:09+00:00","article_modified_time":"2023-11-20T17:43:40+00:00","og_image":[{"width":676,"height":399,"url":"https:\/\/gipuzkoabasket.com\/wp-content\/uploads\/2022\/04\/beraza-web.jpg","type":"image\/jpeg"}],"author":"Gipuzkoa Basket","twitter_card":"summary_large_image","twitter_misc":{"Written by":"Gipuzkoa Basket","Est. reading time":"2 minutes"},"schema":{"@context":"https:\/\/schema.org","@graph":[{"@type":"Article","@id":"https:\/\/gipuzkoabasket.com\/eu\/media-day-xabi-beraza-2\/#article","isPartOf":{"@id":"https:\/\/gipuzkoabasket.com\/eu\/media-day-xabi-beraza-2\/"},"author":{"name":"Gipuzkoa Basket","@id":"https:\/\/gipuzkoabasket.com\/eu\/#\/schema\/person\/bd3551d543ad11d210e99773b69631a0"},"headline":"MEDIA DAY \u2013 XABI BERAZA","datePublished":"2022-04-05T17:01:09+00:00","dateModified":"2023-11-20T17:43:40+00:00","mainEntityOfPage":{"@id":"https:\/\/gipuzkoabasket.com\/eu\/media-day-xabi-beraza-2\/"},"wordCount":308,"commentCount":0,"publisher":{"@id":"https:\/\/gipuzkoabasket.com\/eu\/#organization"},"image":{"@id":"https:\/\/gipuzkoabasket.com\/eu\/media-day-xabi-beraza-2\/#primaryimage"},"thumbnailUrl":"https:\/\/gipuzkoabasket.com\/wp-content\/uploads\/2022\/04\/beraza-web.jpg","articleSection":["Elkarrizketak","Urrezko LEB"],"inLanguage":"eu-ES","potentialAction":[{"@type":"CommentAction","name":"Comment","target":["https:\/\/gipuzkoabasket.com\/eu\/media-day-xabi-beraza-2\/#respond"]}]},{"@type":"WebPage","@id":"https:\/\/gipuzkoabasket.com\/eu\/media-day-xabi-beraza-2\/","url":"https:\/\/gipuzkoabasket.com\/eu\/media-day-xabi-beraza-2\/","name":"MEDIA DAY \u2013 XABI BERAZA |\u00a0 Gipuzkoa Basket","isPartOf":{"@id":"https:\/\/gipuzkoabasket.com\/eu\/#website"},"primaryImageOfPage":{"@id":"https:\/\/gipuzkoabasket.com\/eu\/media-day-xabi-beraza-2\/#primaryimage"},"image":{"@id":"https:\/\/gipuzkoabasket.com\/eu\/media-day-xabi-beraza-2\/#primaryimage"},"thumbnailUrl":"https:\/\/gipuzkoabasket.com\/wp-content\/uploads\/2022\/04\/beraza-web.jpg","datePublished":"2022-04-05T17:01:09+00:00","dateModified":"2023-11-20T17:43:40+00:00","description":"Gipuzkoa.Gipuzkoa Basket Club |\u00a0Los triples nos vuelven locos, \u00bfa ti no? | 943 444 428 \u00b7 gipuzkoabasket@gipuzkoabasket.com","breadcrumb":{"@id":"https:\/\/gipuzkoabasket.com\/eu\/media-day-xabi-beraza-2\/#breadcrumb"},"inLanguage":"eu-ES","potentialAction":[{"@type":"ReadAction","target":["https:\/\/gipuzkoabasket.com\/eu\/media-day-xabi-beraza-2\/"]}]},{"@type":"ImageObject","inLanguage":"eu-ES","@id":"https:\/\/gipuzkoabasket.com\/eu\/media-day-xabi-beraza-2\/#primaryimage","url":"https:\/\/gipuzkoabasket.com\/wp-content\/uploads\/2022\/04\/beraza-web.jpg","contentUrl":"https:\/\/gipuzkoabasket.com\/wp-content\/uploads\/2022\/04\/beraza-web.jpg","width":676,"height":399},{"@type":"BreadcrumbList","@id":"https:\/\/gipuzkoabasket.com\/eu\/media-day-xabi-beraza-2\/#breadcrumb","itemListElement":[{"@type":"ListItem","position":1,"name":"Portada","item":"https:\/\/gipuzkoabasket.com\/eu\/"},{"@type":"ListItem","position":2,"name":"MEDIA DAY \u2013 XABI BERAZA"}]},{"@type":"WebSite","@id":"https:\/\/gipuzkoabasket.com\/eu\/#website","url":"https:\/\/gipuzkoabasket.com\/eu\/","name":"Gipuzkoa Basket Club","description":"Toda la actualidad del club","publisher":{"@id":"https:\/\/gipuzkoabasket.com\/eu\/#organization"},"potentialAction":[{"@type":"SearchAction","target":{"@type":"EntryPoint","urlTemplate":"https:\/\/gipuzkoabasket.com\/eu\/?s={search_term_string}"},"query-input":{"@type":"PropertyValueSpecification","valueRequired":true,"valueName":"search_term_string"}}],"inLanguage":"eu-ES"},{"@type":"Organization","@id":"https:\/\/gipuzkoabasket.com\/eu\/#organization","name":"Gipuzkoa Basket Club","alternateName":"Gipuzkoa Basket","url":"https:\/\/gipuzkoabasket.com\/eu\/","logo":{"@type":"ImageObject","inLanguage":"eu-ES","@id":"https:\/\/gipuzkoabasket.com\/eu\/#\/schema\/logo\/image\/","url":"https:\/\/gipuzkoabasket.com\/wp-content\/uploads\/2023\/07\/LOGO-GBC-300x300-1.png","contentUrl":"https:\/\/gipuzkoabasket.com\/wp-content\/uploads\/2023\/07\/LOGO-GBC-300x300-1.png","width":300,"height":300,"caption":"Gipuzkoa Basket Club"},"image":{"@id":"https:\/\/gipuzkoabasket.com\/eu\/#\/schema\/logo\/image\/"}},{"@type":"Person","@id":"https:\/\/gipuzkoabasket.com\/eu\/#\/schema\/person\/bd3551d543ad11d210e99773b69631a0","name":"Gipuzkoa Basket","image":{"@type":"ImageObject","inLanguage":"eu-ES","@id":"https:\/\/secure.gravatar.com\/avatar\/e5b959b6b0321efa5df7c766774c837369fb264465d34f031005235bf80ef231?s=96&d=mm&r=g","url":"https:\/\/secure.gravatar.com\/avatar\/e5b959b6b0321efa5df7c766774c837369fb264465d34f031005235bf80ef231?s=96&d=mm&r=g","contentUrl":"https:\/\/secure.gravatar.com\/avatar\/e5b959b6b0321efa5df7c766774c837369fb264465d34f031005235bf80ef231?s=96&d=mm&r=g","caption":"Gipuzkoa Basket"},"url":"https:\/\/gipuzkoabasket.com\/eu\/author\/gipuzkoa-basket\/"}]}},"_links":{"self":[{"href":"https:\/\/gipuzkoabasket.com\/eu\/wp-json\/wp\/v2\/posts\/10781","targetHints":{"allow":["GET"]}}],"collection":[{"href":"https:\/\/gipuzkoabasket.com\/eu\/wp-json\/wp\/v2\/posts"}],"about":[{"href":"https:\/\/gipuzkoabasket.com\/eu\/wp-json\/wp\/v2\/types\/post"}],"author":[{"embeddable":true,"href":"https:\/\/gipuzkoabasket.com\/eu\/wp-json\/wp\/v2\/users\/2"}],"replies":[{"embeddable":true,"href":"https:\/\/gipuzkoabasket.com\/eu\/wp-json\/wp\/v2\/comments?post=10781"}],"version-history":[{"count":1,"href":"https:\/\/gipuzkoabasket.com\/eu\/wp-json\/wp\/v2\/posts\/10781\/revisions"}],"predecessor-version":[{"id":21128,"href":"https:\/\/gipuzkoabasket.com\/eu\/wp-json\/wp\/v2\/posts\/10781\/revisions\/21128"}],"wp:featuredmedia":[{"embeddable":true,"href":"https:\/\/gipuzkoabasket.com\/eu\/wp-json\/wp\/v2\/media\/10782"}],"wp:attachment":[{"href":"https:\/\/gipuzkoabasket.com\/eu\/wp-json\/wp\/v2\/media?parent=10781"}],"wp:term":[{"taxonomy":"category","embeddable":true,"href":"https:\/\/gipuzkoabasket.com\/eu\/wp-json\/wp\/v2\/categories?post=10781"},{"taxonomy":"post_tag","embeddable":true,"href":"https:\/\/gipuzkoabasket.com\/eu\/wp-json\/wp\/v2\/tags?post=10781"}],"curies":[{"name":"wp","href":"https:\/\/api.w.org\/{rel}","templated":true}]}}