{"id":12625,"date":"2023-05-31T16:39:38","date_gmt":"2023-05-31T15:39:38","guid":{"rendered":"https:\/\/gipuzkoabasket.com\/?p=12625\/"},"modified":"2023-11-20T18:48:03","modified_gmt":"2023-11-20T17:48:03","slug":"media-day-mikel-motos-y-mario-delas","status":"publish","type":"post","link":"https:\/\/gipuzkoabasket.com\/eu\/media-day-mikel-motos-y-mario-delas\/","title":{"rendered":"MEDIA DAY \u2013 MIKEL MOTOS Y MARIO DELAS"},"content":{"rendered":"<p>Esta ma\u00f1ana Mikel Motos y Mario Delas han comparecido ante los medios para hablar sobre la eliminatoria ante Leyma Coru\u00f1a.<\/p>\n<p>Motos afirma que el equipo est\u00e1 bien y habla sobre las dos victorias en Coru\u00f1a. \u201cFuimos a Coru\u00f1a con las ideas claras y sin presi\u00f3n, pero sabiendo que ten\u00edamos que hacer cierto tipo de partido para tener opciones de ganar\u201d. El equipo tiene la oportunidad de cerrar la eliminatoria y tiene la mente puesta en el encuentro del viernes. \u201cSe nota que la gente sabe que todav\u00eda no hemos hecho todo el trabajo. Ahora tenemos que reajustar cosas, recuperar sensaciones f\u00edsicas y jugar la final del viernes\u201d.<\/p>\n<p>Por su parte, Delas analiza el encuentro de este viernes. \u201cVa a ser dif\u00edcil porque ellos ganaron el partido contra nosotros aqu\u00ed, entonces ellos van a venir con todo aqu\u00ed, entonces estamos prepar\u00e1ndonos bien para el final\u201d. Por \u00faltimo, confirma que el equipo ha recuperado algo de confianza tras estas dos \u00faltimas victorias a domicilio. \u201cPerdimos confianza cuando tuvimos muchas lesiones. Perdimos contra Almansa y ganamos aqu\u00ed un partido dif\u00edcil contra Oviedo, pero ahora estamos 12, ganamos dos partidos dif\u00edciles fuera de casa y tenemos m\u00e1s confianza\u201d.<\/p>\n","protected":false},"excerpt":{"rendered":"<p>Esta ma\u00f1ana Mikel Motos y Mario Delas han comparecido ante los medios para hablar sobre la eliminatoria ante Leyma Coru\u00f1a. Motos afirma que el equipo est\u00e1 bien y habla sobre las dos victorias en Coru\u00f1a. \u201cFuimos a Coru\u00f1a con las ideas claras y sin presi\u00f3n, pero sabiendo que ten\u00edamos que hacer cierto tipo de partido [&hellip;]<\/p>\n","protected":false},"author":2,"featured_media":12626,"comment_status":"open","ping_status":"open","sticky":false,"template":"","format":"standard","meta":{"_et_pb_use_builder":"","_et_pb_old_content":"","_et_gb_content_width":"","footnotes":""},"categories":[377,28],"tags":[],"class_list":["post-12625","post","type-post","status-publish","format-standard","has-post-thumbnail","hentry","category-elkarrizketa","category-urrezko-leb"],"yoast_head":"<!-- This site is optimized with the Yoast SEO plugin v27.5 - https:\/\/yoast.com\/product\/yoast-seo-wordpress\/ -->\n<title>MEDIA DAY \u2013 MIKEL MOTOS Y MARIO DELAS |\u00a0 Gipuzkoa Basket<\/title>\n<meta name=\"description\" content=\"Gipuzkoa.Gipuzkoa Basket Club |\u00a0Los triples nos vuelven locos, \u00bfa ti no? | 943 444 428 \u00b7 gipuzkoabasket@gipuzkoabasket.com\" \/>\n<meta name=\"robots\" content=\"index, follow, max-snippet:-1, max-image-preview:large, max-video-preview:-1\" \/>\n<link rel=\"canonical\" href=\"https:\/\/gipuzkoabasket.com\/eu\/media-day-mikel-motos-y-mario-delas\/\" \/>\n<meta property=\"og:locale\" content=\"eu_ES\" \/>\n<meta property=\"og:type\" content=\"article\" \/>\n<meta property=\"og:title\" content=\"MEDIA DAY \u2013 MIKEL MOTOS Y MARIO DELAS |\u00a0 Gipuzkoa Basket\" \/>\n<meta property=\"og:description\" content=\"Gipuzkoa.Gipuzkoa Basket Club |\u00a0Los triples nos vuelven locos, \u00bfa ti no? | 943 444 428 \u00b7 gipuzkoabasket@gipuzkoabasket.com\" \/>\n<meta property=\"og:url\" content=\"https:\/\/gipuzkoabasket.com\/eu\/media-day-mikel-motos-y-mario-delas\/\" \/>\n<meta property=\"og:site_name\" content=\"Gipuzkoa Basket Club\" \/>\n<meta property=\"article:published_time\" content=\"2023-05-31T15:39:38+00:00\" \/>\n<meta property=\"article:modified_time\" content=\"2023-11-20T17:48:03+00:00\" \/>\n<meta property=\"og:image\" content=\"https:\/\/gipuzkoabasket.com\/wp-content\/uploads\/2023\/05\/MEIDA-DAY.jpg\" \/>\n\t<meta property=\"og:image:width\" content=\"676\" \/>\n\t<meta property=\"og:image:height\" content=\"399\" \/>\n\t<meta property=\"og:image:type\" content=\"image\/jpeg\" \/>\n<meta name=\"author\" content=\"Gipuzkoa Basket\" \/>\n<meta name=\"twitter:card\" content=\"summary_large_image\" \/>\n<meta name=\"twitter:label1\" content=\"Written by\" \/>\n\t<meta name=\"twitter:data1\" content=\"Gipuzkoa Basket\" \/>\n\t<meta name=\"twitter:label2\" content=\"Est. reading time\" \/>\n\t<meta name=\"twitter:data2\" content=\"1 minute\" \/>\n<script type=\"application\/ld+json\" class=\"yoast-schema-graph\">{\"@context\":\"https:\\\/\\\/schema.org\",\"@graph\":[{\"@type\":\"Article\",\"@id\":\"https:\\\/\\\/gipuzkoabasket.com\\\/eu\\\/media-day-mikel-motos-y-mario-delas\\\/#article\",\"isPartOf\":{\"@id\":\"https:\\\/\\\/gipuzkoabasket.com\\\/eu\\\/media-day-mikel-motos-y-mario-delas\\\/\"},\"author\":{\"name\":\"Gipuzkoa Basket\",\"@id\":\"https:\\\/\\\/gipuzkoabasket.com\\\/eu\\\/#\\\/schema\\\/person\\\/bd3551d543ad11d210e99773b69631a0\"},\"headline\":\"MEDIA DAY \u2013 MIKEL MOTOS Y MARIO DELAS\",\"datePublished\":\"2023-05-31T15:39:38+00:00\",\"dateModified\":\"2023-11-20T17:48:03+00:00\",\"mainEntityOfPage\":{\"@id\":\"https:\\\/\\\/gipuzkoabasket.com\\\/eu\\\/media-day-mikel-motos-y-mario-delas\\\/\"},\"wordCount\":213,\"commentCount\":0,\"publisher\":{\"@id\":\"https:\\\/\\\/gipuzkoabasket.com\\\/eu\\\/#organization\"},\"image\":{\"@id\":\"https:\\\/\\\/gipuzkoabasket.com\\\/eu\\\/media-day-mikel-motos-y-mario-delas\\\/#primaryimage\"},\"thumbnailUrl\":\"https:\\\/\\\/gipuzkoabasket.com\\\/wp-content\\\/uploads\\\/2023\\\/05\\\/MEIDA-DAY.jpg\",\"articleSection\":[\"Elkarrizketa\",\"Urrezko LEB\"],\"inLanguage\":\"eu-ES\",\"potentialAction\":[{\"@type\":\"CommentAction\",\"name\":\"Comment\",\"target\":[\"https:\\\/\\\/gipuzkoabasket.com\\\/eu\\\/media-day-mikel-motos-y-mario-delas\\\/#respond\"]}]},{\"@type\":\"WebPage\",\"@id\":\"https:\\\/\\\/gipuzkoabasket.com\\\/eu\\\/media-day-mikel-motos-y-mario-delas\\\/\",\"url\":\"https:\\\/\\\/gipuzkoabasket.com\\\/eu\\\/media-day-mikel-motos-y-mario-delas\\\/\",\"name\":\"MEDIA DAY \u2013 MIKEL MOTOS Y MARIO DELAS |\u00a0 Gipuzkoa Basket\",\"isPartOf\":{\"@id\":\"https:\\\/\\\/gipuzkoabasket.com\\\/eu\\\/#website\"},\"primaryImageOfPage\":{\"@id\":\"https:\\\/\\\/gipuzkoabasket.com\\\/eu\\\/media-day-mikel-motos-y-mario-delas\\\/#primaryimage\"},\"image\":{\"@id\":\"https:\\\/\\\/gipuzkoabasket.com\\\/eu\\\/media-day-mikel-motos-y-mario-delas\\\/#primaryimage\"},\"thumbnailUrl\":\"https:\\\/\\\/gipuzkoabasket.com\\\/wp-content\\\/uploads\\\/2023\\\/05\\\/MEIDA-DAY.jpg\",\"datePublished\":\"2023-05-31T15:39:38+00:00\",\"dateModified\":\"2023-11-20T17:48:03+00:00\",\"description\":\"Gipuzkoa.Gipuzkoa Basket Club |\u00a0Los triples nos vuelven locos, \u00bfa ti no? | 943 444 428 \u00b7 gipuzkoabasket@gipuzkoabasket.com\",\"breadcrumb\":{\"@id\":\"https:\\\/\\\/gipuzkoabasket.com\\\/eu\\\/media-day-mikel-motos-y-mario-delas\\\/#breadcrumb\"},\"inLanguage\":\"eu-ES\",\"potentialAction\":[{\"@type\":\"ReadAction\",\"target\":[\"https:\\\/\\\/gipuzkoabasket.com\\\/eu\\\/media-day-mikel-motos-y-mario-delas\\\/\"]}]},{\"@type\":\"ImageObject\",\"inLanguage\":\"eu-ES\",\"@id\":\"https:\\\/\\\/gipuzkoabasket.com\\\/eu\\\/media-day-mikel-motos-y-mario-delas\\\/#primaryimage\",\"url\":\"https:\\\/\\\/gipuzkoabasket.com\\\/wp-content\\\/uploads\\\/2023\\\/05\\\/MEIDA-DAY.jpg\",\"contentUrl\":\"https:\\\/\\\/gipuzkoabasket.com\\\/wp-content\\\/uploads\\\/2023\\\/05\\\/MEIDA-DAY.jpg\",\"width\":676,\"height\":399},{\"@type\":\"BreadcrumbList\",\"@id\":\"https:\\\/\\\/gipuzkoabasket.com\\\/eu\\\/media-day-mikel-motos-y-mario-delas\\\/#breadcrumb\",\"itemListElement\":[{\"@type\":\"ListItem\",\"position\":1,\"name\":\"Portada\",\"item\":\"https:\\\/\\\/gipuzkoabasket.com\\\/eu\\\/\"},{\"@type\":\"ListItem\",\"position\":2,\"name\":\"MEDIA DAY \u2013 MIKEL MOTOS Y MARIO DELAS\"}]},{\"@type\":\"WebSite\",\"@id\":\"https:\\\/\\\/gipuzkoabasket.com\\\/eu\\\/#website\",\"url\":\"https:\\\/\\\/gipuzkoabasket.com\\\/eu\\\/\",\"name\":\"Gipuzkoa Basket Club\",\"description\":\"Toda la actualidad del club\",\"publisher\":{\"@id\":\"https:\\\/\\\/gipuzkoabasket.com\\\/eu\\\/#organization\"},\"potentialAction\":[{\"@type\":\"SearchAction\",\"target\":{\"@type\":\"EntryPoint\",\"urlTemplate\":\"https:\\\/\\\/gipuzkoabasket.com\\\/eu\\\/?s={search_term_string}\"},\"query-input\":{\"@type\":\"PropertyValueSpecification\",\"valueRequired\":true,\"valueName\":\"search_term_string\"}}],\"inLanguage\":\"eu-ES\"},{\"@type\":\"Organization\",\"@id\":\"https:\\\/\\\/gipuzkoabasket.com\\\/eu\\\/#organization\",\"name\":\"Gipuzkoa Basket Club\",\"alternateName\":\"Gipuzkoa Basket\",\"url\":\"https:\\\/\\\/gipuzkoabasket.com\\\/eu\\\/\",\"logo\":{\"@type\":\"ImageObject\",\"inLanguage\":\"eu-ES\",\"@id\":\"https:\\\/\\\/gipuzkoabasket.com\\\/eu\\\/#\\\/schema\\\/logo\\\/image\\\/\",\"url\":\"https:\\\/\\\/gipuzkoabasket.com\\\/wp-content\\\/uploads\\\/2023\\\/07\\\/LOGO-GBC-300x300-1.png\",\"contentUrl\":\"https:\\\/\\\/gipuzkoabasket.com\\\/wp-content\\\/uploads\\\/2023\\\/07\\\/LOGO-GBC-300x300-1.png\",\"width\":300,\"height\":300,\"caption\":\"Gipuzkoa Basket Club\"},\"image\":{\"@id\":\"https:\\\/\\\/gipuzkoabasket.com\\\/eu\\\/#\\\/schema\\\/logo\\\/image\\\/\"}},{\"@type\":\"Person\",\"@id\":\"https:\\\/\\\/gipuzkoabasket.com\\\/eu\\\/#\\\/schema\\\/person\\\/bd3551d543ad11d210e99773b69631a0\",\"name\":\"Gipuzkoa Basket\",\"image\":{\"@type\":\"ImageObject\",\"inLanguage\":\"eu-ES\",\"@id\":\"https:\\\/\\\/secure.gravatar.com\\\/avatar\\\/e5b959b6b0321efa5df7c766774c837369fb264465d34f031005235bf80ef231?s=96&d=mm&r=g\",\"url\":\"https:\\\/\\\/secure.gravatar.com\\\/avatar\\\/e5b959b6b0321efa5df7c766774c837369fb264465d34f031005235bf80ef231?s=96&d=mm&r=g\",\"contentUrl\":\"https:\\\/\\\/secure.gravatar.com\\\/avatar\\\/e5b959b6b0321efa5df7c766774c837369fb264465d34f031005235bf80ef231?s=96&d=mm&r=g\",\"caption\":\"Gipuzkoa Basket\"},\"url\":\"https:\\\/\\\/gipuzkoabasket.com\\\/eu\\\/author\\\/gipuzkoa-basket\\\/\"}]}<\/script>\n<!-- \/ Yoast SEO plugin. -->","yoast_head_json":{"title":"MEDIA DAY \u2013 MIKEL MOTOS Y MARIO DELAS |\u00a0 Gipuzkoa Basket","description":"Gipuzkoa.Gipuzkoa Basket Club |\u00a0Los triples nos vuelven locos, \u00bfa ti no? | 943 444 428 \u00b7 gipuzkoabasket@gipuzkoabasket.com","robots":{"index":"index","follow":"follow","max-snippet":"max-snippet:-1","max-image-preview":"max-image-preview:large","max-video-preview":"max-video-preview:-1"},"canonical":"https:\/\/gipuzkoabasket.com\/eu\/media-day-mikel-motos-y-mario-delas\/","og_locale":"eu_ES","og_type":"article","og_title":"MEDIA DAY \u2013 MIKEL MOTOS Y MARIO DELAS |\u00a0 Gipuzkoa Basket","og_description":"Gipuzkoa.Gipuzkoa Basket Club |\u00a0Los triples nos vuelven locos, \u00bfa ti no? | 943 444 428 \u00b7 gipuzkoabasket@gipuzkoabasket.com","og_url":"https:\/\/gipuzkoabasket.com\/eu\/media-day-mikel-motos-y-mario-delas\/","og_site_name":"Gipuzkoa Basket Club","article_published_time":"2023-05-31T15:39:38+00:00","article_modified_time":"2023-11-20T17:48:03+00:00","og_image":[{"width":676,"height":399,"url":"https:\/\/gipuzkoabasket.com\/wp-content\/uploads\/2023\/05\/MEIDA-DAY.jpg","type":"image\/jpeg"}],"author":"Gipuzkoa Basket","twitter_card":"summary_large_image","twitter_misc":{"Written by":"Gipuzkoa Basket","Est. reading time":"1 minute"},"schema":{"@context":"https:\/\/schema.org","@graph":[{"@type":"Article","@id":"https:\/\/gipuzkoabasket.com\/eu\/media-day-mikel-motos-y-mario-delas\/#article","isPartOf":{"@id":"https:\/\/gipuzkoabasket.com\/eu\/media-day-mikel-motos-y-mario-delas\/"},"author":{"name":"Gipuzkoa Basket","@id":"https:\/\/gipuzkoabasket.com\/eu\/#\/schema\/person\/bd3551d543ad11d210e99773b69631a0"},"headline":"MEDIA DAY \u2013 MIKEL MOTOS Y MARIO DELAS","datePublished":"2023-05-31T15:39:38+00:00","dateModified":"2023-11-20T17:48:03+00:00","mainEntityOfPage":{"@id":"https:\/\/gipuzkoabasket.com\/eu\/media-day-mikel-motos-y-mario-delas\/"},"wordCount":213,"commentCount":0,"publisher":{"@id":"https:\/\/gipuzkoabasket.com\/eu\/#organization"},"image":{"@id":"https:\/\/gipuzkoabasket.com\/eu\/media-day-mikel-motos-y-mario-delas\/#primaryimage"},"thumbnailUrl":"https:\/\/gipuzkoabasket.com\/wp-content\/uploads\/2023\/05\/MEIDA-DAY.jpg","articleSection":["Elkarrizketa","Urrezko LEB"],"inLanguage":"eu-ES","potentialAction":[{"@type":"CommentAction","name":"Comment","target":["https:\/\/gipuzkoabasket.com\/eu\/media-day-mikel-motos-y-mario-delas\/#respond"]}]},{"@type":"WebPage","@id":"https:\/\/gipuzkoabasket.com\/eu\/media-day-mikel-motos-y-mario-delas\/","url":"https:\/\/gipuzkoabasket.com\/eu\/media-day-mikel-motos-y-mario-delas\/","name":"MEDIA DAY \u2013 MIKEL MOTOS Y MARIO DELAS |\u00a0 Gipuzkoa Basket","isPartOf":{"@id":"https:\/\/gipuzkoabasket.com\/eu\/#website"},"primaryImageOfPage":{"@id":"https:\/\/gipuzkoabasket.com\/eu\/media-day-mikel-motos-y-mario-delas\/#primaryimage"},"image":{"@id":"https:\/\/gipuzkoabasket.com\/eu\/media-day-mikel-motos-y-mario-delas\/#primaryimage"},"thumbnailUrl":"https:\/\/gipuzkoabasket.com\/wp-content\/uploads\/2023\/05\/MEIDA-DAY.jpg","datePublished":"2023-05-31T15:39:38+00:00","dateModified":"2023-11-20T17:48:03+00:00","description":"Gipuzkoa.Gipuzkoa Basket Club |\u00a0Los triples nos vuelven locos, \u00bfa ti no? | 943 444 428 \u00b7 gipuzkoabasket@gipuzkoabasket.com","breadcrumb":{"@id":"https:\/\/gipuzkoabasket.com\/eu\/media-day-mikel-motos-y-mario-delas\/#breadcrumb"},"inLanguage":"eu-ES","potentialAction":[{"@type":"ReadAction","target":["https:\/\/gipuzkoabasket.com\/eu\/media-day-mikel-motos-y-mario-delas\/"]}]},{"@type":"ImageObject","inLanguage":"eu-ES","@id":"https:\/\/gipuzkoabasket.com\/eu\/media-day-mikel-motos-y-mario-delas\/#primaryimage","url":"https:\/\/gipuzkoabasket.com\/wp-content\/uploads\/2023\/05\/MEIDA-DAY.jpg","contentUrl":"https:\/\/gipuzkoabasket.com\/wp-content\/uploads\/2023\/05\/MEIDA-DAY.jpg","width":676,"height":399},{"@type":"BreadcrumbList","@id":"https:\/\/gipuzkoabasket.com\/eu\/media-day-mikel-motos-y-mario-delas\/#breadcrumb","itemListElement":[{"@type":"ListItem","position":1,"name":"Portada","item":"https:\/\/gipuzkoabasket.com\/eu\/"},{"@type":"ListItem","position":2,"name":"MEDIA DAY \u2013 MIKEL MOTOS Y MARIO DELAS"}]},{"@type":"WebSite","@id":"https:\/\/gipuzkoabasket.com\/eu\/#website","url":"https:\/\/gipuzkoabasket.com\/eu\/","name":"Gipuzkoa Basket Club","description":"Toda la actualidad del club","publisher":{"@id":"https:\/\/gipuzkoabasket.com\/eu\/#organization"},"potentialAction":[{"@type":"SearchAction","target":{"@type":"EntryPoint","urlTemplate":"https:\/\/gipuzkoabasket.com\/eu\/?s={search_term_string}"},"query-input":{"@type":"PropertyValueSpecification","valueRequired":true,"valueName":"search_term_string"}}],"inLanguage":"eu-ES"},{"@type":"Organization","@id":"https:\/\/gipuzkoabasket.com\/eu\/#organization","name":"Gipuzkoa Basket Club","alternateName":"Gipuzkoa Basket","url":"https:\/\/gipuzkoabasket.com\/eu\/","logo":{"@type":"ImageObject","inLanguage":"eu-ES","@id":"https:\/\/gipuzkoabasket.com\/eu\/#\/schema\/logo\/image\/","url":"https:\/\/gipuzkoabasket.com\/wp-content\/uploads\/2023\/07\/LOGO-GBC-300x300-1.png","contentUrl":"https:\/\/gipuzkoabasket.com\/wp-content\/uploads\/2023\/07\/LOGO-GBC-300x300-1.png","width":300,"height":300,"caption":"Gipuzkoa Basket Club"},"image":{"@id":"https:\/\/gipuzkoabasket.com\/eu\/#\/schema\/logo\/image\/"}},{"@type":"Person","@id":"https:\/\/gipuzkoabasket.com\/eu\/#\/schema\/person\/bd3551d543ad11d210e99773b69631a0","name":"Gipuzkoa Basket","image":{"@type":"ImageObject","inLanguage":"eu-ES","@id":"https:\/\/secure.gravatar.com\/avatar\/e5b959b6b0321efa5df7c766774c837369fb264465d34f031005235bf80ef231?s=96&d=mm&r=g","url":"https:\/\/secure.gravatar.com\/avatar\/e5b959b6b0321efa5df7c766774c837369fb264465d34f031005235bf80ef231?s=96&d=mm&r=g","contentUrl":"https:\/\/secure.gravatar.com\/avatar\/e5b959b6b0321efa5df7c766774c837369fb264465d34f031005235bf80ef231?s=96&d=mm&r=g","caption":"Gipuzkoa Basket"},"url":"https:\/\/gipuzkoabasket.com\/eu\/author\/gipuzkoa-basket\/"}]}},"_links":{"self":[{"href":"https:\/\/gipuzkoabasket.com\/eu\/wp-json\/wp\/v2\/posts\/12625","targetHints":{"allow":["GET"]}}],"collection":[{"href":"https:\/\/gipuzkoabasket.com\/eu\/wp-json\/wp\/v2\/posts"}],"about":[{"href":"https:\/\/gipuzkoabasket.com\/eu\/wp-json\/wp\/v2\/types\/post"}],"author":[{"embeddable":true,"href":"https:\/\/gipuzkoabasket.com\/eu\/wp-json\/wp\/v2\/users\/2"}],"replies":[{"embeddable":true,"href":"https:\/\/gipuzkoabasket.com\/eu\/wp-json\/wp\/v2\/comments?post=12625"}],"version-history":[{"count":1,"href":"https:\/\/gipuzkoabasket.com\/eu\/wp-json\/wp\/v2\/posts\/12625\/revisions"}],"predecessor-version":[{"id":20815,"href":"https:\/\/gipuzkoabasket.com\/eu\/wp-json\/wp\/v2\/posts\/12625\/revisions\/20815"}],"wp:featuredmedia":[{"embeddable":true,"href":"https:\/\/gipuzkoabasket.com\/eu\/wp-json\/wp\/v2\/media\/12626"}],"wp:attachment":[{"href":"https:\/\/gipuzkoabasket.com\/eu\/wp-json\/wp\/v2\/media?parent=12625"}],"wp:term":[{"taxonomy":"category","embeddable":true,"href":"https:\/\/gipuzkoabasket.com\/eu\/wp-json\/wp\/v2\/categories?post=12625"},{"taxonomy":"post_tag","embeddable":true,"href":"https:\/\/gipuzkoabasket.com\/eu\/wp-json\/wp\/v2\/tags?post=12625"}],"curies":[{"name":"wp","href":"https:\/\/api.w.org\/{rel}","templated":true}]}}