{"id":12964,"date":"2023-08-07T11:30:08","date_gmt":"2023-08-07T09:30:08","guid":{"rendered":"https:\/\/gipuzkoabasket.com\/?p=12964\/"},"modified":"2023-11-20T18:47:45","modified_gmt":"2023-11-20T17:47:45","slug":"fitxaketa-josip-vrankic","status":"publish","type":"post","link":"https:\/\/gipuzkoabasket.com\/eu\/fitxaketa-josip-vrankic\/","title":{"rendered":"FITXAKETA | JOSIP VRANKI\u0106"},"content":{"rendered":"<p>Guuk Gipuzkoa Basketek eta Josip Vranki\u0107ek akordioa lortu dute hurrengo denboraldirako hegal-pibota taldearekin lanean hasi dadin. Vranki\u0107ek 2,05 m neurtzen ditu, eta Kanadan jaio arren, pasaporte kroaziarra du.<\/p>\n<p>Josip Vranki\u0107 (Etobicoke, 1998) denboraldi handi bat sinatzetik dator Italiako bigarren kategorian, Chietin eta Ravennan jokatu ondoren. Lehenbizikoan, 17 partida jokatu zituen: batasbestez 15 puntu eta 8 errebote lortuz. Denboraldiko azken sei partidak Ravennan jokatu zituen, batazbestez 11 puntu eta 6 errebote lortuz. Bi taldeetan %35etik gorako portzentajeak lortu zituen hiruko tiroetan. Vranki\u0107ek jokalari gisa trebatu da NCAAko Santa Clara Broncos taldean. Estatu Batuetako denboraldi guztietan, partidako 10 puntutik gora egon zen.<\/p>\n<p>Josip 4 eta 5 bezala jokatu ditzake, uztaia oso ondo erasotzen du, zutoin baxuan ondo jokatzen du eta zelaia ireki dezake kanpotik jaurtitzeko.<\/p>\n<p>Horrela, 2023-2024 denboraldirako zortzi jokalaridi ditugu: Xabi Oroz, Aitor Zubizarreta, Mikel Motos, Ander Mart\u00ednez, Manex Ansorregi, Mike Carlson, Iv\u00e1n Aurrecoechea eta Josip Vrankiparkea bera.<\/p>\n<p>Klubeko kirol zuzendaritzak lanean jarraitzen du plantilla ahalik eta lehiakorrena osatzeko, zaletasunarekiko ilusioa eta sentimendua sortzeko.<\/p>\n","protected":false},"excerpt":{"rendered":"<p>Guuk Gipuzkoa Basketek eta Josip Vranki\u0107ek akordioa lortu dute hurrengo denboraldirako hegal-pibota taldearekin lanean hasi dadin. Vranki\u0107ek 2,05 m neurtzen ditu, eta Kanadan jaio arren, pasaporte kroaziarra du. Josip Vranki\u0107 (Etobicoke, 1998) denboraldi handi bat sinatzetik dator Italiako bigarren kategorian, Chietin eta Ravennan jokatu ondoren. Lehenbizikoan, 17 partida jokatu zituen: batasbestez 15 puntu eta 8 [&hellip;]<\/p>\n","protected":false},"author":2,"featured_media":17815,"comment_status":"open","ping_status":"open","sticky":false,"template":"","format":"standard","meta":{"_et_pb_use_builder":"","_et_pb_old_content":"","_et_gb_content_width":"","footnotes":""},"categories":[500,28],"tags":[],"class_list":["post-12964","post","type-post","status-publish","format-standard","has-post-thumbnail","hentry","category-lehen-taldea","category-urrezko-leb"],"yoast_head":"<!-- This site is optimized with the Yoast SEO plugin v27.5 - https:\/\/yoast.com\/product\/yoast-seo-wordpress\/ -->\n<title>FITXAKETA | JOSIP VRANKI\u0106 |\u00a0 Gipuzkoa Basket<\/title>\n<meta name=\"description\" content=\"Gipuzkoa.Gipuzkoa Basket Club |\u00a0Los triples nos vuelven locos, \u00bfa ti no? | 943 444 428 \u00b7 gipuzkoabasket@gipuzkoabasket.com\" \/>\n<meta name=\"robots\" content=\"index, follow, max-snippet:-1, max-image-preview:large, max-video-preview:-1\" \/>\n<link rel=\"canonical\" href=\"https:\/\/gipuzkoabasket.com\/eu\/fitxaketa-josip-vrankic\/\" \/>\n<meta property=\"og:locale\" content=\"eu_ES\" \/>\n<meta property=\"og:type\" content=\"article\" \/>\n<meta property=\"og:title\" content=\"FITXAKETA | JOSIP VRANKI\u0106 |\u00a0 Gipuzkoa Basket\" \/>\n<meta property=\"og:description\" content=\"Gipuzkoa.Gipuzkoa Basket Club |\u00a0Los triples nos vuelven locos, \u00bfa ti no? | 943 444 428 \u00b7 gipuzkoabasket@gipuzkoabasket.com\" \/>\n<meta property=\"og:url\" content=\"https:\/\/gipuzkoabasket.com\/eu\/fitxaketa-josip-vrankic\/\" \/>\n<meta property=\"og:site_name\" content=\"Gipuzkoa Basket Club\" \/>\n<meta property=\"article:published_time\" content=\"2023-08-07T09:30:08+00:00\" \/>\n<meta property=\"article:modified_time\" content=\"2023-11-20T17:47:45+00:00\" \/>\n<meta property=\"og:image\" content=\"https:\/\/gipuzkoabasket.com\/wp-content\/uploads\/2023\/08\/INSTAGRAM-FEED-FICHAJES-Y-RENOVACIONES-11.png\" \/>\n\t<meta property=\"og:image:width\" content=\"1080\" \/>\n\t<meta property=\"og:image:height\" content=\"1080\" \/>\n\t<meta property=\"og:image:type\" content=\"image\/png\" \/>\n<meta name=\"author\" content=\"Gipuzkoa Basket\" \/>\n<meta name=\"twitter:card\" content=\"summary_large_image\" \/>\n<meta name=\"twitter:label1\" content=\"Written by\" \/>\n\t<meta name=\"twitter:data1\" content=\"Gipuzkoa Basket\" \/>\n\t<meta name=\"twitter:label2\" content=\"Est. reading time\" \/>\n\t<meta name=\"twitter:data2\" content=\"1 minute\" \/>\n<script type=\"application\/ld+json\" class=\"yoast-schema-graph\">{\"@context\":\"https:\\\/\\\/schema.org\",\"@graph\":[{\"@type\":\"Article\",\"@id\":\"https:\\\/\\\/gipuzkoabasket.com\\\/eu\\\/fitxaketa-josip-vrankic\\\/#article\",\"isPartOf\":{\"@id\":\"https:\\\/\\\/gipuzkoabasket.com\\\/eu\\\/fitxaketa-josip-vrankic\\\/\"},\"author\":{\"name\":\"Gipuzkoa Basket\",\"@id\":\"https:\\\/\\\/gipuzkoabasket.com\\\/eu\\\/#\\\/schema\\\/person\\\/bd3551d543ad11d210e99773b69631a0\"},\"headline\":\"FITXAKETA | JOSIP VRANKI\u0106\",\"datePublished\":\"2023-08-07T09:30:08+00:00\",\"dateModified\":\"2023-11-20T17:47:45+00:00\",\"mainEntityOfPage\":{\"@id\":\"https:\\\/\\\/gipuzkoabasket.com\\\/eu\\\/fitxaketa-josip-vrankic\\\/\"},\"wordCount\":161,\"commentCount\":0,\"publisher\":{\"@id\":\"https:\\\/\\\/gipuzkoabasket.com\\\/eu\\\/#organization\"},\"image\":{\"@id\":\"https:\\\/\\\/gipuzkoabasket.com\\\/eu\\\/fitxaketa-josip-vrankic\\\/#primaryimage\"},\"thumbnailUrl\":\"https:\\\/\\\/gipuzkoabasket.com\\\/wp-content\\\/uploads\\\/2023\\\/08\\\/INSTAGRAM-FEED-FICHAJES-Y-RENOVACIONES-11.png\",\"articleSection\":[\"Lehen Taldea\",\"Urrezko LEB\"],\"inLanguage\":\"eu-ES\",\"potentialAction\":[{\"@type\":\"CommentAction\",\"name\":\"Comment\",\"target\":[\"https:\\\/\\\/gipuzkoabasket.com\\\/eu\\\/fitxaketa-josip-vrankic\\\/#respond\"]}]},{\"@type\":\"WebPage\",\"@id\":\"https:\\\/\\\/gipuzkoabasket.com\\\/eu\\\/fitxaketa-josip-vrankic\\\/\",\"url\":\"https:\\\/\\\/gipuzkoabasket.com\\\/eu\\\/fitxaketa-josip-vrankic\\\/\",\"name\":\"FITXAKETA | JOSIP VRANKI\u0106 |\u00a0 Gipuzkoa Basket\",\"isPartOf\":{\"@id\":\"https:\\\/\\\/gipuzkoabasket.com\\\/eu\\\/#website\"},\"primaryImageOfPage\":{\"@id\":\"https:\\\/\\\/gipuzkoabasket.com\\\/eu\\\/fitxaketa-josip-vrankic\\\/#primaryimage\"},\"image\":{\"@id\":\"https:\\\/\\\/gipuzkoabasket.com\\\/eu\\\/fitxaketa-josip-vrankic\\\/#primaryimage\"},\"thumbnailUrl\":\"https:\\\/\\\/gipuzkoabasket.com\\\/wp-content\\\/uploads\\\/2023\\\/08\\\/INSTAGRAM-FEED-FICHAJES-Y-RENOVACIONES-11.png\",\"datePublished\":\"2023-08-07T09:30:08+00:00\",\"dateModified\":\"2023-11-20T17:47:45+00:00\",\"description\":\"Gipuzkoa.Gipuzkoa Basket Club |\u00a0Los triples nos vuelven locos, \u00bfa ti no? | 943 444 428 \u00b7 gipuzkoabasket@gipuzkoabasket.com\",\"breadcrumb\":{\"@id\":\"https:\\\/\\\/gipuzkoabasket.com\\\/eu\\\/fitxaketa-josip-vrankic\\\/#breadcrumb\"},\"inLanguage\":\"eu-ES\",\"potentialAction\":[{\"@type\":\"ReadAction\",\"target\":[\"https:\\\/\\\/gipuzkoabasket.com\\\/eu\\\/fitxaketa-josip-vrankic\\\/\"]}]},{\"@type\":\"ImageObject\",\"inLanguage\":\"eu-ES\",\"@id\":\"https:\\\/\\\/gipuzkoabasket.com\\\/eu\\\/fitxaketa-josip-vrankic\\\/#primaryimage\",\"url\":\"https:\\\/\\\/gipuzkoabasket.com\\\/wp-content\\\/uploads\\\/2023\\\/08\\\/INSTAGRAM-FEED-FICHAJES-Y-RENOVACIONES-11.png\",\"contentUrl\":\"https:\\\/\\\/gipuzkoabasket.com\\\/wp-content\\\/uploads\\\/2023\\\/08\\\/INSTAGRAM-FEED-FICHAJES-Y-RENOVACIONES-11.png\",\"width\":1080,\"height\":1080},{\"@type\":\"BreadcrumbList\",\"@id\":\"https:\\\/\\\/gipuzkoabasket.com\\\/eu\\\/fitxaketa-josip-vrankic\\\/#breadcrumb\",\"itemListElement\":[{\"@type\":\"ListItem\",\"position\":1,\"name\":\"Portada\",\"item\":\"https:\\\/\\\/gipuzkoabasket.com\\\/eu\\\/\"},{\"@type\":\"ListItem\",\"position\":2,\"name\":\"FITXAKETA | JOSIP VRANKI\u0106\"}]},{\"@type\":\"WebSite\",\"@id\":\"https:\\\/\\\/gipuzkoabasket.com\\\/eu\\\/#website\",\"url\":\"https:\\\/\\\/gipuzkoabasket.com\\\/eu\\\/\",\"name\":\"Gipuzkoa Basket Club\",\"description\":\"Toda la actualidad del club\",\"publisher\":{\"@id\":\"https:\\\/\\\/gipuzkoabasket.com\\\/eu\\\/#organization\"},\"potentialAction\":[{\"@type\":\"SearchAction\",\"target\":{\"@type\":\"EntryPoint\",\"urlTemplate\":\"https:\\\/\\\/gipuzkoabasket.com\\\/eu\\\/?s={search_term_string}\"},\"query-input\":{\"@type\":\"PropertyValueSpecification\",\"valueRequired\":true,\"valueName\":\"search_term_string\"}}],\"inLanguage\":\"eu-ES\"},{\"@type\":\"Organization\",\"@id\":\"https:\\\/\\\/gipuzkoabasket.com\\\/eu\\\/#organization\",\"name\":\"Gipuzkoa Basket Club\",\"alternateName\":\"Gipuzkoa Basket\",\"url\":\"https:\\\/\\\/gipuzkoabasket.com\\\/eu\\\/\",\"logo\":{\"@type\":\"ImageObject\",\"inLanguage\":\"eu-ES\",\"@id\":\"https:\\\/\\\/gipuzkoabasket.com\\\/eu\\\/#\\\/schema\\\/logo\\\/image\\\/\",\"url\":\"https:\\\/\\\/gipuzkoabasket.com\\\/wp-content\\\/uploads\\\/2023\\\/07\\\/LOGO-GBC-300x300-1.png\",\"contentUrl\":\"https:\\\/\\\/gipuzkoabasket.com\\\/wp-content\\\/uploads\\\/2023\\\/07\\\/LOGO-GBC-300x300-1.png\",\"width\":300,\"height\":300,\"caption\":\"Gipuzkoa Basket Club\"},\"image\":{\"@id\":\"https:\\\/\\\/gipuzkoabasket.com\\\/eu\\\/#\\\/schema\\\/logo\\\/image\\\/\"}},{\"@type\":\"Person\",\"@id\":\"https:\\\/\\\/gipuzkoabasket.com\\\/eu\\\/#\\\/schema\\\/person\\\/bd3551d543ad11d210e99773b69631a0\",\"name\":\"Gipuzkoa Basket\",\"image\":{\"@type\":\"ImageObject\",\"inLanguage\":\"eu-ES\",\"@id\":\"https:\\\/\\\/secure.gravatar.com\\\/avatar\\\/e5b959b6b0321efa5df7c766774c837369fb264465d34f031005235bf80ef231?s=96&d=mm&r=g\",\"url\":\"https:\\\/\\\/secure.gravatar.com\\\/avatar\\\/e5b959b6b0321efa5df7c766774c837369fb264465d34f031005235bf80ef231?s=96&d=mm&r=g\",\"contentUrl\":\"https:\\\/\\\/secure.gravatar.com\\\/avatar\\\/e5b959b6b0321efa5df7c766774c837369fb264465d34f031005235bf80ef231?s=96&d=mm&r=g\",\"caption\":\"Gipuzkoa Basket\"},\"url\":\"https:\\\/\\\/gipuzkoabasket.com\\\/eu\\\/author\\\/gipuzkoa-basket\\\/\"}]}<\/script>\n<!-- \/ Yoast SEO plugin. -->","yoast_head_json":{"title":"FITXAKETA | JOSIP VRANKI\u0106 |\u00a0 Gipuzkoa Basket","description":"Gipuzkoa.Gipuzkoa Basket Club |\u00a0Los triples nos vuelven locos, \u00bfa ti no? | 943 444 428 \u00b7 gipuzkoabasket@gipuzkoabasket.com","robots":{"index":"index","follow":"follow","max-snippet":"max-snippet:-1","max-image-preview":"max-image-preview:large","max-video-preview":"max-video-preview:-1"},"canonical":"https:\/\/gipuzkoabasket.com\/eu\/fitxaketa-josip-vrankic\/","og_locale":"eu_ES","og_type":"article","og_title":"FITXAKETA | JOSIP VRANKI\u0106 |\u00a0 Gipuzkoa Basket","og_description":"Gipuzkoa.Gipuzkoa Basket Club |\u00a0Los triples nos vuelven locos, \u00bfa ti no? | 943 444 428 \u00b7 gipuzkoabasket@gipuzkoabasket.com","og_url":"https:\/\/gipuzkoabasket.com\/eu\/fitxaketa-josip-vrankic\/","og_site_name":"Gipuzkoa Basket Club","article_published_time":"2023-08-07T09:30:08+00:00","article_modified_time":"2023-11-20T17:47:45+00:00","og_image":[{"width":1080,"height":1080,"url":"https:\/\/gipuzkoabasket.com\/wp-content\/uploads\/2023\/08\/INSTAGRAM-FEED-FICHAJES-Y-RENOVACIONES-11.png","type":"image\/png"}],"author":"Gipuzkoa Basket","twitter_card":"summary_large_image","twitter_misc":{"Written by":"Gipuzkoa Basket","Est. reading time":"1 minute"},"schema":{"@context":"https:\/\/schema.org","@graph":[{"@type":"Article","@id":"https:\/\/gipuzkoabasket.com\/eu\/fitxaketa-josip-vrankic\/#article","isPartOf":{"@id":"https:\/\/gipuzkoabasket.com\/eu\/fitxaketa-josip-vrankic\/"},"author":{"name":"Gipuzkoa Basket","@id":"https:\/\/gipuzkoabasket.com\/eu\/#\/schema\/person\/bd3551d543ad11d210e99773b69631a0"},"headline":"FITXAKETA | JOSIP VRANKI\u0106","datePublished":"2023-08-07T09:30:08+00:00","dateModified":"2023-11-20T17:47:45+00:00","mainEntityOfPage":{"@id":"https:\/\/gipuzkoabasket.com\/eu\/fitxaketa-josip-vrankic\/"},"wordCount":161,"commentCount":0,"publisher":{"@id":"https:\/\/gipuzkoabasket.com\/eu\/#organization"},"image":{"@id":"https:\/\/gipuzkoabasket.com\/eu\/fitxaketa-josip-vrankic\/#primaryimage"},"thumbnailUrl":"https:\/\/gipuzkoabasket.com\/wp-content\/uploads\/2023\/08\/INSTAGRAM-FEED-FICHAJES-Y-RENOVACIONES-11.png","articleSection":["Lehen Taldea","Urrezko LEB"],"inLanguage":"eu-ES","potentialAction":[{"@type":"CommentAction","name":"Comment","target":["https:\/\/gipuzkoabasket.com\/eu\/fitxaketa-josip-vrankic\/#respond"]}]},{"@type":"WebPage","@id":"https:\/\/gipuzkoabasket.com\/eu\/fitxaketa-josip-vrankic\/","url":"https:\/\/gipuzkoabasket.com\/eu\/fitxaketa-josip-vrankic\/","name":"FITXAKETA | JOSIP VRANKI\u0106 |\u00a0 Gipuzkoa Basket","isPartOf":{"@id":"https:\/\/gipuzkoabasket.com\/eu\/#website"},"primaryImageOfPage":{"@id":"https:\/\/gipuzkoabasket.com\/eu\/fitxaketa-josip-vrankic\/#primaryimage"},"image":{"@id":"https:\/\/gipuzkoabasket.com\/eu\/fitxaketa-josip-vrankic\/#primaryimage"},"thumbnailUrl":"https:\/\/gipuzkoabasket.com\/wp-content\/uploads\/2023\/08\/INSTAGRAM-FEED-FICHAJES-Y-RENOVACIONES-11.png","datePublished":"2023-08-07T09:30:08+00:00","dateModified":"2023-11-20T17:47:45+00:00","description":"Gipuzkoa.Gipuzkoa Basket Club |\u00a0Los triples nos vuelven locos, \u00bfa ti no? | 943 444 428 \u00b7 gipuzkoabasket@gipuzkoabasket.com","breadcrumb":{"@id":"https:\/\/gipuzkoabasket.com\/eu\/fitxaketa-josip-vrankic\/#breadcrumb"},"inLanguage":"eu-ES","potentialAction":[{"@type":"ReadAction","target":["https:\/\/gipuzkoabasket.com\/eu\/fitxaketa-josip-vrankic\/"]}]},{"@type":"ImageObject","inLanguage":"eu-ES","@id":"https:\/\/gipuzkoabasket.com\/eu\/fitxaketa-josip-vrankic\/#primaryimage","url":"https:\/\/gipuzkoabasket.com\/wp-content\/uploads\/2023\/08\/INSTAGRAM-FEED-FICHAJES-Y-RENOVACIONES-11.png","contentUrl":"https:\/\/gipuzkoabasket.com\/wp-content\/uploads\/2023\/08\/INSTAGRAM-FEED-FICHAJES-Y-RENOVACIONES-11.png","width":1080,"height":1080},{"@type":"BreadcrumbList","@id":"https:\/\/gipuzkoabasket.com\/eu\/fitxaketa-josip-vrankic\/#breadcrumb","itemListElement":[{"@type":"ListItem","position":1,"name":"Portada","item":"https:\/\/gipuzkoabasket.com\/eu\/"},{"@type":"ListItem","position":2,"name":"FITXAKETA | JOSIP VRANKI\u0106"}]},{"@type":"WebSite","@id":"https:\/\/gipuzkoabasket.com\/eu\/#website","url":"https:\/\/gipuzkoabasket.com\/eu\/","name":"Gipuzkoa Basket Club","description":"Toda la actualidad del club","publisher":{"@id":"https:\/\/gipuzkoabasket.com\/eu\/#organization"},"potentialAction":[{"@type":"SearchAction","target":{"@type":"EntryPoint","urlTemplate":"https:\/\/gipuzkoabasket.com\/eu\/?s={search_term_string}"},"query-input":{"@type":"PropertyValueSpecification","valueRequired":true,"valueName":"search_term_string"}}],"inLanguage":"eu-ES"},{"@type":"Organization","@id":"https:\/\/gipuzkoabasket.com\/eu\/#organization","name":"Gipuzkoa Basket Club","alternateName":"Gipuzkoa Basket","url":"https:\/\/gipuzkoabasket.com\/eu\/","logo":{"@type":"ImageObject","inLanguage":"eu-ES","@id":"https:\/\/gipuzkoabasket.com\/eu\/#\/schema\/logo\/image\/","url":"https:\/\/gipuzkoabasket.com\/wp-content\/uploads\/2023\/07\/LOGO-GBC-300x300-1.png","contentUrl":"https:\/\/gipuzkoabasket.com\/wp-content\/uploads\/2023\/07\/LOGO-GBC-300x300-1.png","width":300,"height":300,"caption":"Gipuzkoa Basket Club"},"image":{"@id":"https:\/\/gipuzkoabasket.com\/eu\/#\/schema\/logo\/image\/"}},{"@type":"Person","@id":"https:\/\/gipuzkoabasket.com\/eu\/#\/schema\/person\/bd3551d543ad11d210e99773b69631a0","name":"Gipuzkoa Basket","image":{"@type":"ImageObject","inLanguage":"eu-ES","@id":"https:\/\/secure.gravatar.com\/avatar\/e5b959b6b0321efa5df7c766774c837369fb264465d34f031005235bf80ef231?s=96&d=mm&r=g","url":"https:\/\/secure.gravatar.com\/avatar\/e5b959b6b0321efa5df7c766774c837369fb264465d34f031005235bf80ef231?s=96&d=mm&r=g","contentUrl":"https:\/\/secure.gravatar.com\/avatar\/e5b959b6b0321efa5df7c766774c837369fb264465d34f031005235bf80ef231?s=96&d=mm&r=g","caption":"Gipuzkoa Basket"},"url":"https:\/\/gipuzkoabasket.com\/eu\/author\/gipuzkoa-basket\/"}]}},"_links":{"self":[{"href":"https:\/\/gipuzkoabasket.com\/eu\/wp-json\/wp\/v2\/posts\/12964","targetHints":{"allow":["GET"]}}],"collection":[{"href":"https:\/\/gipuzkoabasket.com\/eu\/wp-json\/wp\/v2\/posts"}],"about":[{"href":"https:\/\/gipuzkoabasket.com\/eu\/wp-json\/wp\/v2\/types\/post"}],"author":[{"embeddable":true,"href":"https:\/\/gipuzkoabasket.com\/eu\/wp-json\/wp\/v2\/users\/2"}],"replies":[{"embeddable":true,"href":"https:\/\/gipuzkoabasket.com\/eu\/wp-json\/wp\/v2\/comments?post=12964"}],"version-history":[{"count":2,"href":"https:\/\/gipuzkoabasket.com\/eu\/wp-json\/wp\/v2\/posts\/12964\/revisions"}],"predecessor-version":[{"id":19984,"href":"https:\/\/gipuzkoabasket.com\/eu\/wp-json\/wp\/v2\/posts\/12964\/revisions\/19984"}],"wp:featuredmedia":[{"embeddable":true,"href":"https:\/\/gipuzkoabasket.com\/eu\/wp-json\/wp\/v2\/media\/17815"}],"wp:attachment":[{"href":"https:\/\/gipuzkoabasket.com\/eu\/wp-json\/wp\/v2\/media?parent=12964"}],"wp:term":[{"taxonomy":"category","embeddable":true,"href":"https:\/\/gipuzkoabasket.com\/eu\/wp-json\/wp\/v2\/categories?post=12964"},{"taxonomy":"post_tag","embeddable":true,"href":"https:\/\/gipuzkoabasket.com\/eu\/wp-json\/wp\/v2\/tags?post=12964"}],"curies":[{"name":"wp","href":"https:\/\/api.w.org\/{rel}","templated":true}]}}