{"id":1491,"date":"2017-08-30T17:04:31","date_gmt":"2017-08-30T15:04:31","guid":{"rendered":"http:\/\/www.gipuzkoabasket.com\/?p=1491\/"},"modified":"2023-11-20T18:26:18","modified_gmt":"2023-11-20T17:26:18","slug":"el-sabado-llega-la-euskal-kopa","status":"publish","type":"post","link":"https:\/\/gipuzkoabasket.com\/eu\/el-sabado-llega-la-euskal-kopa\/","title":{"rendered":"EL S\u00c1BADO LLEGA LA EUSKAL KOPA"},"content":{"rendered":"<p>Esta ma\u00f1ana se ha presentado la Euskal Kopa que se disputar\u00e1 el pr\u00f3ximo 2 de septiembre en el Polideportivo Landako de Durango. A la cita han acudido la alcaldesa de Durango, Aitziber Irigoras, la Teniente de Alcalde, Pilar R\u00edos, el Presidente de la Federaci\u00f3n Vasca de Baloncesto, Germ\u00e1n Monge, el Director General del Bilbao Basket, Diego S\u00e1enz y la Presidenta del Gipuzkoa Basket, Nekane Arzallus.<\/p>\n<p>La temporada oficial en Euskadi abre el tel\u00f3n con un derbi ACB. El RETAbet Bilbao Basket y el Gipuzkoa Basket presentar\u00e1n sus nuevos proyectos para el curso 2017\/2018 luchando por el primer t\u00edtulo de la temporada, la Euskal Kopa. El evento ser\u00e1 <strong>este s\u00e1bado 2 a las 18,30 horas <\/strong>y lo acoge el Polideportivo Landako de Durango.<\/p>\n<p>En calidad de anfitriona de este encuentro de Euskal Kopa Aitziber Irigoras reconoci\u00f3<strong> \u201cestar encantada de acoger esta cita\u201d, <\/strong>entre otras cosas porque <strong>\u201cel baloncesto es importante en nuestro municipio, gracias a la gran labor del Tabirako, y seguro que estar geogr\u00e1ficamente en el centro de Euskadi ayuda para que la Euskal Kopa tenga lugar en Durango\u201d.<\/strong> Por su parte, desde el Consistorio, Pilar R\u00edos invit\u00f3 <strong>\u201ca la poblaci\u00f3n a que se acerque a las instalaciones a disfrutar del partido\u201d.<\/strong><\/p>\n<p>El Presidente de la Federaci\u00f3n Vasca explic\u00f3 la naturaleza de esta Euskal Kopa con equipos ACB: <strong>\u201cQueremos que el baloncesto vasco mejore y que se haga visible, y qu\u00e9 mejor manera que hacerlo visible con nuestros equipos de m\u00e1xima categor\u00eda masculina, la ACB\u201d.<\/strong> En este caso la disputan el RETAbet Bilbao Basket y el Gipuzkoa Basket y Monge quiso agradecer a ambos su disposici\u00f3n as\u00ed como la colaboraci\u00f3n del Ayuntamiento de Durango, y resalt\u00f3 que <strong>\u201cno es casualidad que hayamos elegido este municipio, ya que todo lo que organizamos aqu\u00ed siempre ha salido con \u00e9xito\u201d,<\/strong> y el dirigente federativo tambi\u00e9n explic\u00f3 que contar con Tabirako es una garant\u00eda <strong>\u201ctanto en la actividad baloncest\u00edstica como en el aspecto log\u00edstico\u201d. <\/strong><\/p>\n<p>Por su parte, Nekane Arzallus destac\u00f3 <strong>\u201cque sea en Durango y jugando la Euskal Kopa nuestro primer partido tras el regreso a la ACB es todo un honor\u201d,<\/strong> y asegur\u00f3 que <strong>\u201clos dos clubes dar\u00e1n lo m\u00e1ximo para dar un bonito espect\u00e1culo<\/strong>\u201d. Arzallus apost\u00f3 tambi\u00e9n por acercar al Gipuzkoa Basket al resto de pueblos de Gipuzkoa y Euskadi.<\/p>\n<p>Y el representante del RETAbet Bilbao Basket, Diego S\u00e1enz incidi\u00f3 que para el Bilbao Basket <strong>\u201ces un honor jugar la Euskal Kopa. Vivimos para la sociedad y de la sociedad, por tanto visualizar el baloncesto en la sociedad, en Euskadi, nos parece fundamental, necesario y motivante\u201d. <\/strong>S\u00e1enz espera que el s\u00e1bado sea <strong>\u201cuna fiesta del baloncesto vasco\u201d.<\/strong><\/p>\n<p><strong><u>ENTRADAS<\/u><\/strong><\/p>\n<p>El acceso es gratuito pero para poder disfrutar del evento es necesario retirar entradas en taquilla. Se podr\u00e1 hacer este jueves y este viernes en el Polideportivo Landako de 18,30 a 20 horas. El d\u00eda de partido la taquilla estar\u00e1 abierta desde las 17 horas.<\/p>\n<p>A lo largo de estos d\u00edas el Tabirako ir\u00e1 informando desde sus redes sociales las entradas que queden disponibles.<\/p>\n<p>Cada espectador podr\u00e1 retirar un m\u00e1ximo de dos entradas.<\/p>\n<p>Este torneo est\u00e1 organizado por la <strong>Federaci\u00f3n Vasca de Baloncesto <\/strong>y cuenta con la colaboraci\u00f3n de las tres federaciones territoriales: <strong>Federaci\u00f3n Bizkaina de Baloncesto, Federaci\u00f3n Gipuzkoana de Baloncesto y Federaci\u00f3n Alavesa de Baloncesto<\/strong>. As\u00ed mismo colaboran el <strong>Tabirako ST, el Ayuntamiento de Durango, el Gobierno Vasco, Caf\u00e9s Baqu\u00e9 y Simply.<\/strong><\/p>\n","protected":false},"excerpt":{"rendered":"<p>El torneo se ha presentado esta ma\u00f1ana en Durango.<\/p>\n","protected":false},"author":2,"featured_media":1492,"comment_status":"open","ping_status":"open","sticky":false,"template":"","format":"standard","meta":{"_et_pb_use_builder":"","_et_pb_old_content":"","_et_gb_content_width":"","footnotes":""},"categories":[49,8,446],"tags":[533,668,672,476,478,479,569,486],"class_list":["post-1491","post","type-post","status-publish","format-standard","has-post-thumbnail","hentry","category-aurrekoa","category-endesa-liga","category-hemeroteka","tag-bilbao-basket-eu-2","tag-euskal-kopa-eu-2","tag-fvb-eu-2","tag-gbc-eu-eu","tag-gipuzkoa-basket-eu-2","tag-liga-endesa-eu-2","tag-pretemporada-eu-2","tag-previa-eu-2"],"yoast_head":"<!-- This site is optimized with the Yoast SEO plugin v27.5 - https:\/\/yoast.com\/product\/yoast-seo-wordpress\/ -->\n<title>EL S\u00c1BADO LLEGA LA EUSKAL KOPA |\u00a0 Gipuzkoa Basket<\/title>\n<meta name=\"description\" content=\"Gipuzkoa.Gipuzkoa Basket Club |\u00a0Los triples nos vuelven locos, \u00bfa ti no? | 943 444 428 \u00b7 gipuzkoabasket@gipuzkoabasket.com\" \/>\n<meta name=\"robots\" content=\"index, follow, max-snippet:-1, max-image-preview:large, max-video-preview:-1\" \/>\n<link rel=\"canonical\" href=\"https:\/\/gipuzkoabasket.com\/eu\/el-sabado-llega-la-euskal-kopa\/\" \/>\n<meta property=\"og:locale\" content=\"eu_ES\" \/>\n<meta property=\"og:type\" content=\"article\" \/>\n<meta property=\"og:title\" content=\"EL S\u00c1BADO LLEGA LA EUSKAL KOPA |\u00a0 Gipuzkoa Basket\" \/>\n<meta property=\"og:description\" content=\"Gipuzkoa.Gipuzkoa Basket Club |\u00a0Los triples nos vuelven locos, \u00bfa ti no? | 943 444 428 \u00b7 gipuzkoabasket@gipuzkoabasket.com\" \/>\n<meta property=\"og:url\" content=\"https:\/\/gipuzkoabasket.com\/eu\/el-sabado-llega-la-euskal-kopa\/\" \/>\n<meta property=\"og:site_name\" content=\"Gipuzkoa Basket Club\" \/>\n<meta property=\"article:published_time\" content=\"2017-08-30T15:04:31+00:00\" \/>\n<meta property=\"article:modified_time\" content=\"2023-11-20T17:26:18+00:00\" \/>\n<meta property=\"og:image\" content=\"https:\/\/gipuzkoabasket.com\/wp-content\/uploads\/2017\/10\/euskalkopa.jpg\" \/>\n\t<meta property=\"og:image:width\" content=\"676\" \/>\n\t<meta property=\"og:image:height\" content=\"399\" \/>\n\t<meta property=\"og:image:type\" content=\"image\/jpeg\" \/>\n<meta name=\"author\" content=\"Gipuzkoa Basket\" \/>\n<meta name=\"twitter:card\" content=\"summary_large_image\" \/>\n<meta name=\"twitter:label1\" content=\"Written by\" \/>\n\t<meta name=\"twitter:data1\" content=\"Gipuzkoa Basket\" \/>\n\t<meta name=\"twitter:label2\" content=\"Est. reading time\" \/>\n\t<meta name=\"twitter:data2\" content=\"3 minutes\" \/>\n<script type=\"application\/ld+json\" class=\"yoast-schema-graph\">{\"@context\":\"https:\\\/\\\/schema.org\",\"@graph\":[{\"@type\":\"Article\",\"@id\":\"https:\\\/\\\/gipuzkoabasket.com\\\/eu\\\/el-sabado-llega-la-euskal-kopa\\\/#article\",\"isPartOf\":{\"@id\":\"https:\\\/\\\/gipuzkoabasket.com\\\/eu\\\/el-sabado-llega-la-euskal-kopa\\\/\"},\"author\":{\"name\":\"Gipuzkoa Basket\",\"@id\":\"https:\\\/\\\/gipuzkoabasket.com\\\/eu\\\/#\\\/schema\\\/person\\\/bd3551d543ad11d210e99773b69631a0\"},\"headline\":\"EL S\u00c1BADO LLEGA LA EUSKAL KOPA\",\"datePublished\":\"2017-08-30T15:04:31+00:00\",\"dateModified\":\"2023-11-20T17:26:18+00:00\",\"mainEntityOfPage\":{\"@id\":\"https:\\\/\\\/gipuzkoabasket.com\\\/eu\\\/el-sabado-llega-la-euskal-kopa\\\/\"},\"wordCount\":597,\"commentCount\":0,\"publisher\":{\"@id\":\"https:\\\/\\\/gipuzkoabasket.com\\\/eu\\\/#organization\"},\"image\":{\"@id\":\"https:\\\/\\\/gipuzkoabasket.com\\\/eu\\\/el-sabado-llega-la-euskal-kopa\\\/#primaryimage\"},\"thumbnailUrl\":\"https:\\\/\\\/gipuzkoabasket.com\\\/wp-content\\\/uploads\\\/2017\\\/10\\\/euskalkopa.jpg\",\"keywords\":[\"Bilbao Basket\",\"Euskal Kopa\",\"FVB\",\"GBC\",\"Gipuzkoa Basket\",\"Liga Endesa\",\"Pretemporada\",\"Previa\"],\"articleSection\":[\"Aurrekoa\",\"Endesa Liga\",\"Hemeroteka\"],\"inLanguage\":\"eu-ES\",\"potentialAction\":[{\"@type\":\"CommentAction\",\"name\":\"Comment\",\"target\":[\"https:\\\/\\\/gipuzkoabasket.com\\\/eu\\\/el-sabado-llega-la-euskal-kopa\\\/#respond\"]}]},{\"@type\":\"WebPage\",\"@id\":\"https:\\\/\\\/gipuzkoabasket.com\\\/eu\\\/el-sabado-llega-la-euskal-kopa\\\/\",\"url\":\"https:\\\/\\\/gipuzkoabasket.com\\\/eu\\\/el-sabado-llega-la-euskal-kopa\\\/\",\"name\":\"EL S\u00c1BADO LLEGA LA EUSKAL KOPA |\u00a0 Gipuzkoa Basket\",\"isPartOf\":{\"@id\":\"https:\\\/\\\/gipuzkoabasket.com\\\/eu\\\/#website\"},\"primaryImageOfPage\":{\"@id\":\"https:\\\/\\\/gipuzkoabasket.com\\\/eu\\\/el-sabado-llega-la-euskal-kopa\\\/#primaryimage\"},\"image\":{\"@id\":\"https:\\\/\\\/gipuzkoabasket.com\\\/eu\\\/el-sabado-llega-la-euskal-kopa\\\/#primaryimage\"},\"thumbnailUrl\":\"https:\\\/\\\/gipuzkoabasket.com\\\/wp-content\\\/uploads\\\/2017\\\/10\\\/euskalkopa.jpg\",\"datePublished\":\"2017-08-30T15:04:31+00:00\",\"dateModified\":\"2023-11-20T17:26:18+00:00\",\"description\":\"Gipuzkoa.Gipuzkoa Basket Club |\u00a0Los triples nos vuelven locos, \u00bfa ti no? | 943 444 428 \u00b7 gipuzkoabasket@gipuzkoabasket.com\",\"breadcrumb\":{\"@id\":\"https:\\\/\\\/gipuzkoabasket.com\\\/eu\\\/el-sabado-llega-la-euskal-kopa\\\/#breadcrumb\"},\"inLanguage\":\"eu-ES\",\"potentialAction\":[{\"@type\":\"ReadAction\",\"target\":[\"https:\\\/\\\/gipuzkoabasket.com\\\/eu\\\/el-sabado-llega-la-euskal-kopa\\\/\"]}]},{\"@type\":\"ImageObject\",\"inLanguage\":\"eu-ES\",\"@id\":\"https:\\\/\\\/gipuzkoabasket.com\\\/eu\\\/el-sabado-llega-la-euskal-kopa\\\/#primaryimage\",\"url\":\"https:\\\/\\\/gipuzkoabasket.com\\\/wp-content\\\/uploads\\\/2017\\\/10\\\/euskalkopa.jpg\",\"contentUrl\":\"https:\\\/\\\/gipuzkoabasket.com\\\/wp-content\\\/uploads\\\/2017\\\/10\\\/euskalkopa.jpg\",\"width\":676,\"height\":399},{\"@type\":\"BreadcrumbList\",\"@id\":\"https:\\\/\\\/gipuzkoabasket.com\\\/eu\\\/el-sabado-llega-la-euskal-kopa\\\/#breadcrumb\",\"itemListElement\":[{\"@type\":\"ListItem\",\"position\":1,\"name\":\"Portada\",\"item\":\"https:\\\/\\\/gipuzkoabasket.com\\\/eu\\\/\"},{\"@type\":\"ListItem\",\"position\":2,\"name\":\"EL S\u00c1BADO LLEGA LA EUSKAL KOPA\"}]},{\"@type\":\"WebSite\",\"@id\":\"https:\\\/\\\/gipuzkoabasket.com\\\/eu\\\/#website\",\"url\":\"https:\\\/\\\/gipuzkoabasket.com\\\/eu\\\/\",\"name\":\"Gipuzkoa Basket Club\",\"description\":\"Toda la actualidad del club\",\"publisher\":{\"@id\":\"https:\\\/\\\/gipuzkoabasket.com\\\/eu\\\/#organization\"},\"potentialAction\":[{\"@type\":\"SearchAction\",\"target\":{\"@type\":\"EntryPoint\",\"urlTemplate\":\"https:\\\/\\\/gipuzkoabasket.com\\\/eu\\\/?s={search_term_string}\"},\"query-input\":{\"@type\":\"PropertyValueSpecification\",\"valueRequired\":true,\"valueName\":\"search_term_string\"}}],\"inLanguage\":\"eu-ES\"},{\"@type\":\"Organization\",\"@id\":\"https:\\\/\\\/gipuzkoabasket.com\\\/eu\\\/#organization\",\"name\":\"Gipuzkoa Basket Club\",\"alternateName\":\"Gipuzkoa Basket\",\"url\":\"https:\\\/\\\/gipuzkoabasket.com\\\/eu\\\/\",\"logo\":{\"@type\":\"ImageObject\",\"inLanguage\":\"eu-ES\",\"@id\":\"https:\\\/\\\/gipuzkoabasket.com\\\/eu\\\/#\\\/schema\\\/logo\\\/image\\\/\",\"url\":\"https:\\\/\\\/gipuzkoabasket.com\\\/wp-content\\\/uploads\\\/2023\\\/07\\\/LOGO-GBC-300x300-1.png\",\"contentUrl\":\"https:\\\/\\\/gipuzkoabasket.com\\\/wp-content\\\/uploads\\\/2023\\\/07\\\/LOGO-GBC-300x300-1.png\",\"width\":300,\"height\":300,\"caption\":\"Gipuzkoa Basket Club\"},\"image\":{\"@id\":\"https:\\\/\\\/gipuzkoabasket.com\\\/eu\\\/#\\\/schema\\\/logo\\\/image\\\/\"}},{\"@type\":\"Person\",\"@id\":\"https:\\\/\\\/gipuzkoabasket.com\\\/eu\\\/#\\\/schema\\\/person\\\/bd3551d543ad11d210e99773b69631a0\",\"name\":\"Gipuzkoa Basket\",\"image\":{\"@type\":\"ImageObject\",\"inLanguage\":\"eu-ES\",\"@id\":\"https:\\\/\\\/secure.gravatar.com\\\/avatar\\\/e5b959b6b0321efa5df7c766774c837369fb264465d34f031005235bf80ef231?s=96&d=mm&r=g\",\"url\":\"https:\\\/\\\/secure.gravatar.com\\\/avatar\\\/e5b959b6b0321efa5df7c766774c837369fb264465d34f031005235bf80ef231?s=96&d=mm&r=g\",\"contentUrl\":\"https:\\\/\\\/secure.gravatar.com\\\/avatar\\\/e5b959b6b0321efa5df7c766774c837369fb264465d34f031005235bf80ef231?s=96&d=mm&r=g\",\"caption\":\"Gipuzkoa Basket\"},\"url\":\"https:\\\/\\\/gipuzkoabasket.com\\\/eu\\\/author\\\/gipuzkoa-basket\\\/\"}]}<\/script>\n<!-- \/ Yoast SEO plugin. -->","yoast_head_json":{"title":"EL S\u00c1BADO LLEGA LA EUSKAL KOPA |\u00a0 Gipuzkoa Basket","description":"Gipuzkoa.Gipuzkoa Basket Club |\u00a0Los triples nos vuelven locos, \u00bfa ti no? | 943 444 428 \u00b7 gipuzkoabasket@gipuzkoabasket.com","robots":{"index":"index","follow":"follow","max-snippet":"max-snippet:-1","max-image-preview":"max-image-preview:large","max-video-preview":"max-video-preview:-1"},"canonical":"https:\/\/gipuzkoabasket.com\/eu\/el-sabado-llega-la-euskal-kopa\/","og_locale":"eu_ES","og_type":"article","og_title":"EL S\u00c1BADO LLEGA LA EUSKAL KOPA |\u00a0 Gipuzkoa Basket","og_description":"Gipuzkoa.Gipuzkoa Basket Club |\u00a0Los triples nos vuelven locos, \u00bfa ti no? | 943 444 428 \u00b7 gipuzkoabasket@gipuzkoabasket.com","og_url":"https:\/\/gipuzkoabasket.com\/eu\/el-sabado-llega-la-euskal-kopa\/","og_site_name":"Gipuzkoa Basket Club","article_published_time":"2017-08-30T15:04:31+00:00","article_modified_time":"2023-11-20T17:26:18+00:00","og_image":[{"width":676,"height":399,"url":"https:\/\/gipuzkoabasket.com\/wp-content\/uploads\/2017\/10\/euskalkopa.jpg","type":"image\/jpeg"}],"author":"Gipuzkoa Basket","twitter_card":"summary_large_image","twitter_misc":{"Written by":"Gipuzkoa Basket","Est. reading time":"3 minutes"},"schema":{"@context":"https:\/\/schema.org","@graph":[{"@type":"Article","@id":"https:\/\/gipuzkoabasket.com\/eu\/el-sabado-llega-la-euskal-kopa\/#article","isPartOf":{"@id":"https:\/\/gipuzkoabasket.com\/eu\/el-sabado-llega-la-euskal-kopa\/"},"author":{"name":"Gipuzkoa Basket","@id":"https:\/\/gipuzkoabasket.com\/eu\/#\/schema\/person\/bd3551d543ad11d210e99773b69631a0"},"headline":"EL S\u00c1BADO LLEGA LA EUSKAL KOPA","datePublished":"2017-08-30T15:04:31+00:00","dateModified":"2023-11-20T17:26:18+00:00","mainEntityOfPage":{"@id":"https:\/\/gipuzkoabasket.com\/eu\/el-sabado-llega-la-euskal-kopa\/"},"wordCount":597,"commentCount":0,"publisher":{"@id":"https:\/\/gipuzkoabasket.com\/eu\/#organization"},"image":{"@id":"https:\/\/gipuzkoabasket.com\/eu\/el-sabado-llega-la-euskal-kopa\/#primaryimage"},"thumbnailUrl":"https:\/\/gipuzkoabasket.com\/wp-content\/uploads\/2017\/10\/euskalkopa.jpg","keywords":["Bilbao Basket","Euskal Kopa","FVB","GBC","Gipuzkoa Basket","Liga Endesa","Pretemporada","Previa"],"articleSection":["Aurrekoa","Endesa Liga","Hemeroteka"],"inLanguage":"eu-ES","potentialAction":[{"@type":"CommentAction","name":"Comment","target":["https:\/\/gipuzkoabasket.com\/eu\/el-sabado-llega-la-euskal-kopa\/#respond"]}]},{"@type":"WebPage","@id":"https:\/\/gipuzkoabasket.com\/eu\/el-sabado-llega-la-euskal-kopa\/","url":"https:\/\/gipuzkoabasket.com\/eu\/el-sabado-llega-la-euskal-kopa\/","name":"EL S\u00c1BADO LLEGA LA EUSKAL KOPA |\u00a0 Gipuzkoa Basket","isPartOf":{"@id":"https:\/\/gipuzkoabasket.com\/eu\/#website"},"primaryImageOfPage":{"@id":"https:\/\/gipuzkoabasket.com\/eu\/el-sabado-llega-la-euskal-kopa\/#primaryimage"},"image":{"@id":"https:\/\/gipuzkoabasket.com\/eu\/el-sabado-llega-la-euskal-kopa\/#primaryimage"},"thumbnailUrl":"https:\/\/gipuzkoabasket.com\/wp-content\/uploads\/2017\/10\/euskalkopa.jpg","datePublished":"2017-08-30T15:04:31+00:00","dateModified":"2023-11-20T17:26:18+00:00","description":"Gipuzkoa.Gipuzkoa Basket Club |\u00a0Los triples nos vuelven locos, \u00bfa ti no? | 943 444 428 \u00b7 gipuzkoabasket@gipuzkoabasket.com","breadcrumb":{"@id":"https:\/\/gipuzkoabasket.com\/eu\/el-sabado-llega-la-euskal-kopa\/#breadcrumb"},"inLanguage":"eu-ES","potentialAction":[{"@type":"ReadAction","target":["https:\/\/gipuzkoabasket.com\/eu\/el-sabado-llega-la-euskal-kopa\/"]}]},{"@type":"ImageObject","inLanguage":"eu-ES","@id":"https:\/\/gipuzkoabasket.com\/eu\/el-sabado-llega-la-euskal-kopa\/#primaryimage","url":"https:\/\/gipuzkoabasket.com\/wp-content\/uploads\/2017\/10\/euskalkopa.jpg","contentUrl":"https:\/\/gipuzkoabasket.com\/wp-content\/uploads\/2017\/10\/euskalkopa.jpg","width":676,"height":399},{"@type":"BreadcrumbList","@id":"https:\/\/gipuzkoabasket.com\/eu\/el-sabado-llega-la-euskal-kopa\/#breadcrumb","itemListElement":[{"@type":"ListItem","position":1,"name":"Portada","item":"https:\/\/gipuzkoabasket.com\/eu\/"},{"@type":"ListItem","position":2,"name":"EL S\u00c1BADO LLEGA LA EUSKAL KOPA"}]},{"@type":"WebSite","@id":"https:\/\/gipuzkoabasket.com\/eu\/#website","url":"https:\/\/gipuzkoabasket.com\/eu\/","name":"Gipuzkoa Basket Club","description":"Toda la actualidad del club","publisher":{"@id":"https:\/\/gipuzkoabasket.com\/eu\/#organization"},"potentialAction":[{"@type":"SearchAction","target":{"@type":"EntryPoint","urlTemplate":"https:\/\/gipuzkoabasket.com\/eu\/?s={search_term_string}"},"query-input":{"@type":"PropertyValueSpecification","valueRequired":true,"valueName":"search_term_string"}}],"inLanguage":"eu-ES"},{"@type":"Organization","@id":"https:\/\/gipuzkoabasket.com\/eu\/#organization","name":"Gipuzkoa Basket Club","alternateName":"Gipuzkoa Basket","url":"https:\/\/gipuzkoabasket.com\/eu\/","logo":{"@type":"ImageObject","inLanguage":"eu-ES","@id":"https:\/\/gipuzkoabasket.com\/eu\/#\/schema\/logo\/image\/","url":"https:\/\/gipuzkoabasket.com\/wp-content\/uploads\/2023\/07\/LOGO-GBC-300x300-1.png","contentUrl":"https:\/\/gipuzkoabasket.com\/wp-content\/uploads\/2023\/07\/LOGO-GBC-300x300-1.png","width":300,"height":300,"caption":"Gipuzkoa Basket Club"},"image":{"@id":"https:\/\/gipuzkoabasket.com\/eu\/#\/schema\/logo\/image\/"}},{"@type":"Person","@id":"https:\/\/gipuzkoabasket.com\/eu\/#\/schema\/person\/bd3551d543ad11d210e99773b69631a0","name":"Gipuzkoa Basket","image":{"@type":"ImageObject","inLanguage":"eu-ES","@id":"https:\/\/secure.gravatar.com\/avatar\/e5b959b6b0321efa5df7c766774c837369fb264465d34f031005235bf80ef231?s=96&d=mm&r=g","url":"https:\/\/secure.gravatar.com\/avatar\/e5b959b6b0321efa5df7c766774c837369fb264465d34f031005235bf80ef231?s=96&d=mm&r=g","contentUrl":"https:\/\/secure.gravatar.com\/avatar\/e5b959b6b0321efa5df7c766774c837369fb264465d34f031005235bf80ef231?s=96&d=mm&r=g","caption":"Gipuzkoa Basket"},"url":"https:\/\/gipuzkoabasket.com\/eu\/author\/gipuzkoa-basket\/"}]}},"_links":{"self":[{"href":"https:\/\/gipuzkoabasket.com\/eu\/wp-json\/wp\/v2\/posts\/1491","targetHints":{"allow":["GET"]}}],"collection":[{"href":"https:\/\/gipuzkoabasket.com\/eu\/wp-json\/wp\/v2\/posts"}],"about":[{"href":"https:\/\/gipuzkoabasket.com\/eu\/wp-json\/wp\/v2\/types\/post"}],"author":[{"embeddable":true,"href":"https:\/\/gipuzkoabasket.com\/eu\/wp-json\/wp\/v2\/users\/2"}],"replies":[{"embeddable":true,"href":"https:\/\/gipuzkoabasket.com\/eu\/wp-json\/wp\/v2\/comments?post=1491"}],"version-history":[{"count":1,"href":"https:\/\/gipuzkoabasket.com\/eu\/wp-json\/wp\/v2\/posts\/1491\/revisions"}],"predecessor-version":[{"id":22048,"href":"https:\/\/gipuzkoabasket.com\/eu\/wp-json\/wp\/v2\/posts\/1491\/revisions\/22048"}],"wp:featuredmedia":[{"embeddable":true,"href":"https:\/\/gipuzkoabasket.com\/eu\/wp-json\/wp\/v2\/media\/1492"}],"wp:attachment":[{"href":"https:\/\/gipuzkoabasket.com\/eu\/wp-json\/wp\/v2\/media?parent=1491"}],"wp:term":[{"taxonomy":"category","embeddable":true,"href":"https:\/\/gipuzkoabasket.com\/eu\/wp-json\/wp\/v2\/categories?post=1491"},{"taxonomy":"post_tag","embeddable":true,"href":"https:\/\/gipuzkoabasket.com\/eu\/wp-json\/wp\/v2\/tags?post=1491"}],"curies":[{"name":"wp","href":"https:\/\/api.w.org\/{rel}","templated":true}]}}