{"id":1502,"date":"2017-08-29T15:51:51","date_gmt":"2017-08-29T13:51:51","guid":{"rendered":"http:\/\/www.gipuzkoabasket.com\/?p=1502\/"},"modified":"2023-11-20T18:26:20","modified_gmt":"2023-11-20T17:26:20","slug":"miquel-salvo-hemos-venido-para-quedarnos","status":"publish","type":"post","link":"https:\/\/gipuzkoabasket.com\/eu\/miquel-salvo-hemos-venido-para-quedarnos\/","title":{"rendered":"MIQUEL SALV\u00d3: &#8220;HEMOS VENIDO PARA QUEDARNOS&#8221;"},"content":{"rendered":"<p>Acompa\u00f1ado por la presidenta Nekane Arzallus, Miquel Salv\u00f3 ha comparecido hoy ante los medios y la afici\u00f3n en el local de Domino\u00b4s Pizza del barrio del Antiguo de Donostia.<\/p>\n<p>Tras fotografiarse con los aficionados y firmar algunos aut\u00f3grafos, las primeras palabras de Salv\u00f3 han sido de agradecimiento tanto al club como a Porfi Fisac la confianza depositada en \u00e9l para esta nueva etapa del Gipuzkoa Basket. &#8220;Es un honor y un placer vestir los colores del GBC esta temporada, y espero que podamos conseguir el mayor n\u00famero de victorias posible, hacer un gran a\u00f1o y enganchar a la afici\u00f3n&#8221;.<\/p>\n<p>Se trata de la primera experiencia del alero catal\u00e1n en la Liga Endesa, una gran oportunidad para el joven de 22 a\u00f1os, que ha confesado que, lejos de considerarlo un h\u00e1ndicap, &#8220;a base de trabajo y sacrificio este a\u00f1o conseguiremos grandes cosas. No hemos venido a pasar el rato, hemos venido para quedarnos&#8221;. El jugador ha reconocido que la ambici\u00f3n debe ser uno de los puntos fuertes del equipo esta temporada. &#8220;Sabemos que somos una de las plantillas m\u00e1s humildes pero a trabajo y a ganas no nos puede ganar nadie&#8221;, ha confesado.<\/p>\n<p>El encuentro frente a Herbalife Gran Canaria ser\u00e1 su debut en la m\u00e1xima categor\u00eda, algo que afronta con ilusi\u00f3n pero con una perspectiva muy profesional: &#8220;va a ser especial pero es un partido m\u00e1s, es baloncesto. Lo tengo que ver as\u00ed, no me va a poner nervioso, tengo los pies en el suelo. Espero que sean muchos partidos m\u00e1s en la Liga Endesa&#8221;.<\/p>\n<p>La de Salv\u00f3 es una de las apuestas de futuro del Gipuzkoa Basket, que ha confiado en \u00e9l con un contrato de dos a\u00f1os con posibilidad de dos m\u00e1s , algo que el jugador destaca y agradece. &#8220;Desde que me hicieron esta oferta no dud\u00e9 en venir aqu\u00ed. S\u00e9 que es un gran club, y una gran ciudad con mucha tradici\u00f3n de baloncesto y no lo dud\u00e9. S\u00e9 que es un gran sitio para seguir mejorando&#8221;.<\/p>\n<p>El catal\u00e1n a\u00fan recuerda el &#8220;sufrimiento&#8221; que tuvo que vivir la pasada temporada como visitante en el Gasca, con su afici\u00f3n y su ambiente, comentando que &#8220;fue una derrota muy dura porque nos ganaron el primer puesto y el average, pero este a\u00f1o espero poder disfrutarlo&#8221;.<\/p>\n<p>Es en ese mismo pabell\u00f3n se encuentra trabajando estas semanas de pretemporada con su nuevo equipo, donde ha asegurado estar &#8220;sudando much\u00edsimo, pero lo mejor es que veo mucha ambici\u00f3n y trabajo, y creo que eso es la base de todo. Estamos empezando ya a hacer cosas como grupo, conocernos m\u00e1s, y poco a poco van a surgir cosas muy bonitas&#8221;.<\/p>\n<p>Al finalizar la presentaci\u00f3n, Nekane Arzallus ha aprovechado la ocasi\u00f3n para recordar a todos los aficionados que se acerquen a las oficinas del club para sumarse a esta nueva e ilusionante temporada en la Liga Endesa. &#8220;Va a ser un a\u00f1o en el que vamos a disfrutar con estos jugadores que lo van a dar todo&#8221;, ha destacado.<\/p>\n","protected":false},"excerpt":{"rendered":"<p>El alero catal\u00e1n ha sido presentado en Domino\u00b4s Pizza esta ma\u00f1ana.<\/p>\n","protected":false},"author":2,"featured_media":1503,"comment_status":"open","ping_status":"open","sticky":false,"template":"","format":"standard","meta":{"_et_pb_use_builder":"","_et_pb_old_content":"","_et_gb_content_width":"","footnotes":""},"categories":[5,44,8,446],"tags":[590,476,478,479,568,548,565],"class_list":["post-1502","post","type-post","status-publish","format-standard","has-post-thumbnail","hentry","category-babesleak","category-elkarrizketak","category-endesa-liga","category-hemeroteka","tag-dominos-eu-2","tag-gbc-eu-eu","tag-gipuzkoa-basket-eu-2","tag-liga-endesa-eu-2","tag-miquel-salvo-eu-2","tag-nekane-arzallus-eu-2","tag-presentacion-eu-2"],"yoast_head":"<!-- This site is optimized with the Yoast SEO plugin v27.5 - https:\/\/yoast.com\/product\/yoast-seo-wordpress\/ -->\n<title>MIQUEL SALV\u00d3: &quot;HEMOS VENIDO PARA QUEDARNOS&quot; |\u00a0 Gipuzkoa Basket<\/title>\n<meta name=\"description\" content=\"Gipuzkoa.Gipuzkoa Basket Club |\u00a0Los triples nos vuelven locos, \u00bfa ti no? | 943 444 428 \u00b7 gipuzkoabasket@gipuzkoabasket.com\" \/>\n<meta name=\"robots\" content=\"index, follow, max-snippet:-1, max-image-preview:large, max-video-preview:-1\" \/>\n<link rel=\"canonical\" href=\"https:\/\/gipuzkoabasket.com\/eu\/miquel-salvo-hemos-venido-para-quedarnos\/\" \/>\n<meta property=\"og:locale\" content=\"eu_ES\" \/>\n<meta property=\"og:type\" content=\"article\" \/>\n<meta property=\"og:title\" content=\"MIQUEL SALV\u00d3: &quot;HEMOS VENIDO PARA QUEDARNOS&quot; |\u00a0 Gipuzkoa Basket\" \/>\n<meta property=\"og:description\" content=\"Gipuzkoa.Gipuzkoa Basket Club |\u00a0Los triples nos vuelven locos, \u00bfa ti no? | 943 444 428 \u00b7 gipuzkoabasket@gipuzkoabasket.com\" \/>\n<meta property=\"og:url\" content=\"https:\/\/gipuzkoabasket.com\/eu\/miquel-salvo-hemos-venido-para-quedarnos\/\" \/>\n<meta property=\"og:site_name\" content=\"Gipuzkoa Basket Club\" \/>\n<meta property=\"article:published_time\" content=\"2017-08-29T13:51:51+00:00\" \/>\n<meta property=\"article:modified_time\" content=\"2023-11-20T17:26:20+00:00\" \/>\n<meta property=\"og:image\" content=\"https:\/\/gipuzkoabasket.com\/wp-content\/uploads\/2017\/10\/salvo.jpg\" \/>\n\t<meta property=\"og:image:width\" content=\"676\" \/>\n\t<meta property=\"og:image:height\" content=\"399\" \/>\n\t<meta property=\"og:image:type\" content=\"image\/jpeg\" \/>\n<meta name=\"author\" content=\"Gipuzkoa Basket\" \/>\n<meta name=\"twitter:card\" content=\"summary_large_image\" \/>\n<meta name=\"twitter:label1\" content=\"Written by\" \/>\n\t<meta name=\"twitter:data1\" content=\"Gipuzkoa Basket\" \/>\n\t<meta name=\"twitter:label2\" content=\"Est. reading time\" \/>\n\t<meta name=\"twitter:data2\" content=\"3 minutes\" \/>\n<script type=\"application\/ld+json\" class=\"yoast-schema-graph\">{\"@context\":\"https:\\\/\\\/schema.org\",\"@graph\":[{\"@type\":\"Article\",\"@id\":\"https:\\\/\\\/gipuzkoabasket.com\\\/eu\\\/miquel-salvo-hemos-venido-para-quedarnos\\\/#article\",\"isPartOf\":{\"@id\":\"https:\\\/\\\/gipuzkoabasket.com\\\/eu\\\/miquel-salvo-hemos-venido-para-quedarnos\\\/\"},\"author\":{\"name\":\"Gipuzkoa Basket\",\"@id\":\"https:\\\/\\\/gipuzkoabasket.com\\\/eu\\\/#\\\/schema\\\/person\\\/bd3551d543ad11d210e99773b69631a0\"},\"headline\":\"MIQUEL SALV\u00d3: &#8220;HEMOS VENIDO PARA QUEDARNOS&#8221;\",\"datePublished\":\"2017-08-29T13:51:51+00:00\",\"dateModified\":\"2023-11-20T17:26:20+00:00\",\"mainEntityOfPage\":{\"@id\":\"https:\\\/\\\/gipuzkoabasket.com\\\/eu\\\/miquel-salvo-hemos-venido-para-quedarnos\\\/\"},\"wordCount\":532,\"commentCount\":0,\"publisher\":{\"@id\":\"https:\\\/\\\/gipuzkoabasket.com\\\/eu\\\/#organization\"},\"image\":{\"@id\":\"https:\\\/\\\/gipuzkoabasket.com\\\/eu\\\/miquel-salvo-hemos-venido-para-quedarnos\\\/#primaryimage\"},\"thumbnailUrl\":\"https:\\\/\\\/gipuzkoabasket.com\\\/wp-content\\\/uploads\\\/2017\\\/10\\\/salvo.jpg\",\"keywords\":[\"Domino\u00b4s\",\"GBC\",\"Gipuzkoa Basket\",\"Liga Endesa\",\"Miquel Salv\u00f3\",\"Nekane Arzallus\",\"Presentaci\u00f3n\"],\"articleSection\":[\"Babesleak\",\"Elkarrizketak\",\"Endesa Liga\",\"Hemeroteka\"],\"inLanguage\":\"eu-ES\",\"potentialAction\":[{\"@type\":\"CommentAction\",\"name\":\"Comment\",\"target\":[\"https:\\\/\\\/gipuzkoabasket.com\\\/eu\\\/miquel-salvo-hemos-venido-para-quedarnos\\\/#respond\"]}]},{\"@type\":\"WebPage\",\"@id\":\"https:\\\/\\\/gipuzkoabasket.com\\\/eu\\\/miquel-salvo-hemos-venido-para-quedarnos\\\/\",\"url\":\"https:\\\/\\\/gipuzkoabasket.com\\\/eu\\\/miquel-salvo-hemos-venido-para-quedarnos\\\/\",\"name\":\"MIQUEL SALV\u00d3: \\\"HEMOS VENIDO PARA QUEDARNOS\\\" |\u00a0 Gipuzkoa Basket\",\"isPartOf\":{\"@id\":\"https:\\\/\\\/gipuzkoabasket.com\\\/eu\\\/#website\"},\"primaryImageOfPage\":{\"@id\":\"https:\\\/\\\/gipuzkoabasket.com\\\/eu\\\/miquel-salvo-hemos-venido-para-quedarnos\\\/#primaryimage\"},\"image\":{\"@id\":\"https:\\\/\\\/gipuzkoabasket.com\\\/eu\\\/miquel-salvo-hemos-venido-para-quedarnos\\\/#primaryimage\"},\"thumbnailUrl\":\"https:\\\/\\\/gipuzkoabasket.com\\\/wp-content\\\/uploads\\\/2017\\\/10\\\/salvo.jpg\",\"datePublished\":\"2017-08-29T13:51:51+00:00\",\"dateModified\":\"2023-11-20T17:26:20+00:00\",\"description\":\"Gipuzkoa.Gipuzkoa Basket Club |\u00a0Los triples nos vuelven locos, \u00bfa ti no? | 943 444 428 \u00b7 gipuzkoabasket@gipuzkoabasket.com\",\"breadcrumb\":{\"@id\":\"https:\\\/\\\/gipuzkoabasket.com\\\/eu\\\/miquel-salvo-hemos-venido-para-quedarnos\\\/#breadcrumb\"},\"inLanguage\":\"eu-ES\",\"potentialAction\":[{\"@type\":\"ReadAction\",\"target\":[\"https:\\\/\\\/gipuzkoabasket.com\\\/eu\\\/miquel-salvo-hemos-venido-para-quedarnos\\\/\"]}]},{\"@type\":\"ImageObject\",\"inLanguage\":\"eu-ES\",\"@id\":\"https:\\\/\\\/gipuzkoabasket.com\\\/eu\\\/miquel-salvo-hemos-venido-para-quedarnos\\\/#primaryimage\",\"url\":\"https:\\\/\\\/gipuzkoabasket.com\\\/wp-content\\\/uploads\\\/2017\\\/10\\\/salvo.jpg\",\"contentUrl\":\"https:\\\/\\\/gipuzkoabasket.com\\\/wp-content\\\/uploads\\\/2017\\\/10\\\/salvo.jpg\",\"width\":676,\"height\":399},{\"@type\":\"BreadcrumbList\",\"@id\":\"https:\\\/\\\/gipuzkoabasket.com\\\/eu\\\/miquel-salvo-hemos-venido-para-quedarnos\\\/#breadcrumb\",\"itemListElement\":[{\"@type\":\"ListItem\",\"position\":1,\"name\":\"Portada\",\"item\":\"https:\\\/\\\/gipuzkoabasket.com\\\/eu\\\/\"},{\"@type\":\"ListItem\",\"position\":2,\"name\":\"MIQUEL SALV\u00d3: &#8220;HEMOS VENIDO PARA QUEDARNOS&#8221;\"}]},{\"@type\":\"WebSite\",\"@id\":\"https:\\\/\\\/gipuzkoabasket.com\\\/eu\\\/#website\",\"url\":\"https:\\\/\\\/gipuzkoabasket.com\\\/eu\\\/\",\"name\":\"Gipuzkoa Basket Club\",\"description\":\"Toda la actualidad del club\",\"publisher\":{\"@id\":\"https:\\\/\\\/gipuzkoabasket.com\\\/eu\\\/#organization\"},\"potentialAction\":[{\"@type\":\"SearchAction\",\"target\":{\"@type\":\"EntryPoint\",\"urlTemplate\":\"https:\\\/\\\/gipuzkoabasket.com\\\/eu\\\/?s={search_term_string}\"},\"query-input\":{\"@type\":\"PropertyValueSpecification\",\"valueRequired\":true,\"valueName\":\"search_term_string\"}}],\"inLanguage\":\"eu-ES\"},{\"@type\":\"Organization\",\"@id\":\"https:\\\/\\\/gipuzkoabasket.com\\\/eu\\\/#organization\",\"name\":\"Gipuzkoa Basket Club\",\"alternateName\":\"Gipuzkoa Basket\",\"url\":\"https:\\\/\\\/gipuzkoabasket.com\\\/eu\\\/\",\"logo\":{\"@type\":\"ImageObject\",\"inLanguage\":\"eu-ES\",\"@id\":\"https:\\\/\\\/gipuzkoabasket.com\\\/eu\\\/#\\\/schema\\\/logo\\\/image\\\/\",\"url\":\"https:\\\/\\\/gipuzkoabasket.com\\\/wp-content\\\/uploads\\\/2023\\\/07\\\/LOGO-GBC-300x300-1.png\",\"contentUrl\":\"https:\\\/\\\/gipuzkoabasket.com\\\/wp-content\\\/uploads\\\/2023\\\/07\\\/LOGO-GBC-300x300-1.png\",\"width\":300,\"height\":300,\"caption\":\"Gipuzkoa Basket Club\"},\"image\":{\"@id\":\"https:\\\/\\\/gipuzkoabasket.com\\\/eu\\\/#\\\/schema\\\/logo\\\/image\\\/\"}},{\"@type\":\"Person\",\"@id\":\"https:\\\/\\\/gipuzkoabasket.com\\\/eu\\\/#\\\/schema\\\/person\\\/bd3551d543ad11d210e99773b69631a0\",\"name\":\"Gipuzkoa Basket\",\"image\":{\"@type\":\"ImageObject\",\"inLanguage\":\"eu-ES\",\"@id\":\"https:\\\/\\\/secure.gravatar.com\\\/avatar\\\/e5b959b6b0321efa5df7c766774c837369fb264465d34f031005235bf80ef231?s=96&d=mm&r=g\",\"url\":\"https:\\\/\\\/secure.gravatar.com\\\/avatar\\\/e5b959b6b0321efa5df7c766774c837369fb264465d34f031005235bf80ef231?s=96&d=mm&r=g\",\"contentUrl\":\"https:\\\/\\\/secure.gravatar.com\\\/avatar\\\/e5b959b6b0321efa5df7c766774c837369fb264465d34f031005235bf80ef231?s=96&d=mm&r=g\",\"caption\":\"Gipuzkoa Basket\"},\"url\":\"https:\\\/\\\/gipuzkoabasket.com\\\/eu\\\/author\\\/gipuzkoa-basket\\\/\"}]}<\/script>\n<!-- \/ Yoast SEO plugin. -->","yoast_head_json":{"title":"MIQUEL SALV\u00d3: \"HEMOS VENIDO PARA QUEDARNOS\" |\u00a0 Gipuzkoa Basket","description":"Gipuzkoa.Gipuzkoa Basket Club |\u00a0Los triples nos vuelven locos, \u00bfa ti no? | 943 444 428 \u00b7 gipuzkoabasket@gipuzkoabasket.com","robots":{"index":"index","follow":"follow","max-snippet":"max-snippet:-1","max-image-preview":"max-image-preview:large","max-video-preview":"max-video-preview:-1"},"canonical":"https:\/\/gipuzkoabasket.com\/eu\/miquel-salvo-hemos-venido-para-quedarnos\/","og_locale":"eu_ES","og_type":"article","og_title":"MIQUEL SALV\u00d3: \"HEMOS VENIDO PARA QUEDARNOS\" |\u00a0 Gipuzkoa Basket","og_description":"Gipuzkoa.Gipuzkoa Basket Club |\u00a0Los triples nos vuelven locos, \u00bfa ti no? | 943 444 428 \u00b7 gipuzkoabasket@gipuzkoabasket.com","og_url":"https:\/\/gipuzkoabasket.com\/eu\/miquel-salvo-hemos-venido-para-quedarnos\/","og_site_name":"Gipuzkoa Basket Club","article_published_time":"2017-08-29T13:51:51+00:00","article_modified_time":"2023-11-20T17:26:20+00:00","og_image":[{"width":676,"height":399,"url":"https:\/\/gipuzkoabasket.com\/wp-content\/uploads\/2017\/10\/salvo.jpg","type":"image\/jpeg"}],"author":"Gipuzkoa Basket","twitter_card":"summary_large_image","twitter_misc":{"Written by":"Gipuzkoa Basket","Est. reading time":"3 minutes"},"schema":{"@context":"https:\/\/schema.org","@graph":[{"@type":"Article","@id":"https:\/\/gipuzkoabasket.com\/eu\/miquel-salvo-hemos-venido-para-quedarnos\/#article","isPartOf":{"@id":"https:\/\/gipuzkoabasket.com\/eu\/miquel-salvo-hemos-venido-para-quedarnos\/"},"author":{"name":"Gipuzkoa Basket","@id":"https:\/\/gipuzkoabasket.com\/eu\/#\/schema\/person\/bd3551d543ad11d210e99773b69631a0"},"headline":"MIQUEL SALV\u00d3: &#8220;HEMOS VENIDO PARA QUEDARNOS&#8221;","datePublished":"2017-08-29T13:51:51+00:00","dateModified":"2023-11-20T17:26:20+00:00","mainEntityOfPage":{"@id":"https:\/\/gipuzkoabasket.com\/eu\/miquel-salvo-hemos-venido-para-quedarnos\/"},"wordCount":532,"commentCount":0,"publisher":{"@id":"https:\/\/gipuzkoabasket.com\/eu\/#organization"},"image":{"@id":"https:\/\/gipuzkoabasket.com\/eu\/miquel-salvo-hemos-venido-para-quedarnos\/#primaryimage"},"thumbnailUrl":"https:\/\/gipuzkoabasket.com\/wp-content\/uploads\/2017\/10\/salvo.jpg","keywords":["Domino\u00b4s","GBC","Gipuzkoa Basket","Liga Endesa","Miquel Salv\u00f3","Nekane Arzallus","Presentaci\u00f3n"],"articleSection":["Babesleak","Elkarrizketak","Endesa Liga","Hemeroteka"],"inLanguage":"eu-ES","potentialAction":[{"@type":"CommentAction","name":"Comment","target":["https:\/\/gipuzkoabasket.com\/eu\/miquel-salvo-hemos-venido-para-quedarnos\/#respond"]}]},{"@type":"WebPage","@id":"https:\/\/gipuzkoabasket.com\/eu\/miquel-salvo-hemos-venido-para-quedarnos\/","url":"https:\/\/gipuzkoabasket.com\/eu\/miquel-salvo-hemos-venido-para-quedarnos\/","name":"MIQUEL SALV\u00d3: \"HEMOS VENIDO PARA QUEDARNOS\" |\u00a0 Gipuzkoa Basket","isPartOf":{"@id":"https:\/\/gipuzkoabasket.com\/eu\/#website"},"primaryImageOfPage":{"@id":"https:\/\/gipuzkoabasket.com\/eu\/miquel-salvo-hemos-venido-para-quedarnos\/#primaryimage"},"image":{"@id":"https:\/\/gipuzkoabasket.com\/eu\/miquel-salvo-hemos-venido-para-quedarnos\/#primaryimage"},"thumbnailUrl":"https:\/\/gipuzkoabasket.com\/wp-content\/uploads\/2017\/10\/salvo.jpg","datePublished":"2017-08-29T13:51:51+00:00","dateModified":"2023-11-20T17:26:20+00:00","description":"Gipuzkoa.Gipuzkoa Basket Club |\u00a0Los triples nos vuelven locos, \u00bfa ti no? | 943 444 428 \u00b7 gipuzkoabasket@gipuzkoabasket.com","breadcrumb":{"@id":"https:\/\/gipuzkoabasket.com\/eu\/miquel-salvo-hemos-venido-para-quedarnos\/#breadcrumb"},"inLanguage":"eu-ES","potentialAction":[{"@type":"ReadAction","target":["https:\/\/gipuzkoabasket.com\/eu\/miquel-salvo-hemos-venido-para-quedarnos\/"]}]},{"@type":"ImageObject","inLanguage":"eu-ES","@id":"https:\/\/gipuzkoabasket.com\/eu\/miquel-salvo-hemos-venido-para-quedarnos\/#primaryimage","url":"https:\/\/gipuzkoabasket.com\/wp-content\/uploads\/2017\/10\/salvo.jpg","contentUrl":"https:\/\/gipuzkoabasket.com\/wp-content\/uploads\/2017\/10\/salvo.jpg","width":676,"height":399},{"@type":"BreadcrumbList","@id":"https:\/\/gipuzkoabasket.com\/eu\/miquel-salvo-hemos-venido-para-quedarnos\/#breadcrumb","itemListElement":[{"@type":"ListItem","position":1,"name":"Portada","item":"https:\/\/gipuzkoabasket.com\/eu\/"},{"@type":"ListItem","position":2,"name":"MIQUEL SALV\u00d3: &#8220;HEMOS VENIDO PARA QUEDARNOS&#8221;"}]},{"@type":"WebSite","@id":"https:\/\/gipuzkoabasket.com\/eu\/#website","url":"https:\/\/gipuzkoabasket.com\/eu\/","name":"Gipuzkoa Basket Club","description":"Toda la actualidad del club","publisher":{"@id":"https:\/\/gipuzkoabasket.com\/eu\/#organization"},"potentialAction":[{"@type":"SearchAction","target":{"@type":"EntryPoint","urlTemplate":"https:\/\/gipuzkoabasket.com\/eu\/?s={search_term_string}"},"query-input":{"@type":"PropertyValueSpecification","valueRequired":true,"valueName":"search_term_string"}}],"inLanguage":"eu-ES"},{"@type":"Organization","@id":"https:\/\/gipuzkoabasket.com\/eu\/#organization","name":"Gipuzkoa Basket Club","alternateName":"Gipuzkoa Basket","url":"https:\/\/gipuzkoabasket.com\/eu\/","logo":{"@type":"ImageObject","inLanguage":"eu-ES","@id":"https:\/\/gipuzkoabasket.com\/eu\/#\/schema\/logo\/image\/","url":"https:\/\/gipuzkoabasket.com\/wp-content\/uploads\/2023\/07\/LOGO-GBC-300x300-1.png","contentUrl":"https:\/\/gipuzkoabasket.com\/wp-content\/uploads\/2023\/07\/LOGO-GBC-300x300-1.png","width":300,"height":300,"caption":"Gipuzkoa Basket Club"},"image":{"@id":"https:\/\/gipuzkoabasket.com\/eu\/#\/schema\/logo\/image\/"}},{"@type":"Person","@id":"https:\/\/gipuzkoabasket.com\/eu\/#\/schema\/person\/bd3551d543ad11d210e99773b69631a0","name":"Gipuzkoa Basket","image":{"@type":"ImageObject","inLanguage":"eu-ES","@id":"https:\/\/secure.gravatar.com\/avatar\/e5b959b6b0321efa5df7c766774c837369fb264465d34f031005235bf80ef231?s=96&d=mm&r=g","url":"https:\/\/secure.gravatar.com\/avatar\/e5b959b6b0321efa5df7c766774c837369fb264465d34f031005235bf80ef231?s=96&d=mm&r=g","contentUrl":"https:\/\/secure.gravatar.com\/avatar\/e5b959b6b0321efa5df7c766774c837369fb264465d34f031005235bf80ef231?s=96&d=mm&r=g","caption":"Gipuzkoa Basket"},"url":"https:\/\/gipuzkoabasket.com\/eu\/author\/gipuzkoa-basket\/"}]}},"_links":{"self":[{"href":"https:\/\/gipuzkoabasket.com\/eu\/wp-json\/wp\/v2\/posts\/1502","targetHints":{"allow":["GET"]}}],"collection":[{"href":"https:\/\/gipuzkoabasket.com\/eu\/wp-json\/wp\/v2\/posts"}],"about":[{"href":"https:\/\/gipuzkoabasket.com\/eu\/wp-json\/wp\/v2\/types\/post"}],"author":[{"embeddable":true,"href":"https:\/\/gipuzkoabasket.com\/eu\/wp-json\/wp\/v2\/users\/2"}],"replies":[{"embeddable":true,"href":"https:\/\/gipuzkoabasket.com\/eu\/wp-json\/wp\/v2\/comments?post=1502"}],"version-history":[{"count":1,"href":"https:\/\/gipuzkoabasket.com\/eu\/wp-json\/wp\/v2\/posts\/1502\/revisions"}],"predecessor-version":[{"id":22050,"href":"https:\/\/gipuzkoabasket.com\/eu\/wp-json\/wp\/v2\/posts\/1502\/revisions\/22050"}],"wp:featuredmedia":[{"embeddable":true,"href":"https:\/\/gipuzkoabasket.com\/eu\/wp-json\/wp\/v2\/media\/1503"}],"wp:attachment":[{"href":"https:\/\/gipuzkoabasket.com\/eu\/wp-json\/wp\/v2\/media?parent=1502"}],"wp:term":[{"taxonomy":"category","embeddable":true,"href":"https:\/\/gipuzkoabasket.com\/eu\/wp-json\/wp\/v2\/categories?post=1502"},{"taxonomy":"post_tag","embeddable":true,"href":"https:\/\/gipuzkoabasket.com\/eu\/wp-json\/wp\/v2\/tags?post=1502"}],"curies":[{"name":"wp","href":"https:\/\/api.w.org\/{rel}","templated":true}]}}