{"id":1522,"date":"2017-08-25T15:23:13","date_gmt":"2017-08-25T13:23:13","guid":{"rendered":"http:\/\/www.gipuzkoabasket.com\/?p=1522\/"},"modified":"2023-11-20T18:26:23","modified_gmt":"2023-11-20T17:26:23","slug":"henk-norel-quiero-dar-guerra-por-esta-camiseta-y-por-el-equipo","status":"publish","type":"post","link":"https:\/\/gipuzkoabasket.com\/eu\/henk-norel-quiero-dar-guerra-por-esta-camiseta-y-por-el-equipo\/","title":{"rendered":"HENK NOREL: &#8220;QUIERO DAR GUERRA POR ESTA CAMISETA Y POR EL EQUIPO&#8221;"},"content":{"rendered":"<p>Henk Norel ha sido presentado esta misma ma\u00f1ana rodeado de aficionados y acompa\u00f1ado por la Presidenta del Gipuzkoa Basket Nekane Arzallus, los entrenadores Sergio Garc\u00eda y Bully Oy\u00f3n, y Jos\u00e9 Ram\u00f3n Granados, Director de Ventas de Lurauto, como anfitri\u00f3n del concesionario en el que ha tenido lugar el evento.<\/p>\n<p>Norel se ha mostrado muy agradecido por la confianza que el club ha depositado en \u00e9l, destacando que en estos d\u00edas en los que el equipo ha podido conocerse y entrenar ha detectado &#8220;mucha ilusi\u00f3n y ganas de competir para ganar los m\u00e1s partidos posibles&#8221;.<\/p>\n<p>El jugador holand\u00e9s ha confesado que su motivaci\u00f3n para venir a Donostia este a\u00f1o ha sido &#8220;el nuevo proyecto. El entrenador me llam\u00f3, me gust\u00f3 mucho lo que \u00e9l quer\u00eda y quiero dar guerra por esta camiseta y por el equipo&#8221;.<\/p>\n<p>A nadie se le escapa que Norel es un jugador con mucha experiencia en la Liga Endesa, y \u00e9l mismo ha declarado que, bajo esa perspectiva que le dan los a\u00f1os de trabajo en ella, &#8220;en esta liga los equipos son muy iguales, la diferencia no la va a hacer un jugador, la va ha hacer el equipo. Si jugamos como equipo seguro que podemos hacer una gran temporada&#8221;.<\/p>\n<p>Sobre la confecci\u00f3n de ese equipo del que va a formar parte, el p\u00edvot percibe que se trata de un grupo &#8220;con mucha ilusi\u00f3n por jugar al m\u00e1ximo nivel. Creo que eso es lo importante, un equipo con ganas de trabajar&#8221;.<\/p>\n","protected":false},"excerpt":{"rendered":"<p>El jugador holand\u00e9s ha sido presentado esta ma\u00f1ana en el Concesionario MINI Lurauto de Donostia.<\/p>\n","protected":false},"author":2,"featured_media":1523,"comment_status":"open","ping_status":"open","sticky":false,"template":"","format":"standard","meta":{"_et_pb_use_builder":"","_et_pb_old_content":"","_et_gb_content_width":"","footnotes":""},"categories":[5,44,8,446],"tags":[476,478,586,479,596,548,565],"class_list":["post-1522","post","type-post","status-publish","format-standard","has-post-thumbnail","hentry","category-babesleak","category-elkarrizketak","category-endesa-liga","category-hemeroteka","tag-gbc-eu-eu","tag-gipuzkoa-basket-eu-2","tag-henk-norel-eu","tag-liga-endesa-eu-2","tag-mini-lurauto-eu-2","tag-nekane-arzallus-eu-2","tag-presentacion-eu-2"],"yoast_head":"<!-- This site is optimized with the Yoast SEO plugin v27.5 - https:\/\/yoast.com\/product\/yoast-seo-wordpress\/ -->\n<title>HENK NOREL: &quot;QUIERO DAR GUERRA POR ESTA CAMISETA Y POR EL EQUIPO&quot; |\u00a0 Gipuzkoa Basket<\/title>\n<meta name=\"description\" content=\"Gipuzkoa.Gipuzkoa Basket Club |\u00a0Los triples nos vuelven locos, \u00bfa ti no? | 943 444 428 \u00b7 gipuzkoabasket@gipuzkoabasket.com\" \/>\n<meta name=\"robots\" content=\"index, follow, max-snippet:-1, max-image-preview:large, max-video-preview:-1\" \/>\n<link rel=\"canonical\" href=\"https:\/\/gipuzkoabasket.com\/eu\/henk-norel-quiero-dar-guerra-por-esta-camiseta-y-por-el-equipo\/\" \/>\n<meta property=\"og:locale\" content=\"eu_ES\" \/>\n<meta property=\"og:type\" content=\"article\" \/>\n<meta property=\"og:title\" content=\"HENK NOREL: &quot;QUIERO DAR GUERRA POR ESTA CAMISETA Y POR EL EQUIPO&quot; |\u00a0 Gipuzkoa Basket\" \/>\n<meta property=\"og:description\" content=\"Gipuzkoa.Gipuzkoa Basket Club |\u00a0Los triples nos vuelven locos, \u00bfa ti no? | 943 444 428 \u00b7 gipuzkoabasket@gipuzkoabasket.com\" \/>\n<meta property=\"og:url\" content=\"https:\/\/gipuzkoabasket.com\/eu\/henk-norel-quiero-dar-guerra-por-esta-camiseta-y-por-el-equipo\/\" \/>\n<meta property=\"og:site_name\" content=\"Gipuzkoa Basket Club\" \/>\n<meta property=\"article:published_time\" content=\"2017-08-25T13:23:13+00:00\" \/>\n<meta property=\"article:modified_time\" content=\"2023-11-20T17:26:23+00:00\" \/>\n<meta property=\"og:image\" content=\"https:\/\/gipuzkoabasket.com\/wp-content\/uploads\/2017\/10\/henknorel.jpg\" \/>\n\t<meta property=\"og:image:width\" content=\"676\" \/>\n\t<meta property=\"og:image:height\" content=\"399\" \/>\n\t<meta property=\"og:image:type\" content=\"image\/jpeg\" \/>\n<meta name=\"author\" content=\"Gipuzkoa Basket\" \/>\n<meta name=\"twitter:card\" content=\"summary_large_image\" \/>\n<meta name=\"twitter:label1\" content=\"Written by\" \/>\n\t<meta name=\"twitter:data1\" content=\"Gipuzkoa Basket\" \/>\n\t<meta name=\"twitter:label2\" content=\"Est. reading time\" \/>\n\t<meta name=\"twitter:data2\" content=\"2 minutes\" \/>\n<script type=\"application\/ld+json\" class=\"yoast-schema-graph\">{\"@context\":\"https:\\\/\\\/schema.org\",\"@graph\":[{\"@type\":\"Article\",\"@id\":\"https:\\\/\\\/gipuzkoabasket.com\\\/eu\\\/henk-norel-quiero-dar-guerra-por-esta-camiseta-y-por-el-equipo\\\/#article\",\"isPartOf\":{\"@id\":\"https:\\\/\\\/gipuzkoabasket.com\\\/eu\\\/henk-norel-quiero-dar-guerra-por-esta-camiseta-y-por-el-equipo\\\/\"},\"author\":{\"name\":\"Gipuzkoa Basket\",\"@id\":\"https:\\\/\\\/gipuzkoabasket.com\\\/eu\\\/#\\\/schema\\\/person\\\/bd3551d543ad11d210e99773b69631a0\"},\"headline\":\"HENK NOREL: &#8220;QUIERO DAR GUERRA POR ESTA CAMISETA Y POR EL EQUIPO&#8221;\",\"datePublished\":\"2017-08-25T13:23:13+00:00\",\"dateModified\":\"2023-11-20T17:26:23+00:00\",\"mainEntityOfPage\":{\"@id\":\"https:\\\/\\\/gipuzkoabasket.com\\\/eu\\\/henk-norel-quiero-dar-guerra-por-esta-camiseta-y-por-el-equipo\\\/\"},\"wordCount\":275,\"commentCount\":0,\"publisher\":{\"@id\":\"https:\\\/\\\/gipuzkoabasket.com\\\/eu\\\/#organization\"},\"image\":{\"@id\":\"https:\\\/\\\/gipuzkoabasket.com\\\/eu\\\/henk-norel-quiero-dar-guerra-por-esta-camiseta-y-por-el-equipo\\\/#primaryimage\"},\"thumbnailUrl\":\"https:\\\/\\\/gipuzkoabasket.com\\\/wp-content\\\/uploads\\\/2017\\\/10\\\/henknorel.jpg\",\"keywords\":[\"GBC\",\"Gipuzkoa Basket\",\"Henk Norel\",\"Liga Endesa\",\"MINI Lurauto\",\"Nekane Arzallus\",\"Presentaci\u00f3n\"],\"articleSection\":[\"Babesleak\",\"Elkarrizketak\",\"Endesa Liga\",\"Hemeroteka\"],\"inLanguage\":\"eu-ES\",\"potentialAction\":[{\"@type\":\"CommentAction\",\"name\":\"Comment\",\"target\":[\"https:\\\/\\\/gipuzkoabasket.com\\\/eu\\\/henk-norel-quiero-dar-guerra-por-esta-camiseta-y-por-el-equipo\\\/#respond\"]}]},{\"@type\":\"WebPage\",\"@id\":\"https:\\\/\\\/gipuzkoabasket.com\\\/eu\\\/henk-norel-quiero-dar-guerra-por-esta-camiseta-y-por-el-equipo\\\/\",\"url\":\"https:\\\/\\\/gipuzkoabasket.com\\\/eu\\\/henk-norel-quiero-dar-guerra-por-esta-camiseta-y-por-el-equipo\\\/\",\"name\":\"HENK NOREL: \\\"QUIERO DAR GUERRA POR ESTA CAMISETA Y POR EL EQUIPO\\\" |\u00a0 Gipuzkoa Basket\",\"isPartOf\":{\"@id\":\"https:\\\/\\\/gipuzkoabasket.com\\\/eu\\\/#website\"},\"primaryImageOfPage\":{\"@id\":\"https:\\\/\\\/gipuzkoabasket.com\\\/eu\\\/henk-norel-quiero-dar-guerra-por-esta-camiseta-y-por-el-equipo\\\/#primaryimage\"},\"image\":{\"@id\":\"https:\\\/\\\/gipuzkoabasket.com\\\/eu\\\/henk-norel-quiero-dar-guerra-por-esta-camiseta-y-por-el-equipo\\\/#primaryimage\"},\"thumbnailUrl\":\"https:\\\/\\\/gipuzkoabasket.com\\\/wp-content\\\/uploads\\\/2017\\\/10\\\/henknorel.jpg\",\"datePublished\":\"2017-08-25T13:23:13+00:00\",\"dateModified\":\"2023-11-20T17:26:23+00:00\",\"description\":\"Gipuzkoa.Gipuzkoa Basket Club |\u00a0Los triples nos vuelven locos, \u00bfa ti no? | 943 444 428 \u00b7 gipuzkoabasket@gipuzkoabasket.com\",\"breadcrumb\":{\"@id\":\"https:\\\/\\\/gipuzkoabasket.com\\\/eu\\\/henk-norel-quiero-dar-guerra-por-esta-camiseta-y-por-el-equipo\\\/#breadcrumb\"},\"inLanguage\":\"eu-ES\",\"potentialAction\":[{\"@type\":\"ReadAction\",\"target\":[\"https:\\\/\\\/gipuzkoabasket.com\\\/eu\\\/henk-norel-quiero-dar-guerra-por-esta-camiseta-y-por-el-equipo\\\/\"]}]},{\"@type\":\"ImageObject\",\"inLanguage\":\"eu-ES\",\"@id\":\"https:\\\/\\\/gipuzkoabasket.com\\\/eu\\\/henk-norel-quiero-dar-guerra-por-esta-camiseta-y-por-el-equipo\\\/#primaryimage\",\"url\":\"https:\\\/\\\/gipuzkoabasket.com\\\/wp-content\\\/uploads\\\/2017\\\/10\\\/henknorel.jpg\",\"contentUrl\":\"https:\\\/\\\/gipuzkoabasket.com\\\/wp-content\\\/uploads\\\/2017\\\/10\\\/henknorel.jpg\",\"width\":676,\"height\":399},{\"@type\":\"BreadcrumbList\",\"@id\":\"https:\\\/\\\/gipuzkoabasket.com\\\/eu\\\/henk-norel-quiero-dar-guerra-por-esta-camiseta-y-por-el-equipo\\\/#breadcrumb\",\"itemListElement\":[{\"@type\":\"ListItem\",\"position\":1,\"name\":\"Portada\",\"item\":\"https:\\\/\\\/gipuzkoabasket.com\\\/eu\\\/\"},{\"@type\":\"ListItem\",\"position\":2,\"name\":\"HENK NOREL: &#8220;QUIERO DAR GUERRA POR ESTA CAMISETA Y POR EL EQUIPO&#8221;\"}]},{\"@type\":\"WebSite\",\"@id\":\"https:\\\/\\\/gipuzkoabasket.com\\\/eu\\\/#website\",\"url\":\"https:\\\/\\\/gipuzkoabasket.com\\\/eu\\\/\",\"name\":\"Gipuzkoa Basket Club\",\"description\":\"Toda la actualidad del club\",\"publisher\":{\"@id\":\"https:\\\/\\\/gipuzkoabasket.com\\\/eu\\\/#organization\"},\"potentialAction\":[{\"@type\":\"SearchAction\",\"target\":{\"@type\":\"EntryPoint\",\"urlTemplate\":\"https:\\\/\\\/gipuzkoabasket.com\\\/eu\\\/?s={search_term_string}\"},\"query-input\":{\"@type\":\"PropertyValueSpecification\",\"valueRequired\":true,\"valueName\":\"search_term_string\"}}],\"inLanguage\":\"eu-ES\"},{\"@type\":\"Organization\",\"@id\":\"https:\\\/\\\/gipuzkoabasket.com\\\/eu\\\/#organization\",\"name\":\"Gipuzkoa Basket Club\",\"alternateName\":\"Gipuzkoa Basket\",\"url\":\"https:\\\/\\\/gipuzkoabasket.com\\\/eu\\\/\",\"logo\":{\"@type\":\"ImageObject\",\"inLanguage\":\"eu-ES\",\"@id\":\"https:\\\/\\\/gipuzkoabasket.com\\\/eu\\\/#\\\/schema\\\/logo\\\/image\\\/\",\"url\":\"https:\\\/\\\/gipuzkoabasket.com\\\/wp-content\\\/uploads\\\/2023\\\/07\\\/LOGO-GBC-300x300-1.png\",\"contentUrl\":\"https:\\\/\\\/gipuzkoabasket.com\\\/wp-content\\\/uploads\\\/2023\\\/07\\\/LOGO-GBC-300x300-1.png\",\"width\":300,\"height\":300,\"caption\":\"Gipuzkoa Basket Club\"},\"image\":{\"@id\":\"https:\\\/\\\/gipuzkoabasket.com\\\/eu\\\/#\\\/schema\\\/logo\\\/image\\\/\"}},{\"@type\":\"Person\",\"@id\":\"https:\\\/\\\/gipuzkoabasket.com\\\/eu\\\/#\\\/schema\\\/person\\\/bd3551d543ad11d210e99773b69631a0\",\"name\":\"Gipuzkoa Basket\",\"image\":{\"@type\":\"ImageObject\",\"inLanguage\":\"eu-ES\",\"@id\":\"https:\\\/\\\/secure.gravatar.com\\\/avatar\\\/e5b959b6b0321efa5df7c766774c837369fb264465d34f031005235bf80ef231?s=96&d=mm&r=g\",\"url\":\"https:\\\/\\\/secure.gravatar.com\\\/avatar\\\/e5b959b6b0321efa5df7c766774c837369fb264465d34f031005235bf80ef231?s=96&d=mm&r=g\",\"contentUrl\":\"https:\\\/\\\/secure.gravatar.com\\\/avatar\\\/e5b959b6b0321efa5df7c766774c837369fb264465d34f031005235bf80ef231?s=96&d=mm&r=g\",\"caption\":\"Gipuzkoa Basket\"},\"url\":\"https:\\\/\\\/gipuzkoabasket.com\\\/eu\\\/author\\\/gipuzkoa-basket\\\/\"}]}<\/script>\n<!-- \/ Yoast SEO plugin. -->","yoast_head_json":{"title":"HENK NOREL: \"QUIERO DAR GUERRA POR ESTA CAMISETA Y POR EL EQUIPO\" |\u00a0 Gipuzkoa Basket","description":"Gipuzkoa.Gipuzkoa Basket Club |\u00a0Los triples nos vuelven locos, \u00bfa ti no? | 943 444 428 \u00b7 gipuzkoabasket@gipuzkoabasket.com","robots":{"index":"index","follow":"follow","max-snippet":"max-snippet:-1","max-image-preview":"max-image-preview:large","max-video-preview":"max-video-preview:-1"},"canonical":"https:\/\/gipuzkoabasket.com\/eu\/henk-norel-quiero-dar-guerra-por-esta-camiseta-y-por-el-equipo\/","og_locale":"eu_ES","og_type":"article","og_title":"HENK NOREL: \"QUIERO DAR GUERRA POR ESTA CAMISETA Y POR EL EQUIPO\" |\u00a0 Gipuzkoa Basket","og_description":"Gipuzkoa.Gipuzkoa Basket Club |\u00a0Los triples nos vuelven locos, \u00bfa ti no? | 943 444 428 \u00b7 gipuzkoabasket@gipuzkoabasket.com","og_url":"https:\/\/gipuzkoabasket.com\/eu\/henk-norel-quiero-dar-guerra-por-esta-camiseta-y-por-el-equipo\/","og_site_name":"Gipuzkoa Basket Club","article_published_time":"2017-08-25T13:23:13+00:00","article_modified_time":"2023-11-20T17:26:23+00:00","og_image":[{"width":676,"height":399,"url":"https:\/\/gipuzkoabasket.com\/wp-content\/uploads\/2017\/10\/henknorel.jpg","type":"image\/jpeg"}],"author":"Gipuzkoa Basket","twitter_card":"summary_large_image","twitter_misc":{"Written by":"Gipuzkoa Basket","Est. reading time":"2 minutes"},"schema":{"@context":"https:\/\/schema.org","@graph":[{"@type":"Article","@id":"https:\/\/gipuzkoabasket.com\/eu\/henk-norel-quiero-dar-guerra-por-esta-camiseta-y-por-el-equipo\/#article","isPartOf":{"@id":"https:\/\/gipuzkoabasket.com\/eu\/henk-norel-quiero-dar-guerra-por-esta-camiseta-y-por-el-equipo\/"},"author":{"name":"Gipuzkoa Basket","@id":"https:\/\/gipuzkoabasket.com\/eu\/#\/schema\/person\/bd3551d543ad11d210e99773b69631a0"},"headline":"HENK NOREL: &#8220;QUIERO DAR GUERRA POR ESTA CAMISETA Y POR EL EQUIPO&#8221;","datePublished":"2017-08-25T13:23:13+00:00","dateModified":"2023-11-20T17:26:23+00:00","mainEntityOfPage":{"@id":"https:\/\/gipuzkoabasket.com\/eu\/henk-norel-quiero-dar-guerra-por-esta-camiseta-y-por-el-equipo\/"},"wordCount":275,"commentCount":0,"publisher":{"@id":"https:\/\/gipuzkoabasket.com\/eu\/#organization"},"image":{"@id":"https:\/\/gipuzkoabasket.com\/eu\/henk-norel-quiero-dar-guerra-por-esta-camiseta-y-por-el-equipo\/#primaryimage"},"thumbnailUrl":"https:\/\/gipuzkoabasket.com\/wp-content\/uploads\/2017\/10\/henknorel.jpg","keywords":["GBC","Gipuzkoa Basket","Henk Norel","Liga Endesa","MINI Lurauto","Nekane Arzallus","Presentaci\u00f3n"],"articleSection":["Babesleak","Elkarrizketak","Endesa Liga","Hemeroteka"],"inLanguage":"eu-ES","potentialAction":[{"@type":"CommentAction","name":"Comment","target":["https:\/\/gipuzkoabasket.com\/eu\/henk-norel-quiero-dar-guerra-por-esta-camiseta-y-por-el-equipo\/#respond"]}]},{"@type":"WebPage","@id":"https:\/\/gipuzkoabasket.com\/eu\/henk-norel-quiero-dar-guerra-por-esta-camiseta-y-por-el-equipo\/","url":"https:\/\/gipuzkoabasket.com\/eu\/henk-norel-quiero-dar-guerra-por-esta-camiseta-y-por-el-equipo\/","name":"HENK NOREL: \"QUIERO DAR GUERRA POR ESTA CAMISETA Y POR EL EQUIPO\" |\u00a0 Gipuzkoa Basket","isPartOf":{"@id":"https:\/\/gipuzkoabasket.com\/eu\/#website"},"primaryImageOfPage":{"@id":"https:\/\/gipuzkoabasket.com\/eu\/henk-norel-quiero-dar-guerra-por-esta-camiseta-y-por-el-equipo\/#primaryimage"},"image":{"@id":"https:\/\/gipuzkoabasket.com\/eu\/henk-norel-quiero-dar-guerra-por-esta-camiseta-y-por-el-equipo\/#primaryimage"},"thumbnailUrl":"https:\/\/gipuzkoabasket.com\/wp-content\/uploads\/2017\/10\/henknorel.jpg","datePublished":"2017-08-25T13:23:13+00:00","dateModified":"2023-11-20T17:26:23+00:00","description":"Gipuzkoa.Gipuzkoa Basket Club |\u00a0Los triples nos vuelven locos, \u00bfa ti no? | 943 444 428 \u00b7 gipuzkoabasket@gipuzkoabasket.com","breadcrumb":{"@id":"https:\/\/gipuzkoabasket.com\/eu\/henk-norel-quiero-dar-guerra-por-esta-camiseta-y-por-el-equipo\/#breadcrumb"},"inLanguage":"eu-ES","potentialAction":[{"@type":"ReadAction","target":["https:\/\/gipuzkoabasket.com\/eu\/henk-norel-quiero-dar-guerra-por-esta-camiseta-y-por-el-equipo\/"]}]},{"@type":"ImageObject","inLanguage":"eu-ES","@id":"https:\/\/gipuzkoabasket.com\/eu\/henk-norel-quiero-dar-guerra-por-esta-camiseta-y-por-el-equipo\/#primaryimage","url":"https:\/\/gipuzkoabasket.com\/wp-content\/uploads\/2017\/10\/henknorel.jpg","contentUrl":"https:\/\/gipuzkoabasket.com\/wp-content\/uploads\/2017\/10\/henknorel.jpg","width":676,"height":399},{"@type":"BreadcrumbList","@id":"https:\/\/gipuzkoabasket.com\/eu\/henk-norel-quiero-dar-guerra-por-esta-camiseta-y-por-el-equipo\/#breadcrumb","itemListElement":[{"@type":"ListItem","position":1,"name":"Portada","item":"https:\/\/gipuzkoabasket.com\/eu\/"},{"@type":"ListItem","position":2,"name":"HENK NOREL: &#8220;QUIERO DAR GUERRA POR ESTA CAMISETA Y POR EL EQUIPO&#8221;"}]},{"@type":"WebSite","@id":"https:\/\/gipuzkoabasket.com\/eu\/#website","url":"https:\/\/gipuzkoabasket.com\/eu\/","name":"Gipuzkoa Basket Club","description":"Toda la actualidad del club","publisher":{"@id":"https:\/\/gipuzkoabasket.com\/eu\/#organization"},"potentialAction":[{"@type":"SearchAction","target":{"@type":"EntryPoint","urlTemplate":"https:\/\/gipuzkoabasket.com\/eu\/?s={search_term_string}"},"query-input":{"@type":"PropertyValueSpecification","valueRequired":true,"valueName":"search_term_string"}}],"inLanguage":"eu-ES"},{"@type":"Organization","@id":"https:\/\/gipuzkoabasket.com\/eu\/#organization","name":"Gipuzkoa Basket Club","alternateName":"Gipuzkoa Basket","url":"https:\/\/gipuzkoabasket.com\/eu\/","logo":{"@type":"ImageObject","inLanguage":"eu-ES","@id":"https:\/\/gipuzkoabasket.com\/eu\/#\/schema\/logo\/image\/","url":"https:\/\/gipuzkoabasket.com\/wp-content\/uploads\/2023\/07\/LOGO-GBC-300x300-1.png","contentUrl":"https:\/\/gipuzkoabasket.com\/wp-content\/uploads\/2023\/07\/LOGO-GBC-300x300-1.png","width":300,"height":300,"caption":"Gipuzkoa Basket Club"},"image":{"@id":"https:\/\/gipuzkoabasket.com\/eu\/#\/schema\/logo\/image\/"}},{"@type":"Person","@id":"https:\/\/gipuzkoabasket.com\/eu\/#\/schema\/person\/bd3551d543ad11d210e99773b69631a0","name":"Gipuzkoa Basket","image":{"@type":"ImageObject","inLanguage":"eu-ES","@id":"https:\/\/secure.gravatar.com\/avatar\/e5b959b6b0321efa5df7c766774c837369fb264465d34f031005235bf80ef231?s=96&d=mm&r=g","url":"https:\/\/secure.gravatar.com\/avatar\/e5b959b6b0321efa5df7c766774c837369fb264465d34f031005235bf80ef231?s=96&d=mm&r=g","contentUrl":"https:\/\/secure.gravatar.com\/avatar\/e5b959b6b0321efa5df7c766774c837369fb264465d34f031005235bf80ef231?s=96&d=mm&r=g","caption":"Gipuzkoa Basket"},"url":"https:\/\/gipuzkoabasket.com\/eu\/author\/gipuzkoa-basket\/"}]}},"_links":{"self":[{"href":"https:\/\/gipuzkoabasket.com\/eu\/wp-json\/wp\/v2\/posts\/1522","targetHints":{"allow":["GET"]}}],"collection":[{"href":"https:\/\/gipuzkoabasket.com\/eu\/wp-json\/wp\/v2\/posts"}],"about":[{"href":"https:\/\/gipuzkoabasket.com\/eu\/wp-json\/wp\/v2\/types\/post"}],"author":[{"embeddable":true,"href":"https:\/\/gipuzkoabasket.com\/eu\/wp-json\/wp\/v2\/users\/2"}],"replies":[{"embeddable":true,"href":"https:\/\/gipuzkoabasket.com\/eu\/wp-json\/wp\/v2\/comments?post=1522"}],"version-history":[{"count":1,"href":"https:\/\/gipuzkoabasket.com\/eu\/wp-json\/wp\/v2\/posts\/1522\/revisions"}],"predecessor-version":[{"id":22054,"href":"https:\/\/gipuzkoabasket.com\/eu\/wp-json\/wp\/v2\/posts\/1522\/revisions\/22054"}],"wp:featuredmedia":[{"embeddable":true,"href":"https:\/\/gipuzkoabasket.com\/eu\/wp-json\/wp\/v2\/media\/1523"}],"wp:attachment":[{"href":"https:\/\/gipuzkoabasket.com\/eu\/wp-json\/wp\/v2\/media?parent=1522"}],"wp:term":[{"taxonomy":"category","embeddable":true,"href":"https:\/\/gipuzkoabasket.com\/eu\/wp-json\/wp\/v2\/categories?post=1522"},{"taxonomy":"post_tag","embeddable":true,"href":"https:\/\/gipuzkoabasket.com\/eu\/wp-json\/wp\/v2\/tags?post=1522"}],"curies":[{"name":"wp","href":"https:\/\/api.w.org\/{rel}","templated":true}]}}