{"id":1628,"date":"2017-07-27T12:00:32","date_gmt":"2017-07-27T10:00:32","guid":{"rendered":"http:\/\/www.gipuzkoabasket.com\/?p=1628\/"},"modified":"2023-11-20T18:25:12","modified_gmt":"2023-11-20T17:25:12","slug":"presentacion-de-bully-oyon-y-sergio-garcia","status":"publish","type":"post","link":"https:\/\/gipuzkoabasket.com\/eu\/presentacion-de-bully-oyon-y-sergio-garcia\/","title":{"rendered":"PRESENTACI\u00d3N DE BULLY OY\u00d3N Y SERGIO GARC\u00cdA"},"content":{"rendered":"<p>Como ya anunciara en su comparecencia de ayer el propio Porfi Fisac, \u00a0Bully Oy\u00f3n y Sergio Garc\u00eda ser\u00e1n sus ayudantes en esta nueva etapa del Gipuzkoa Basket en la Liga Endesa. Ambos han sido presentados esta ma\u00f1ana por la Presidenta Nekane Arzallus en el Donostia Arena, quien les ha dado la bienvenida.<\/p>\n<p>Bully Oy\u00f3n, que es toda una instituci\u00f3n en el Gipuzkoa Basket tras los largos a\u00f1os que lleva vinculado al club, ha declarado que <strong>&#8220;es un orgullo poder seguir formando parte de este club con una nueva funci\u00f3n, continuando como ayudante de Porfi Fisac compagin\u00e1ndolo con el \u00e1rea Secretar\u00eda T\u00e9cnica. Llevamos todo el verano siguiendo el mercado para ver qu\u00e9 opciones ten\u00edamos para hacer la plantilla m\u00e1s competitiva posible&#8221;.<\/strong><\/p>\n<p>Oy\u00f3n ha agradecido tambi\u00e9n a los jugadores de la pasada su labor y al club Easo SBT su colaboraci\u00f3n, con la que el equipo espera seguir contando tambi\u00e9n esta temporada.<strong> &#8220;Queremos que Gipuzkoa vuelva a tener baloncesto de alto nivel y cuanto m\u00e1s jugadores guipuzcoanos puedan llegar a \u00e9l ser\u00e1 mejor para todos&#8221;<\/strong>, ha comentado.<\/p>\n<p>Sergio Garc\u00eda, que realizar\u00e1 labores centradas en el desarrollo de los m\u00e1s j\u00f3venes de la plantilla, ha destacado por su parte que <strong>&#8220;es una ilusi\u00f3n y un sue\u00f1o cumplido poder venir a formar parte de Gipuzkoa Basket&#8221;<\/strong>.<\/p>\n<p>Tras muchos a\u00f1os fuera de Gipuzkoa forj\u00e1ndose una carrera como entrenador, Garc\u00eda ha comentado que ha podido ver al equipo desde fuera y ha destacado como <strong>&#8220;importante el trabajo sobre todo del a\u00f1o pasado, esa ilusi\u00f3n que he visto otra vez por el equipo de nuestra ciudad y nuestra provincia en ese `Esp\u00edritu Gasca\u00b4 que tanto ha sonado y creo que vamos a seguir por esa l\u00ednea, esto va a seguir creciendo e Illunbe va a ir a m\u00e1s. Creo que somos una provincia a la que le gusta el baloncesto y que el proyecto y la idea es muy buena&#8221;<\/strong>, apuntando tambi\u00e9n que se est\u00e1 trabajando en una plantilla que enganche a la afici\u00f3n y con la que pueda sentirse identificada, &#8220;que se sientan orgullosos de un equipo que compite&#8221;.<\/p>\n<p>Ambos seguir\u00e1n trabajando en la confecci\u00f3n de la plantilla bajo la direcci\u00f3n de Porfi Fisac y ser\u00e1n los encargados de dirigir al equipo hasta la incorporaci\u00f3n definitiva de Fisac una vez finalice sus compromisos internacionales.<\/p>\n","protected":false},"excerpt":{"rendered":"<p>Los dos t\u00e9cnicos donostiarras han sido presentados esta ma\u00f1ana como ayudantes de Porfi Fisac para las pr\u00f3ximas dos temporadas.<\/p>\n","protected":false},"author":2,"featured_media":1629,"comment_status":"open","ping_status":"open","sticky":false,"template":"","format":"standard","meta":{"_et_pb_use_builder":"","_et_pb_old_content":"","_et_gb_content_width":"","footnotes":""},"categories":[8,446],"tags":[682,476,478,479,548,565,683],"class_list":["post-1628","post","type-post","status-publish","format-standard","has-post-thumbnail","hentry","category-endesa-liga","category-hemeroteka","tag-bully-oyon-eu-2","tag-gbc-eu-eu","tag-gipuzkoa-basket-eu-2","tag-liga-endesa-eu-2","tag-nekane-arzallus-eu-2","tag-presentacion-eu-2","tag-sergio-garcia-eu-2"],"yoast_head":"<!-- This site is optimized with the Yoast SEO plugin v27.5 - https:\/\/yoast.com\/product\/yoast-seo-wordpress\/ -->\n<title>PRESENTACI\u00d3N DE BULLY OY\u00d3N Y SERGIO GARC\u00cdA |\u00a0 Gipuzkoa Basket<\/title>\n<meta name=\"description\" content=\"Gipuzkoa.Gipuzkoa Basket Club |\u00a0Los triples nos vuelven locos, \u00bfa ti no? | 943 444 428 \u00b7 gipuzkoabasket@gipuzkoabasket.com\" \/>\n<meta name=\"robots\" content=\"index, follow, max-snippet:-1, max-image-preview:large, max-video-preview:-1\" \/>\n<link rel=\"canonical\" href=\"https:\/\/gipuzkoabasket.com\/eu\/presentacion-de-bully-oyon-y-sergio-garcia\/\" \/>\n<meta property=\"og:locale\" content=\"eu_ES\" \/>\n<meta property=\"og:type\" content=\"article\" \/>\n<meta property=\"og:title\" content=\"PRESENTACI\u00d3N DE BULLY OY\u00d3N Y SERGIO GARC\u00cdA |\u00a0 Gipuzkoa Basket\" \/>\n<meta property=\"og:description\" content=\"Gipuzkoa.Gipuzkoa Basket Club |\u00a0Los triples nos vuelven locos, \u00bfa ti no? | 943 444 428 \u00b7 gipuzkoabasket@gipuzkoabasket.com\" \/>\n<meta property=\"og:url\" content=\"https:\/\/gipuzkoabasket.com\/eu\/presentacion-de-bully-oyon-y-sergio-garcia\/\" \/>\n<meta property=\"og:site_name\" content=\"Gipuzkoa Basket Club\" \/>\n<meta property=\"article:published_time\" content=\"2017-07-27T10:00:32+00:00\" \/>\n<meta property=\"article:modified_time\" content=\"2023-11-20T17:25:12+00:00\" \/>\n<meta property=\"og:image\" content=\"https:\/\/gipuzkoabasket.com\/wp-content\/uploads\/2017\/10\/2-2.jpg\" \/>\n\t<meta property=\"og:image:width\" content=\"676\" \/>\n\t<meta property=\"og:image:height\" content=\"399\" \/>\n\t<meta property=\"og:image:type\" content=\"image\/jpeg\" \/>\n<meta name=\"author\" content=\"Gipuzkoa Basket\" \/>\n<meta name=\"twitter:card\" content=\"summary_large_image\" \/>\n<meta name=\"twitter:label1\" content=\"Written by\" \/>\n\t<meta name=\"twitter:data1\" content=\"Gipuzkoa Basket\" \/>\n\t<meta name=\"twitter:label2\" content=\"Est. reading time\" \/>\n\t<meta name=\"twitter:data2\" content=\"2 minutes\" \/>\n<script type=\"application\/ld+json\" class=\"yoast-schema-graph\">{\"@context\":\"https:\\\/\\\/schema.org\",\"@graph\":[{\"@type\":\"Article\",\"@id\":\"https:\\\/\\\/gipuzkoabasket.com\\\/eu\\\/presentacion-de-bully-oyon-y-sergio-garcia\\\/#article\",\"isPartOf\":{\"@id\":\"https:\\\/\\\/gipuzkoabasket.com\\\/eu\\\/presentacion-de-bully-oyon-y-sergio-garcia\\\/\"},\"author\":{\"name\":\"Gipuzkoa Basket\",\"@id\":\"https:\\\/\\\/gipuzkoabasket.com\\\/eu\\\/#\\\/schema\\\/person\\\/bd3551d543ad11d210e99773b69631a0\"},\"headline\":\"PRESENTACI\u00d3N DE BULLY OY\u00d3N Y SERGIO GARC\u00cdA\",\"datePublished\":\"2017-07-27T10:00:32+00:00\",\"dateModified\":\"2023-11-20T17:25:12+00:00\",\"mainEntityOfPage\":{\"@id\":\"https:\\\/\\\/gipuzkoabasket.com\\\/eu\\\/presentacion-de-bully-oyon-y-sergio-garcia\\\/\"},\"wordCount\":426,\"commentCount\":0,\"publisher\":{\"@id\":\"https:\\\/\\\/gipuzkoabasket.com\\\/eu\\\/#organization\"},\"image\":{\"@id\":\"https:\\\/\\\/gipuzkoabasket.com\\\/eu\\\/presentacion-de-bully-oyon-y-sergio-garcia\\\/#primaryimage\"},\"thumbnailUrl\":\"https:\\\/\\\/gipuzkoabasket.com\\\/wp-content\\\/uploads\\\/2017\\\/10\\\/2-2.jpg\",\"keywords\":[\"Bully Oy\u00f3n\",\"GBC\",\"Gipuzkoa Basket\",\"Liga Endesa\",\"Nekane Arzallus\",\"Presentaci\u00f3n\",\"Sergio Garc\u00eda\"],\"articleSection\":[\"Endesa Liga\",\"Hemeroteka\"],\"inLanguage\":\"eu-ES\",\"potentialAction\":[{\"@type\":\"CommentAction\",\"name\":\"Comment\",\"target\":[\"https:\\\/\\\/gipuzkoabasket.com\\\/eu\\\/presentacion-de-bully-oyon-y-sergio-garcia\\\/#respond\"]}]},{\"@type\":\"WebPage\",\"@id\":\"https:\\\/\\\/gipuzkoabasket.com\\\/eu\\\/presentacion-de-bully-oyon-y-sergio-garcia\\\/\",\"url\":\"https:\\\/\\\/gipuzkoabasket.com\\\/eu\\\/presentacion-de-bully-oyon-y-sergio-garcia\\\/\",\"name\":\"PRESENTACI\u00d3N DE BULLY OY\u00d3N Y SERGIO GARC\u00cdA |\u00a0 Gipuzkoa Basket\",\"isPartOf\":{\"@id\":\"https:\\\/\\\/gipuzkoabasket.com\\\/eu\\\/#website\"},\"primaryImageOfPage\":{\"@id\":\"https:\\\/\\\/gipuzkoabasket.com\\\/eu\\\/presentacion-de-bully-oyon-y-sergio-garcia\\\/#primaryimage\"},\"image\":{\"@id\":\"https:\\\/\\\/gipuzkoabasket.com\\\/eu\\\/presentacion-de-bully-oyon-y-sergio-garcia\\\/#primaryimage\"},\"thumbnailUrl\":\"https:\\\/\\\/gipuzkoabasket.com\\\/wp-content\\\/uploads\\\/2017\\\/10\\\/2-2.jpg\",\"datePublished\":\"2017-07-27T10:00:32+00:00\",\"dateModified\":\"2023-11-20T17:25:12+00:00\",\"description\":\"Gipuzkoa.Gipuzkoa Basket Club |\u00a0Los triples nos vuelven locos, \u00bfa ti no? | 943 444 428 \u00b7 gipuzkoabasket@gipuzkoabasket.com\",\"breadcrumb\":{\"@id\":\"https:\\\/\\\/gipuzkoabasket.com\\\/eu\\\/presentacion-de-bully-oyon-y-sergio-garcia\\\/#breadcrumb\"},\"inLanguage\":\"eu-ES\",\"potentialAction\":[{\"@type\":\"ReadAction\",\"target\":[\"https:\\\/\\\/gipuzkoabasket.com\\\/eu\\\/presentacion-de-bully-oyon-y-sergio-garcia\\\/\"]}]},{\"@type\":\"ImageObject\",\"inLanguage\":\"eu-ES\",\"@id\":\"https:\\\/\\\/gipuzkoabasket.com\\\/eu\\\/presentacion-de-bully-oyon-y-sergio-garcia\\\/#primaryimage\",\"url\":\"https:\\\/\\\/gipuzkoabasket.com\\\/wp-content\\\/uploads\\\/2017\\\/10\\\/2-2.jpg\",\"contentUrl\":\"https:\\\/\\\/gipuzkoabasket.com\\\/wp-content\\\/uploads\\\/2017\\\/10\\\/2-2.jpg\",\"width\":676,\"height\":399},{\"@type\":\"BreadcrumbList\",\"@id\":\"https:\\\/\\\/gipuzkoabasket.com\\\/eu\\\/presentacion-de-bully-oyon-y-sergio-garcia\\\/#breadcrumb\",\"itemListElement\":[{\"@type\":\"ListItem\",\"position\":1,\"name\":\"Portada\",\"item\":\"https:\\\/\\\/gipuzkoabasket.com\\\/eu\\\/\"},{\"@type\":\"ListItem\",\"position\":2,\"name\":\"PRESENTACI\u00d3N DE BULLY OY\u00d3N Y SERGIO GARC\u00cdA\"}]},{\"@type\":\"WebSite\",\"@id\":\"https:\\\/\\\/gipuzkoabasket.com\\\/eu\\\/#website\",\"url\":\"https:\\\/\\\/gipuzkoabasket.com\\\/eu\\\/\",\"name\":\"Gipuzkoa Basket Club\",\"description\":\"Toda la actualidad del club\",\"publisher\":{\"@id\":\"https:\\\/\\\/gipuzkoabasket.com\\\/eu\\\/#organization\"},\"potentialAction\":[{\"@type\":\"SearchAction\",\"target\":{\"@type\":\"EntryPoint\",\"urlTemplate\":\"https:\\\/\\\/gipuzkoabasket.com\\\/eu\\\/?s={search_term_string}\"},\"query-input\":{\"@type\":\"PropertyValueSpecification\",\"valueRequired\":true,\"valueName\":\"search_term_string\"}}],\"inLanguage\":\"eu-ES\"},{\"@type\":\"Organization\",\"@id\":\"https:\\\/\\\/gipuzkoabasket.com\\\/eu\\\/#organization\",\"name\":\"Gipuzkoa Basket Club\",\"alternateName\":\"Gipuzkoa Basket\",\"url\":\"https:\\\/\\\/gipuzkoabasket.com\\\/eu\\\/\",\"logo\":{\"@type\":\"ImageObject\",\"inLanguage\":\"eu-ES\",\"@id\":\"https:\\\/\\\/gipuzkoabasket.com\\\/eu\\\/#\\\/schema\\\/logo\\\/image\\\/\",\"url\":\"https:\\\/\\\/gipuzkoabasket.com\\\/wp-content\\\/uploads\\\/2023\\\/07\\\/LOGO-GBC-300x300-1.png\",\"contentUrl\":\"https:\\\/\\\/gipuzkoabasket.com\\\/wp-content\\\/uploads\\\/2023\\\/07\\\/LOGO-GBC-300x300-1.png\",\"width\":300,\"height\":300,\"caption\":\"Gipuzkoa Basket Club\"},\"image\":{\"@id\":\"https:\\\/\\\/gipuzkoabasket.com\\\/eu\\\/#\\\/schema\\\/logo\\\/image\\\/\"}},{\"@type\":\"Person\",\"@id\":\"https:\\\/\\\/gipuzkoabasket.com\\\/eu\\\/#\\\/schema\\\/person\\\/bd3551d543ad11d210e99773b69631a0\",\"name\":\"Gipuzkoa Basket\",\"image\":{\"@type\":\"ImageObject\",\"inLanguage\":\"eu-ES\",\"@id\":\"https:\\\/\\\/secure.gravatar.com\\\/avatar\\\/e5b959b6b0321efa5df7c766774c837369fb264465d34f031005235bf80ef231?s=96&d=mm&r=g\",\"url\":\"https:\\\/\\\/secure.gravatar.com\\\/avatar\\\/e5b959b6b0321efa5df7c766774c837369fb264465d34f031005235bf80ef231?s=96&d=mm&r=g\",\"contentUrl\":\"https:\\\/\\\/secure.gravatar.com\\\/avatar\\\/e5b959b6b0321efa5df7c766774c837369fb264465d34f031005235bf80ef231?s=96&d=mm&r=g\",\"caption\":\"Gipuzkoa Basket\"},\"url\":\"https:\\\/\\\/gipuzkoabasket.com\\\/eu\\\/author\\\/gipuzkoa-basket\\\/\"}]}<\/script>\n<!-- \/ Yoast SEO plugin. -->","yoast_head_json":{"title":"PRESENTACI\u00d3N DE BULLY OY\u00d3N Y SERGIO GARC\u00cdA |\u00a0 Gipuzkoa Basket","description":"Gipuzkoa.Gipuzkoa Basket Club |\u00a0Los triples nos vuelven locos, \u00bfa ti no? | 943 444 428 \u00b7 gipuzkoabasket@gipuzkoabasket.com","robots":{"index":"index","follow":"follow","max-snippet":"max-snippet:-1","max-image-preview":"max-image-preview:large","max-video-preview":"max-video-preview:-1"},"canonical":"https:\/\/gipuzkoabasket.com\/eu\/presentacion-de-bully-oyon-y-sergio-garcia\/","og_locale":"eu_ES","og_type":"article","og_title":"PRESENTACI\u00d3N DE BULLY OY\u00d3N Y SERGIO GARC\u00cdA |\u00a0 Gipuzkoa Basket","og_description":"Gipuzkoa.Gipuzkoa Basket Club |\u00a0Los triples nos vuelven locos, \u00bfa ti no? | 943 444 428 \u00b7 gipuzkoabasket@gipuzkoabasket.com","og_url":"https:\/\/gipuzkoabasket.com\/eu\/presentacion-de-bully-oyon-y-sergio-garcia\/","og_site_name":"Gipuzkoa Basket Club","article_published_time":"2017-07-27T10:00:32+00:00","article_modified_time":"2023-11-20T17:25:12+00:00","og_image":[{"width":676,"height":399,"url":"https:\/\/gipuzkoabasket.com\/wp-content\/uploads\/2017\/10\/2-2.jpg","type":"image\/jpeg"}],"author":"Gipuzkoa Basket","twitter_card":"summary_large_image","twitter_misc":{"Written by":"Gipuzkoa Basket","Est. reading time":"2 minutes"},"schema":{"@context":"https:\/\/schema.org","@graph":[{"@type":"Article","@id":"https:\/\/gipuzkoabasket.com\/eu\/presentacion-de-bully-oyon-y-sergio-garcia\/#article","isPartOf":{"@id":"https:\/\/gipuzkoabasket.com\/eu\/presentacion-de-bully-oyon-y-sergio-garcia\/"},"author":{"name":"Gipuzkoa Basket","@id":"https:\/\/gipuzkoabasket.com\/eu\/#\/schema\/person\/bd3551d543ad11d210e99773b69631a0"},"headline":"PRESENTACI\u00d3N DE BULLY OY\u00d3N Y SERGIO GARC\u00cdA","datePublished":"2017-07-27T10:00:32+00:00","dateModified":"2023-11-20T17:25:12+00:00","mainEntityOfPage":{"@id":"https:\/\/gipuzkoabasket.com\/eu\/presentacion-de-bully-oyon-y-sergio-garcia\/"},"wordCount":426,"commentCount":0,"publisher":{"@id":"https:\/\/gipuzkoabasket.com\/eu\/#organization"},"image":{"@id":"https:\/\/gipuzkoabasket.com\/eu\/presentacion-de-bully-oyon-y-sergio-garcia\/#primaryimage"},"thumbnailUrl":"https:\/\/gipuzkoabasket.com\/wp-content\/uploads\/2017\/10\/2-2.jpg","keywords":["Bully Oy\u00f3n","GBC","Gipuzkoa Basket","Liga Endesa","Nekane Arzallus","Presentaci\u00f3n","Sergio Garc\u00eda"],"articleSection":["Endesa Liga","Hemeroteka"],"inLanguage":"eu-ES","potentialAction":[{"@type":"CommentAction","name":"Comment","target":["https:\/\/gipuzkoabasket.com\/eu\/presentacion-de-bully-oyon-y-sergio-garcia\/#respond"]}]},{"@type":"WebPage","@id":"https:\/\/gipuzkoabasket.com\/eu\/presentacion-de-bully-oyon-y-sergio-garcia\/","url":"https:\/\/gipuzkoabasket.com\/eu\/presentacion-de-bully-oyon-y-sergio-garcia\/","name":"PRESENTACI\u00d3N DE BULLY OY\u00d3N Y SERGIO GARC\u00cdA |\u00a0 Gipuzkoa Basket","isPartOf":{"@id":"https:\/\/gipuzkoabasket.com\/eu\/#website"},"primaryImageOfPage":{"@id":"https:\/\/gipuzkoabasket.com\/eu\/presentacion-de-bully-oyon-y-sergio-garcia\/#primaryimage"},"image":{"@id":"https:\/\/gipuzkoabasket.com\/eu\/presentacion-de-bully-oyon-y-sergio-garcia\/#primaryimage"},"thumbnailUrl":"https:\/\/gipuzkoabasket.com\/wp-content\/uploads\/2017\/10\/2-2.jpg","datePublished":"2017-07-27T10:00:32+00:00","dateModified":"2023-11-20T17:25:12+00:00","description":"Gipuzkoa.Gipuzkoa Basket Club |\u00a0Los triples nos vuelven locos, \u00bfa ti no? | 943 444 428 \u00b7 gipuzkoabasket@gipuzkoabasket.com","breadcrumb":{"@id":"https:\/\/gipuzkoabasket.com\/eu\/presentacion-de-bully-oyon-y-sergio-garcia\/#breadcrumb"},"inLanguage":"eu-ES","potentialAction":[{"@type":"ReadAction","target":["https:\/\/gipuzkoabasket.com\/eu\/presentacion-de-bully-oyon-y-sergio-garcia\/"]}]},{"@type":"ImageObject","inLanguage":"eu-ES","@id":"https:\/\/gipuzkoabasket.com\/eu\/presentacion-de-bully-oyon-y-sergio-garcia\/#primaryimage","url":"https:\/\/gipuzkoabasket.com\/wp-content\/uploads\/2017\/10\/2-2.jpg","contentUrl":"https:\/\/gipuzkoabasket.com\/wp-content\/uploads\/2017\/10\/2-2.jpg","width":676,"height":399},{"@type":"BreadcrumbList","@id":"https:\/\/gipuzkoabasket.com\/eu\/presentacion-de-bully-oyon-y-sergio-garcia\/#breadcrumb","itemListElement":[{"@type":"ListItem","position":1,"name":"Portada","item":"https:\/\/gipuzkoabasket.com\/eu\/"},{"@type":"ListItem","position":2,"name":"PRESENTACI\u00d3N DE BULLY OY\u00d3N Y SERGIO GARC\u00cdA"}]},{"@type":"WebSite","@id":"https:\/\/gipuzkoabasket.com\/eu\/#website","url":"https:\/\/gipuzkoabasket.com\/eu\/","name":"Gipuzkoa Basket Club","description":"Toda la actualidad del club","publisher":{"@id":"https:\/\/gipuzkoabasket.com\/eu\/#organization"},"potentialAction":[{"@type":"SearchAction","target":{"@type":"EntryPoint","urlTemplate":"https:\/\/gipuzkoabasket.com\/eu\/?s={search_term_string}"},"query-input":{"@type":"PropertyValueSpecification","valueRequired":true,"valueName":"search_term_string"}}],"inLanguage":"eu-ES"},{"@type":"Organization","@id":"https:\/\/gipuzkoabasket.com\/eu\/#organization","name":"Gipuzkoa Basket Club","alternateName":"Gipuzkoa Basket","url":"https:\/\/gipuzkoabasket.com\/eu\/","logo":{"@type":"ImageObject","inLanguage":"eu-ES","@id":"https:\/\/gipuzkoabasket.com\/eu\/#\/schema\/logo\/image\/","url":"https:\/\/gipuzkoabasket.com\/wp-content\/uploads\/2023\/07\/LOGO-GBC-300x300-1.png","contentUrl":"https:\/\/gipuzkoabasket.com\/wp-content\/uploads\/2023\/07\/LOGO-GBC-300x300-1.png","width":300,"height":300,"caption":"Gipuzkoa Basket Club"},"image":{"@id":"https:\/\/gipuzkoabasket.com\/eu\/#\/schema\/logo\/image\/"}},{"@type":"Person","@id":"https:\/\/gipuzkoabasket.com\/eu\/#\/schema\/person\/bd3551d543ad11d210e99773b69631a0","name":"Gipuzkoa Basket","image":{"@type":"ImageObject","inLanguage":"eu-ES","@id":"https:\/\/secure.gravatar.com\/avatar\/e5b959b6b0321efa5df7c766774c837369fb264465d34f031005235bf80ef231?s=96&d=mm&r=g","url":"https:\/\/secure.gravatar.com\/avatar\/e5b959b6b0321efa5df7c766774c837369fb264465d34f031005235bf80ef231?s=96&d=mm&r=g","contentUrl":"https:\/\/secure.gravatar.com\/avatar\/e5b959b6b0321efa5df7c766774c837369fb264465d34f031005235bf80ef231?s=96&d=mm&r=g","caption":"Gipuzkoa Basket"},"url":"https:\/\/gipuzkoabasket.com\/eu\/author\/gipuzkoa-basket\/"}]}},"_links":{"self":[{"href":"https:\/\/gipuzkoabasket.com\/eu\/wp-json\/wp\/v2\/posts\/1628","targetHints":{"allow":["GET"]}}],"collection":[{"href":"https:\/\/gipuzkoabasket.com\/eu\/wp-json\/wp\/v2\/posts"}],"about":[{"href":"https:\/\/gipuzkoabasket.com\/eu\/wp-json\/wp\/v2\/types\/post"}],"author":[{"embeddable":true,"href":"https:\/\/gipuzkoabasket.com\/eu\/wp-json\/wp\/v2\/users\/2"}],"replies":[{"embeddable":true,"href":"https:\/\/gipuzkoabasket.com\/eu\/wp-json\/wp\/v2\/comments?post=1628"}],"version-history":[{"count":1,"href":"https:\/\/gipuzkoabasket.com\/eu\/wp-json\/wp\/v2\/posts\/1628\/revisions"}],"predecessor-version":[{"id":22071,"href":"https:\/\/gipuzkoabasket.com\/eu\/wp-json\/wp\/v2\/posts\/1628\/revisions\/22071"}],"wp:featuredmedia":[{"embeddable":true,"href":"https:\/\/gipuzkoabasket.com\/eu\/wp-json\/wp\/v2\/media\/1629"}],"wp:attachment":[{"href":"https:\/\/gipuzkoabasket.com\/eu\/wp-json\/wp\/v2\/media?parent=1628"}],"wp:term":[{"taxonomy":"category","embeddable":true,"href":"https:\/\/gipuzkoabasket.com\/eu\/wp-json\/wp\/v2\/categories?post=1628"},{"taxonomy":"post_tag","embeddable":true,"href":"https:\/\/gipuzkoabasket.com\/eu\/wp-json\/wp\/v2\/tags?post=1628"}],"curies":[{"name":"wp","href":"https:\/\/api.w.org\/{rel}","templated":true}]}}