{"id":1633,"date":"2017-07-26T13:04:26","date_gmt":"2017-07-26T11:04:26","guid":{"rendered":"http:\/\/www.gipuzkoabasket.com\/?p=1633\/"},"modified":"2023-11-20T18:25:13","modified_gmt":"2023-11-20T17:25:13","slug":"porfi-fisac","status":"publish","type":"post","link":"https:\/\/gipuzkoabasket.com\/eu\/porfi-fisac\/","title":{"rendered":"PORFI FISAC"},"content":{"rendered":"<p>La Presidenta del Gipuzkoa Basket, Nekane Arzallus, y el t\u00e9cnico segoviano Porfi Fisac han comparecido esta ma\u00f1ana en el Donostia Arena para anunciar el acuerdo por el cual Fisac ser\u00e1 renovado como entrenador del equipo guipuzcoano una vez finalicen sus compromisos como seleccionador de Senegal.<\/p>\n<p>En la presentaci\u00f3n, Nekane Arzallus ha querido agradecer a Porfi Fisac su compromiso con el club destacando su &#8220;importancia en la continuidad de este proyecto&#8221;, al que aportar\u00e1 de nuevo su experiencia y buen hacer durante las pr\u00f3ximas dos temporadas.<\/p>\n<p>Porfi Fisac ha declarado que es &#8220;un gran placer continuar en este proyecto&#8221;, al que regres\u00f3 hace un par de a\u00f1os para devolver al club, con el que se sent\u00eda en deuda, a regresar a la Liga Endesa. A d\u00eda de hoy su objetivo principal es consolidar este proyecto en la m\u00e1xima categor\u00eda con un planteamiento claro que pasa por la formaci\u00f3n de jugadores guipuzcoanos que puedan dar el salto a la ACB, y la confecci\u00f3n de un equipo profesional con una esencia con la que la afici\u00f3n se sienta identificada: &#8220;Tenemos que tener una filosof\u00eda como club, pero sobre todo como equipo. Queremos traslad\u00e1rsela a la gente que venga a Illunbe, y que sea quien sea el entrenador en el futuro tenga un proyecto y una idea muy clara&#8221;.<\/p>\n<p>Y para ello Fisac tiene clara la idea del perfil que busca en sus jugadores: &#8220;Gente con hambre, con necesidad de crecer, j\u00f3venes con opciones de tener un futuro importante&#8221;. Con ello quiere conseguir un equipo con el que la grada de identifique, sumando cada vez m\u00e1s adeptos a la forma de juego que se transmita en la cancha. &#8220;Queremos intentar conseguir una plantilla que sea equipo, un equipo que sea una familia, y una familia que transmita energ\u00eda y fuerza hacia la grada, ese es sin duda mi primer y m\u00e1ximo objetivo&#8221;, ha declarado.<\/p>\n<p>Junto a \u00e9l trabajar\u00e1 mano a mano su cuerpo t\u00e9cnico, compuesto por Bully Oy\u00f3n, quien ha estado trabajando en la confecci\u00f3n del equipo a lo largo del verano, y Sergio Garc\u00eda, donostiarra que se suma al proyecto. Con ellos estar\u00e1 tambi\u00e9n el preparador f\u00edsico Lander Castro, que renueva con el equipo tras su gran labor la pasada temporada. Todos ellos formar\u00e1n parte del staff t\u00e9cnico de club los pr\u00f3ximos dos a\u00f1os.<\/p>\n<p>Tanto Oy\u00f3n como Garc\u00eda ser\u00e1n presentados oficialmente ma\u00f1ana a las 11.00h en el Donostia Arena.<\/p>\n","protected":false},"excerpt":{"rendered":"<p>El GBC y el t\u00e9cnico han llegado a un acuerdo para que dirija al equipo las dos pr\u00f3ximas temporadas.<\/p>\n","protected":false},"author":2,"featured_media":1634,"comment_status":"open","ping_status":"open","sticky":false,"template":"","format":"standard","meta":{"_et_pb_use_builder":"","_et_pb_old_content":"","_et_gb_content_width":"","footnotes":""},"categories":[44,8,446],"tags":[476,478,479,548,585,565],"class_list":["post-1633","post","type-post","status-publish","format-standard","has-post-thumbnail","hentry","category-elkarrizketak","category-endesa-liga","category-hemeroteka","tag-gbc-eu-eu","tag-gipuzkoa-basket-eu-2","tag-liga-endesa-eu-2","tag-nekane-arzallus-eu-2","tag-porfi-fisac-eu-2","tag-presentacion-eu-2"],"yoast_head":"<!-- This site is optimized with the Yoast SEO plugin v27.5 - https:\/\/yoast.com\/product\/yoast-seo-wordpress\/ -->\n<title>PORFI FISAC |\u00a0 Gipuzkoa Basket<\/title>\n<meta name=\"description\" content=\"Gipuzkoa.Gipuzkoa Basket Club |\u00a0Los triples nos vuelven locos, \u00bfa ti no? | 943 444 428 \u00b7 gipuzkoabasket@gipuzkoabasket.com\" \/>\n<meta name=\"robots\" content=\"index, follow, max-snippet:-1, max-image-preview:large, max-video-preview:-1\" \/>\n<link rel=\"canonical\" href=\"https:\/\/gipuzkoabasket.com\/eu\/porfi-fisac\/\" \/>\n<meta property=\"og:locale\" content=\"eu_ES\" \/>\n<meta property=\"og:type\" content=\"article\" \/>\n<meta property=\"og:title\" content=\"PORFI FISAC |\u00a0 Gipuzkoa Basket\" \/>\n<meta property=\"og:description\" content=\"Gipuzkoa.Gipuzkoa Basket Club |\u00a0Los triples nos vuelven locos, \u00bfa ti no? | 943 444 428 \u00b7 gipuzkoabasket@gipuzkoabasket.com\" \/>\n<meta property=\"og:url\" content=\"https:\/\/gipuzkoabasket.com\/eu\/porfi-fisac\/\" \/>\n<meta property=\"og:site_name\" content=\"Gipuzkoa Basket Club\" \/>\n<meta property=\"article:published_time\" content=\"2017-07-26T11:04:26+00:00\" \/>\n<meta property=\"article:modified_time\" content=\"2023-11-20T17:25:13+00:00\" \/>\n<meta property=\"og:image\" content=\"https:\/\/gipuzkoabasket.com\/wp-content\/uploads\/2017\/10\/FOTO-Luis-Garcia-FOTO-Luis-Garcia-scaled-1.jpg\" \/>\n\t<meta property=\"og:image:width\" content=\"2560\" \/>\n\t<meta property=\"og:image:height\" content=\"1789\" \/>\n\t<meta property=\"og:image:type\" content=\"image\/jpeg\" \/>\n<meta name=\"author\" content=\"Gipuzkoa Basket\" \/>\n<meta name=\"twitter:card\" content=\"summary_large_image\" \/>\n<meta name=\"twitter:label1\" content=\"Written by\" \/>\n\t<meta name=\"twitter:data1\" content=\"Gipuzkoa Basket\" \/>\n\t<meta name=\"twitter:label2\" content=\"Est. reading time\" \/>\n\t<meta name=\"twitter:data2\" content=\"2 minutes\" \/>\n<script type=\"application\/ld+json\" class=\"yoast-schema-graph\">{\"@context\":\"https:\\\/\\\/schema.org\",\"@graph\":[{\"@type\":\"Article\",\"@id\":\"https:\\\/\\\/gipuzkoabasket.com\\\/eu\\\/porfi-fisac\\\/#article\",\"isPartOf\":{\"@id\":\"https:\\\/\\\/gipuzkoabasket.com\\\/eu\\\/porfi-fisac\\\/\"},\"author\":{\"name\":\"Gipuzkoa Basket\",\"@id\":\"https:\\\/\\\/gipuzkoabasket.com\\\/eu\\\/#\\\/schema\\\/person\\\/bd3551d543ad11d210e99773b69631a0\"},\"headline\":\"PORFI FISAC\",\"datePublished\":\"2017-07-26T11:04:26+00:00\",\"dateModified\":\"2023-11-20T17:25:13+00:00\",\"mainEntityOfPage\":{\"@id\":\"https:\\\/\\\/gipuzkoabasket.com\\\/eu\\\/porfi-fisac\\\/\"},\"wordCount\":430,\"commentCount\":0,\"publisher\":{\"@id\":\"https:\\\/\\\/gipuzkoabasket.com\\\/eu\\\/#organization\"},\"image\":{\"@id\":\"https:\\\/\\\/gipuzkoabasket.com\\\/eu\\\/porfi-fisac\\\/#primaryimage\"},\"thumbnailUrl\":\"https:\\\/\\\/gipuzkoabasket.com\\\/wp-content\\\/uploads\\\/2017\\\/10\\\/FOTO-Luis-Garcia-FOTO-Luis-Garcia-scaled-1.jpg\",\"keywords\":[\"GBC\",\"Gipuzkoa Basket\",\"Liga Endesa\",\"Nekane Arzallus\",\"Porfi Fisac\",\"Presentaci\u00f3n\"],\"articleSection\":[\"Elkarrizketak\",\"Endesa Liga\",\"Hemeroteka\"],\"inLanguage\":\"eu-ES\",\"potentialAction\":[{\"@type\":\"CommentAction\",\"name\":\"Comment\",\"target\":[\"https:\\\/\\\/gipuzkoabasket.com\\\/eu\\\/porfi-fisac\\\/#respond\"]}]},{\"@type\":\"WebPage\",\"@id\":\"https:\\\/\\\/gipuzkoabasket.com\\\/eu\\\/porfi-fisac\\\/\",\"url\":\"https:\\\/\\\/gipuzkoabasket.com\\\/eu\\\/porfi-fisac\\\/\",\"name\":\"PORFI FISAC |\u00a0 Gipuzkoa Basket\",\"isPartOf\":{\"@id\":\"https:\\\/\\\/gipuzkoabasket.com\\\/eu\\\/#website\"},\"primaryImageOfPage\":{\"@id\":\"https:\\\/\\\/gipuzkoabasket.com\\\/eu\\\/porfi-fisac\\\/#primaryimage\"},\"image\":{\"@id\":\"https:\\\/\\\/gipuzkoabasket.com\\\/eu\\\/porfi-fisac\\\/#primaryimage\"},\"thumbnailUrl\":\"https:\\\/\\\/gipuzkoabasket.com\\\/wp-content\\\/uploads\\\/2017\\\/10\\\/FOTO-Luis-Garcia-FOTO-Luis-Garcia-scaled-1.jpg\",\"datePublished\":\"2017-07-26T11:04:26+00:00\",\"dateModified\":\"2023-11-20T17:25:13+00:00\",\"description\":\"Gipuzkoa.Gipuzkoa Basket Club |\u00a0Los triples nos vuelven locos, \u00bfa ti no? | 943 444 428 \u00b7 gipuzkoabasket@gipuzkoabasket.com\",\"breadcrumb\":{\"@id\":\"https:\\\/\\\/gipuzkoabasket.com\\\/eu\\\/porfi-fisac\\\/#breadcrumb\"},\"inLanguage\":\"eu-ES\",\"potentialAction\":[{\"@type\":\"ReadAction\",\"target\":[\"https:\\\/\\\/gipuzkoabasket.com\\\/eu\\\/porfi-fisac\\\/\"]}]},{\"@type\":\"ImageObject\",\"inLanguage\":\"eu-ES\",\"@id\":\"https:\\\/\\\/gipuzkoabasket.com\\\/eu\\\/porfi-fisac\\\/#primaryimage\",\"url\":\"https:\\\/\\\/gipuzkoabasket.com\\\/wp-content\\\/uploads\\\/2017\\\/10\\\/FOTO-Luis-Garcia-FOTO-Luis-Garcia-scaled-1.jpg\",\"contentUrl\":\"https:\\\/\\\/gipuzkoabasket.com\\\/wp-content\\\/uploads\\\/2017\\\/10\\\/FOTO-Luis-Garcia-FOTO-Luis-Garcia-scaled-1.jpg\",\"width\":2560,\"height\":1789},{\"@type\":\"BreadcrumbList\",\"@id\":\"https:\\\/\\\/gipuzkoabasket.com\\\/eu\\\/porfi-fisac\\\/#breadcrumb\",\"itemListElement\":[{\"@type\":\"ListItem\",\"position\":1,\"name\":\"Portada\",\"item\":\"https:\\\/\\\/gipuzkoabasket.com\\\/eu\\\/\"},{\"@type\":\"ListItem\",\"position\":2,\"name\":\"PORFI FISAC\"}]},{\"@type\":\"WebSite\",\"@id\":\"https:\\\/\\\/gipuzkoabasket.com\\\/eu\\\/#website\",\"url\":\"https:\\\/\\\/gipuzkoabasket.com\\\/eu\\\/\",\"name\":\"Gipuzkoa Basket Club\",\"description\":\"Toda la actualidad del club\",\"publisher\":{\"@id\":\"https:\\\/\\\/gipuzkoabasket.com\\\/eu\\\/#organization\"},\"potentialAction\":[{\"@type\":\"SearchAction\",\"target\":{\"@type\":\"EntryPoint\",\"urlTemplate\":\"https:\\\/\\\/gipuzkoabasket.com\\\/eu\\\/?s={search_term_string}\"},\"query-input\":{\"@type\":\"PropertyValueSpecification\",\"valueRequired\":true,\"valueName\":\"search_term_string\"}}],\"inLanguage\":\"eu-ES\"},{\"@type\":\"Organization\",\"@id\":\"https:\\\/\\\/gipuzkoabasket.com\\\/eu\\\/#organization\",\"name\":\"Gipuzkoa Basket Club\",\"alternateName\":\"Gipuzkoa Basket\",\"url\":\"https:\\\/\\\/gipuzkoabasket.com\\\/eu\\\/\",\"logo\":{\"@type\":\"ImageObject\",\"inLanguage\":\"eu-ES\",\"@id\":\"https:\\\/\\\/gipuzkoabasket.com\\\/eu\\\/#\\\/schema\\\/logo\\\/image\\\/\",\"url\":\"https:\\\/\\\/gipuzkoabasket.com\\\/wp-content\\\/uploads\\\/2023\\\/07\\\/LOGO-GBC-300x300-1.png\",\"contentUrl\":\"https:\\\/\\\/gipuzkoabasket.com\\\/wp-content\\\/uploads\\\/2023\\\/07\\\/LOGO-GBC-300x300-1.png\",\"width\":300,\"height\":300,\"caption\":\"Gipuzkoa Basket Club\"},\"image\":{\"@id\":\"https:\\\/\\\/gipuzkoabasket.com\\\/eu\\\/#\\\/schema\\\/logo\\\/image\\\/\"}},{\"@type\":\"Person\",\"@id\":\"https:\\\/\\\/gipuzkoabasket.com\\\/eu\\\/#\\\/schema\\\/person\\\/bd3551d543ad11d210e99773b69631a0\",\"name\":\"Gipuzkoa Basket\",\"image\":{\"@type\":\"ImageObject\",\"inLanguage\":\"eu-ES\",\"@id\":\"https:\\\/\\\/secure.gravatar.com\\\/avatar\\\/e5b959b6b0321efa5df7c766774c837369fb264465d34f031005235bf80ef231?s=96&d=mm&r=g\",\"url\":\"https:\\\/\\\/secure.gravatar.com\\\/avatar\\\/e5b959b6b0321efa5df7c766774c837369fb264465d34f031005235bf80ef231?s=96&d=mm&r=g\",\"contentUrl\":\"https:\\\/\\\/secure.gravatar.com\\\/avatar\\\/e5b959b6b0321efa5df7c766774c837369fb264465d34f031005235bf80ef231?s=96&d=mm&r=g\",\"caption\":\"Gipuzkoa Basket\"},\"url\":\"https:\\\/\\\/gipuzkoabasket.com\\\/eu\\\/author\\\/gipuzkoa-basket\\\/\"}]}<\/script>\n<!-- \/ Yoast SEO plugin. -->","yoast_head_json":{"title":"PORFI FISAC |\u00a0 Gipuzkoa Basket","description":"Gipuzkoa.Gipuzkoa Basket Club |\u00a0Los triples nos vuelven locos, \u00bfa ti no? | 943 444 428 \u00b7 gipuzkoabasket@gipuzkoabasket.com","robots":{"index":"index","follow":"follow","max-snippet":"max-snippet:-1","max-image-preview":"max-image-preview:large","max-video-preview":"max-video-preview:-1"},"canonical":"https:\/\/gipuzkoabasket.com\/eu\/porfi-fisac\/","og_locale":"eu_ES","og_type":"article","og_title":"PORFI FISAC |\u00a0 Gipuzkoa Basket","og_description":"Gipuzkoa.Gipuzkoa Basket Club |\u00a0Los triples nos vuelven locos, \u00bfa ti no? | 943 444 428 \u00b7 gipuzkoabasket@gipuzkoabasket.com","og_url":"https:\/\/gipuzkoabasket.com\/eu\/porfi-fisac\/","og_site_name":"Gipuzkoa Basket Club","article_published_time":"2017-07-26T11:04:26+00:00","article_modified_time":"2023-11-20T17:25:13+00:00","og_image":[{"width":2560,"height":1789,"url":"https:\/\/gipuzkoabasket.com\/wp-content\/uploads\/2017\/10\/FOTO-Luis-Garcia-FOTO-Luis-Garcia-scaled-1.jpg","type":"image\/jpeg"}],"author":"Gipuzkoa Basket","twitter_card":"summary_large_image","twitter_misc":{"Written by":"Gipuzkoa Basket","Est. reading time":"2 minutes"},"schema":{"@context":"https:\/\/schema.org","@graph":[{"@type":"Article","@id":"https:\/\/gipuzkoabasket.com\/eu\/porfi-fisac\/#article","isPartOf":{"@id":"https:\/\/gipuzkoabasket.com\/eu\/porfi-fisac\/"},"author":{"name":"Gipuzkoa Basket","@id":"https:\/\/gipuzkoabasket.com\/eu\/#\/schema\/person\/bd3551d543ad11d210e99773b69631a0"},"headline":"PORFI FISAC","datePublished":"2017-07-26T11:04:26+00:00","dateModified":"2023-11-20T17:25:13+00:00","mainEntityOfPage":{"@id":"https:\/\/gipuzkoabasket.com\/eu\/porfi-fisac\/"},"wordCount":430,"commentCount":0,"publisher":{"@id":"https:\/\/gipuzkoabasket.com\/eu\/#organization"},"image":{"@id":"https:\/\/gipuzkoabasket.com\/eu\/porfi-fisac\/#primaryimage"},"thumbnailUrl":"https:\/\/gipuzkoabasket.com\/wp-content\/uploads\/2017\/10\/FOTO-Luis-Garcia-FOTO-Luis-Garcia-scaled-1.jpg","keywords":["GBC","Gipuzkoa Basket","Liga Endesa","Nekane Arzallus","Porfi Fisac","Presentaci\u00f3n"],"articleSection":["Elkarrizketak","Endesa Liga","Hemeroteka"],"inLanguage":"eu-ES","potentialAction":[{"@type":"CommentAction","name":"Comment","target":["https:\/\/gipuzkoabasket.com\/eu\/porfi-fisac\/#respond"]}]},{"@type":"WebPage","@id":"https:\/\/gipuzkoabasket.com\/eu\/porfi-fisac\/","url":"https:\/\/gipuzkoabasket.com\/eu\/porfi-fisac\/","name":"PORFI FISAC |\u00a0 Gipuzkoa Basket","isPartOf":{"@id":"https:\/\/gipuzkoabasket.com\/eu\/#website"},"primaryImageOfPage":{"@id":"https:\/\/gipuzkoabasket.com\/eu\/porfi-fisac\/#primaryimage"},"image":{"@id":"https:\/\/gipuzkoabasket.com\/eu\/porfi-fisac\/#primaryimage"},"thumbnailUrl":"https:\/\/gipuzkoabasket.com\/wp-content\/uploads\/2017\/10\/FOTO-Luis-Garcia-FOTO-Luis-Garcia-scaled-1.jpg","datePublished":"2017-07-26T11:04:26+00:00","dateModified":"2023-11-20T17:25:13+00:00","description":"Gipuzkoa.Gipuzkoa Basket Club |\u00a0Los triples nos vuelven locos, \u00bfa ti no? | 943 444 428 \u00b7 gipuzkoabasket@gipuzkoabasket.com","breadcrumb":{"@id":"https:\/\/gipuzkoabasket.com\/eu\/porfi-fisac\/#breadcrumb"},"inLanguage":"eu-ES","potentialAction":[{"@type":"ReadAction","target":["https:\/\/gipuzkoabasket.com\/eu\/porfi-fisac\/"]}]},{"@type":"ImageObject","inLanguage":"eu-ES","@id":"https:\/\/gipuzkoabasket.com\/eu\/porfi-fisac\/#primaryimage","url":"https:\/\/gipuzkoabasket.com\/wp-content\/uploads\/2017\/10\/FOTO-Luis-Garcia-FOTO-Luis-Garcia-scaled-1.jpg","contentUrl":"https:\/\/gipuzkoabasket.com\/wp-content\/uploads\/2017\/10\/FOTO-Luis-Garcia-FOTO-Luis-Garcia-scaled-1.jpg","width":2560,"height":1789},{"@type":"BreadcrumbList","@id":"https:\/\/gipuzkoabasket.com\/eu\/porfi-fisac\/#breadcrumb","itemListElement":[{"@type":"ListItem","position":1,"name":"Portada","item":"https:\/\/gipuzkoabasket.com\/eu\/"},{"@type":"ListItem","position":2,"name":"PORFI FISAC"}]},{"@type":"WebSite","@id":"https:\/\/gipuzkoabasket.com\/eu\/#website","url":"https:\/\/gipuzkoabasket.com\/eu\/","name":"Gipuzkoa Basket Club","description":"Toda la actualidad del club","publisher":{"@id":"https:\/\/gipuzkoabasket.com\/eu\/#organization"},"potentialAction":[{"@type":"SearchAction","target":{"@type":"EntryPoint","urlTemplate":"https:\/\/gipuzkoabasket.com\/eu\/?s={search_term_string}"},"query-input":{"@type":"PropertyValueSpecification","valueRequired":true,"valueName":"search_term_string"}}],"inLanguage":"eu-ES"},{"@type":"Organization","@id":"https:\/\/gipuzkoabasket.com\/eu\/#organization","name":"Gipuzkoa Basket Club","alternateName":"Gipuzkoa Basket","url":"https:\/\/gipuzkoabasket.com\/eu\/","logo":{"@type":"ImageObject","inLanguage":"eu-ES","@id":"https:\/\/gipuzkoabasket.com\/eu\/#\/schema\/logo\/image\/","url":"https:\/\/gipuzkoabasket.com\/wp-content\/uploads\/2023\/07\/LOGO-GBC-300x300-1.png","contentUrl":"https:\/\/gipuzkoabasket.com\/wp-content\/uploads\/2023\/07\/LOGO-GBC-300x300-1.png","width":300,"height":300,"caption":"Gipuzkoa Basket Club"},"image":{"@id":"https:\/\/gipuzkoabasket.com\/eu\/#\/schema\/logo\/image\/"}},{"@type":"Person","@id":"https:\/\/gipuzkoabasket.com\/eu\/#\/schema\/person\/bd3551d543ad11d210e99773b69631a0","name":"Gipuzkoa Basket","image":{"@type":"ImageObject","inLanguage":"eu-ES","@id":"https:\/\/secure.gravatar.com\/avatar\/e5b959b6b0321efa5df7c766774c837369fb264465d34f031005235bf80ef231?s=96&d=mm&r=g","url":"https:\/\/secure.gravatar.com\/avatar\/e5b959b6b0321efa5df7c766774c837369fb264465d34f031005235bf80ef231?s=96&d=mm&r=g","contentUrl":"https:\/\/secure.gravatar.com\/avatar\/e5b959b6b0321efa5df7c766774c837369fb264465d34f031005235bf80ef231?s=96&d=mm&r=g","caption":"Gipuzkoa Basket"},"url":"https:\/\/gipuzkoabasket.com\/eu\/author\/gipuzkoa-basket\/"}]}},"_links":{"self":[{"href":"https:\/\/gipuzkoabasket.com\/eu\/wp-json\/wp\/v2\/posts\/1633","targetHints":{"allow":["GET"]}}],"collection":[{"href":"https:\/\/gipuzkoabasket.com\/eu\/wp-json\/wp\/v2\/posts"}],"about":[{"href":"https:\/\/gipuzkoabasket.com\/eu\/wp-json\/wp\/v2\/types\/post"}],"author":[{"embeddable":true,"href":"https:\/\/gipuzkoabasket.com\/eu\/wp-json\/wp\/v2\/users\/2"}],"replies":[{"embeddable":true,"href":"https:\/\/gipuzkoabasket.com\/eu\/wp-json\/wp\/v2\/comments?post=1633"}],"version-history":[{"count":1,"href":"https:\/\/gipuzkoabasket.com\/eu\/wp-json\/wp\/v2\/posts\/1633\/revisions"}],"predecessor-version":[{"id":22072,"href":"https:\/\/gipuzkoabasket.com\/eu\/wp-json\/wp\/v2\/posts\/1633\/revisions\/22072"}],"wp:featuredmedia":[{"embeddable":true,"href":"https:\/\/gipuzkoabasket.com\/eu\/wp-json\/wp\/v2\/media\/1634"}],"wp:attachment":[{"href":"https:\/\/gipuzkoabasket.com\/eu\/wp-json\/wp\/v2\/media?parent=1633"}],"wp:term":[{"taxonomy":"category","embeddable":true,"href":"https:\/\/gipuzkoabasket.com\/eu\/wp-json\/wp\/v2\/categories?post=1633"},{"taxonomy":"post_tag","embeddable":true,"href":"https:\/\/gipuzkoabasket.com\/eu\/wp-json\/wp\/v2\/tags?post=1633"}],"curies":[{"name":"wp","href":"https:\/\/api.w.org\/{rel}","templated":true}]}}