{"id":2385,"date":"2017-11-28T20:03:23","date_gmt":"2017-11-28T18:03:23","guid":{"rendered":"https:\/\/www.gipuzkoabasket.com\/?p=2385\/"},"modified":"2023-11-20T18:27:29","modified_gmt":"2023-11-20T17:27:29","slug":"el-gipuzkoa-basket-se-prepara-ya-para-la-minicopa-2018","status":"publish","type":"post","link":"https:\/\/gipuzkoabasket.com\/eu\/el-gipuzkoa-basket-se-prepara-ya-para-la-minicopa-2018\/","title":{"rendered":"EL GIPUZKOA BASKET SE PREPARA YA PARA LA MINICOPA 2018"},"content":{"rendered":"<p>Los 12 jugadores que representan al Gipuzkoa Basket en la Minicopa Endesa tuvieron ayer su primer entrenamiento oficial de preparaci\u00f3n para la fase previa del torneo, que tendr\u00e1 lugar en Valencia los d\u00edas 8 y 9 del mes de diciembre.<\/p>\n<p>Tras realizar la foto oficial de la plantilla, el equipo realiz\u00f3 su primer entrenamiento en la cancha del Donostia Arena a las 19h, el pr\u00f3ximo martes d\u00eda 5 y el mi\u00e9rcoles d\u00eda 6 volver\u00e1n a la pista del primer equipo para estar al 100% en los encuentros que les enfrentar\u00e1n a Unicaja, Fuenlabrada y UCAM Murcia.<\/p>\n<p>En este proyecto liderado por Gipuzkoa Basket la plantilla es la siguiente:<\/p>\n<p style=\"text-align: center;\"><strong>4 &#8211; JULEN ZULAIKA<br \/>\n<\/strong><strong>EASO SBT<\/strong><\/p>\n<p style=\"text-align: center;\"><strong>5 &#8211; IGOR OLAZABAL<\/strong><br \/>\n<strong>IRAURGI<\/strong><\/p>\n<p style=\"text-align: center;\"><strong>6 &#8211; JULEN ZUFIRIA<\/strong><br \/>\n<strong>ORDIZIA SASKIBALOIA<\/strong><\/p>\n<p style=\"text-align: center;\"><strong>7 &#8211; XUBAN DE PRADO<\/strong><br \/>\n<strong>ORDIZIA SASKIBALOIA<\/strong><\/p>\n<p style=\"text-align: center;\"><strong>8 &#8211; BE\u00d1AT ETXEBERRIA<br \/>\n<\/strong><strong>TAKE<\/strong><\/p>\n<p style=\"text-align: center;\"><strong>9 &#8211; GORKA VICENTE<\/strong><br \/>\n<strong>OINTXE<\/strong><\/p>\n<p style=\"text-align: center;\"><strong>10 &#8211; URKO P\u00c9REZ<\/strong><br \/>\n<strong>BKL<\/strong><\/p>\n<p style=\"text-align: center;\"><strong>11 &#8211; I\u00d1IGO ANDUAGA<\/strong><br \/>\n<strong>EASO SBT<\/strong><\/p>\n<p style=\"text-align: center;\"><strong>12 &#8211; MIKEL IRIONDO<br \/>\n<\/strong><strong>IRAURGI<\/strong><\/p>\n<p style=\"text-align: center;\"><strong>13 &#8211; IVAN FRAILE<\/strong><br \/>\n<strong>ASKATUAK<\/strong><\/p>\n<p style=\"text-align: center;\"><strong>14 &#8211; IKER SIM\u00d3N<\/strong><br \/>\n<strong>EASO SBT<\/strong><\/p>\n<p style=\"text-align: center;\"><strong>15 &#8211; E\u00d1AUT BUIZA<\/strong><br \/>\n<strong>EASO SBT<\/strong><\/p>\n<p style=\"text-align: center;\"><strong>E &#8211; YON GONZ\u00c1LEZ<br \/>\n<\/strong><strong>TAKE<\/strong><\/p>\n<p style=\"text-align: center;\"><strong>E &#8211; I\u00d1IGO MORENO<br \/>\nTAKE<\/strong><\/p>\n<p style=\"text-align: center;\"><strong>E &#8211; ERIK VARELA<\/strong><br \/>\n<strong>TAKE<\/strong><\/p>\n<p style=\"text-align: center;\"><strong>C &#8211; IV\u00c1N MART\u00cdNEZ<\/strong><br \/>\n<strong>EASO SBT<\/strong><\/p>\n<p>&nbsp;<\/p>\n<h3>MINICOPA 2018 (FASE PREVIA)<\/h3>\n<p><strong>\u00bfD\u00f3nde se jugar\u00e1?<\/strong><\/p>\n<p><strong>L\u2019Alqueria del Basket:<\/strong> Con 15.000 metros cuadrados de superficie, L\u2019Alqueria, pr\u00f3xima al pabell\u00f3n de la Fonteta, acoge a todas las categor\u00edas inferiores del Valencia Basket. La fase previa de la Minicopa Endesa se disputar\u00e1 en cuatro de las trece canchas con que cuenta este centro deportivo de formaci\u00f3n: la pista central de L\u2019Alqueria y tres auxiliares (pistas 3, 4 y 8).<\/p>\n<p>La entrada a todos los partidos ser\u00e1 totalmente gratuita.<\/p>\n<p>Direcci\u00f3n: C\/ Bombero Ram\u00f3n Duarte s\/n, 46013 Valencia<\/p>\n<p>&nbsp;<\/p>\n<p><strong>Sistema de competici\u00f3n y equipos clasificados<\/strong><\/p>\n<p>Ya est\u00e1n clasificados para la Fase Final de la Minicopa Endesa 2018 el Real Madrid, como vigente campe\u00f3n, y el Herbalife Gran Canaria, equipo anfitri\u00f3n en la pr\u00f3xima Copa del Rey.<\/p>\n<p>La fase previa de Valencia decidir\u00e1 las seis plazas restantes, que se otorgar\u00e1n de la siguiente manera.<\/p>\n<p>&#8211; Se clasificar\u00e1 directamente el l\u00edder de cada uno de los cuatro grupos.<\/p>\n<p>&#8211; Los dos \u00faltimos billetes se decidir\u00e1n el s\u00e1bado 9 de diciembre en los duelos directos entre los segundos clasificados de cada grupo: se enfrentar\u00e1n el 2\u00ba del Grupo A contra el 2\u00ba del Grupo B, y el 2\u00ba del C contra el 2\u00ba del D.<\/p>\n","protected":false},"excerpt":{"rendered":"<p>El equipo que representar\u00e1 al GBC en la  Minicopa Endesa prepara ya la fase previa que se celebra los d\u00edas 8 y 9 de diciembre en Valencia.<\/p>\n","protected":false},"author":2,"featured_media":2406,"comment_status":"open","ping_status":"open","sticky":false,"template":"","format":"standard","meta":{"_et_pb_use_builder":"","_et_pb_old_content":"","_et_gb_content_width":"","footnotes":""},"categories":[8,223,446],"tags":[634,476,478,479,622,635],"class_list":["post-2385","post","type-post","status-publish","format-standard","has-post-thumbnail","hentry","category-endesa-liga","category-eskola-eu","category-hemeroteka","tag-endesa-eu-2","tag-gbc-eu-eu","tag-gipuzkoa-basket-eu-2","tag-liga-endesa-eu-2","tag-minicopa-eu-2","tag-minicopa-endesa-eu-2"],"yoast_head":"<!-- This site is optimized with the Yoast SEO plugin v27.5 - https:\/\/yoast.com\/product\/yoast-seo-wordpress\/ -->\n<title>EL GIPUZKOA BASKET SE PREPARA YA PARA LA MINICOPA 2018 |\u00a0 Gipuzkoa Basket<\/title>\n<meta name=\"description\" content=\"Gipuzkoa.Gipuzkoa Basket Club |\u00a0Los triples nos vuelven locos, \u00bfa ti no? | 943 444 428 \u00b7 gipuzkoabasket@gipuzkoabasket.com\" \/>\n<meta name=\"robots\" content=\"index, follow, max-snippet:-1, max-image-preview:large, max-video-preview:-1\" \/>\n<link rel=\"canonical\" href=\"https:\/\/gipuzkoabasket.com\/eu\/el-gipuzkoa-basket-se-prepara-ya-para-la-minicopa-2018\/\" \/>\n<meta property=\"og:locale\" content=\"eu_ES\" \/>\n<meta property=\"og:type\" content=\"article\" \/>\n<meta property=\"og:title\" content=\"EL GIPUZKOA BASKET SE PREPARA YA PARA LA MINICOPA 2018 |\u00a0 Gipuzkoa Basket\" \/>\n<meta property=\"og:description\" content=\"Gipuzkoa.Gipuzkoa Basket Club |\u00a0Los triples nos vuelven locos, \u00bfa ti no? | 943 444 428 \u00b7 gipuzkoabasket@gipuzkoabasket.com\" \/>\n<meta property=\"og:url\" content=\"https:\/\/gipuzkoabasket.com\/eu\/el-gipuzkoa-basket-se-prepara-ya-para-la-minicopa-2018\/\" \/>\n<meta property=\"og:site_name\" content=\"Gipuzkoa Basket Club\" \/>\n<meta property=\"article:published_time\" content=\"2017-11-28T18:03:23+00:00\" \/>\n<meta property=\"article:modified_time\" content=\"2023-11-20T17:27:29+00:00\" \/>\n<meta property=\"og:image\" content=\"https:\/\/gipuzkoabasket.com\/wp-content\/uploads\/2017\/11\/minicopa.jpg\" \/>\n\t<meta property=\"og:image:width\" content=\"676\" \/>\n\t<meta property=\"og:image:height\" content=\"399\" \/>\n\t<meta property=\"og:image:type\" content=\"image\/jpeg\" \/>\n<meta name=\"author\" content=\"Gipuzkoa Basket\" \/>\n<meta name=\"twitter:card\" content=\"summary_large_image\" \/>\n<meta name=\"twitter:label1\" content=\"Written by\" \/>\n\t<meta name=\"twitter:data1\" content=\"Gipuzkoa Basket\" \/>\n\t<meta name=\"twitter:label2\" content=\"Est. reading time\" \/>\n\t<meta name=\"twitter:data2\" content=\"2 minutes\" \/>\n<script type=\"application\/ld+json\" class=\"yoast-schema-graph\">{\"@context\":\"https:\\\/\\\/schema.org\",\"@graph\":[{\"@type\":\"Article\",\"@id\":\"https:\\\/\\\/gipuzkoabasket.com\\\/eu\\\/el-gipuzkoa-basket-se-prepara-ya-para-la-minicopa-2018\\\/#article\",\"isPartOf\":{\"@id\":\"https:\\\/\\\/gipuzkoabasket.com\\\/eu\\\/el-gipuzkoa-basket-se-prepara-ya-para-la-minicopa-2018\\\/\"},\"author\":{\"name\":\"Gipuzkoa Basket\",\"@id\":\"https:\\\/\\\/gipuzkoabasket.com\\\/eu\\\/#\\\/schema\\\/person\\\/bd3551d543ad11d210e99773b69631a0\"},\"headline\":\"EL GIPUZKOA BASKET SE PREPARA YA PARA LA MINICOPA 2018\",\"datePublished\":\"2017-11-28T18:03:23+00:00\",\"dateModified\":\"2023-11-20T17:27:29+00:00\",\"mainEntityOfPage\":{\"@id\":\"https:\\\/\\\/gipuzkoabasket.com\\\/eu\\\/el-gipuzkoa-basket-se-prepara-ya-para-la-minicopa-2018\\\/\"},\"wordCount\":413,\"commentCount\":0,\"publisher\":{\"@id\":\"https:\\\/\\\/gipuzkoabasket.com\\\/eu\\\/#organization\"},\"image\":{\"@id\":\"https:\\\/\\\/gipuzkoabasket.com\\\/eu\\\/el-gipuzkoa-basket-se-prepara-ya-para-la-minicopa-2018\\\/#primaryimage\"},\"thumbnailUrl\":\"https:\\\/\\\/gipuzkoabasket.com\\\/wp-content\\\/uploads\\\/2017\\\/11\\\/minicopa.jpg\",\"keywords\":[\"Endesa\",\"GBC\",\"Gipuzkoa Basket\",\"Liga Endesa\",\"Minicopa\",\"Minicopa Endesa\"],\"articleSection\":[\"Endesa Liga\",\"Eskola\",\"Hemeroteka\"],\"inLanguage\":\"eu-ES\",\"potentialAction\":[{\"@type\":\"CommentAction\",\"name\":\"Comment\",\"target\":[\"https:\\\/\\\/gipuzkoabasket.com\\\/eu\\\/el-gipuzkoa-basket-se-prepara-ya-para-la-minicopa-2018\\\/#respond\"]}]},{\"@type\":\"WebPage\",\"@id\":\"https:\\\/\\\/gipuzkoabasket.com\\\/eu\\\/el-gipuzkoa-basket-se-prepara-ya-para-la-minicopa-2018\\\/\",\"url\":\"https:\\\/\\\/gipuzkoabasket.com\\\/eu\\\/el-gipuzkoa-basket-se-prepara-ya-para-la-minicopa-2018\\\/\",\"name\":\"EL GIPUZKOA BASKET SE PREPARA YA PARA LA MINICOPA 2018 |\u00a0 Gipuzkoa Basket\",\"isPartOf\":{\"@id\":\"https:\\\/\\\/gipuzkoabasket.com\\\/eu\\\/#website\"},\"primaryImageOfPage\":{\"@id\":\"https:\\\/\\\/gipuzkoabasket.com\\\/eu\\\/el-gipuzkoa-basket-se-prepara-ya-para-la-minicopa-2018\\\/#primaryimage\"},\"image\":{\"@id\":\"https:\\\/\\\/gipuzkoabasket.com\\\/eu\\\/el-gipuzkoa-basket-se-prepara-ya-para-la-minicopa-2018\\\/#primaryimage\"},\"thumbnailUrl\":\"https:\\\/\\\/gipuzkoabasket.com\\\/wp-content\\\/uploads\\\/2017\\\/11\\\/minicopa.jpg\",\"datePublished\":\"2017-11-28T18:03:23+00:00\",\"dateModified\":\"2023-11-20T17:27:29+00:00\",\"description\":\"Gipuzkoa.Gipuzkoa Basket Club |\u00a0Los triples nos vuelven locos, \u00bfa ti no? | 943 444 428 \u00b7 gipuzkoabasket@gipuzkoabasket.com\",\"breadcrumb\":{\"@id\":\"https:\\\/\\\/gipuzkoabasket.com\\\/eu\\\/el-gipuzkoa-basket-se-prepara-ya-para-la-minicopa-2018\\\/#breadcrumb\"},\"inLanguage\":\"eu-ES\",\"potentialAction\":[{\"@type\":\"ReadAction\",\"target\":[\"https:\\\/\\\/gipuzkoabasket.com\\\/eu\\\/el-gipuzkoa-basket-se-prepara-ya-para-la-minicopa-2018\\\/\"]}]},{\"@type\":\"ImageObject\",\"inLanguage\":\"eu-ES\",\"@id\":\"https:\\\/\\\/gipuzkoabasket.com\\\/eu\\\/el-gipuzkoa-basket-se-prepara-ya-para-la-minicopa-2018\\\/#primaryimage\",\"url\":\"https:\\\/\\\/gipuzkoabasket.com\\\/wp-content\\\/uploads\\\/2017\\\/11\\\/minicopa.jpg\",\"contentUrl\":\"https:\\\/\\\/gipuzkoabasket.com\\\/wp-content\\\/uploads\\\/2017\\\/11\\\/minicopa.jpg\",\"width\":676,\"height\":399},{\"@type\":\"BreadcrumbList\",\"@id\":\"https:\\\/\\\/gipuzkoabasket.com\\\/eu\\\/el-gipuzkoa-basket-se-prepara-ya-para-la-minicopa-2018\\\/#breadcrumb\",\"itemListElement\":[{\"@type\":\"ListItem\",\"position\":1,\"name\":\"Portada\",\"item\":\"https:\\\/\\\/gipuzkoabasket.com\\\/eu\\\/\"},{\"@type\":\"ListItem\",\"position\":2,\"name\":\"EL GIPUZKOA BASKET SE PREPARA YA PARA LA MINICOPA 2018\"}]},{\"@type\":\"WebSite\",\"@id\":\"https:\\\/\\\/gipuzkoabasket.com\\\/eu\\\/#website\",\"url\":\"https:\\\/\\\/gipuzkoabasket.com\\\/eu\\\/\",\"name\":\"Gipuzkoa Basket Club\",\"description\":\"Toda la actualidad del club\",\"publisher\":{\"@id\":\"https:\\\/\\\/gipuzkoabasket.com\\\/eu\\\/#organization\"},\"potentialAction\":[{\"@type\":\"SearchAction\",\"target\":{\"@type\":\"EntryPoint\",\"urlTemplate\":\"https:\\\/\\\/gipuzkoabasket.com\\\/eu\\\/?s={search_term_string}\"},\"query-input\":{\"@type\":\"PropertyValueSpecification\",\"valueRequired\":true,\"valueName\":\"search_term_string\"}}],\"inLanguage\":\"eu-ES\"},{\"@type\":\"Organization\",\"@id\":\"https:\\\/\\\/gipuzkoabasket.com\\\/eu\\\/#organization\",\"name\":\"Gipuzkoa Basket Club\",\"alternateName\":\"Gipuzkoa Basket\",\"url\":\"https:\\\/\\\/gipuzkoabasket.com\\\/eu\\\/\",\"logo\":{\"@type\":\"ImageObject\",\"inLanguage\":\"eu-ES\",\"@id\":\"https:\\\/\\\/gipuzkoabasket.com\\\/eu\\\/#\\\/schema\\\/logo\\\/image\\\/\",\"url\":\"https:\\\/\\\/gipuzkoabasket.com\\\/wp-content\\\/uploads\\\/2023\\\/07\\\/LOGO-GBC-300x300-1.png\",\"contentUrl\":\"https:\\\/\\\/gipuzkoabasket.com\\\/wp-content\\\/uploads\\\/2023\\\/07\\\/LOGO-GBC-300x300-1.png\",\"width\":300,\"height\":300,\"caption\":\"Gipuzkoa Basket Club\"},\"image\":{\"@id\":\"https:\\\/\\\/gipuzkoabasket.com\\\/eu\\\/#\\\/schema\\\/logo\\\/image\\\/\"}},{\"@type\":\"Person\",\"@id\":\"https:\\\/\\\/gipuzkoabasket.com\\\/eu\\\/#\\\/schema\\\/person\\\/bd3551d543ad11d210e99773b69631a0\",\"name\":\"Gipuzkoa Basket\",\"image\":{\"@type\":\"ImageObject\",\"inLanguage\":\"eu-ES\",\"@id\":\"https:\\\/\\\/secure.gravatar.com\\\/avatar\\\/e5b959b6b0321efa5df7c766774c837369fb264465d34f031005235bf80ef231?s=96&d=mm&r=g\",\"url\":\"https:\\\/\\\/secure.gravatar.com\\\/avatar\\\/e5b959b6b0321efa5df7c766774c837369fb264465d34f031005235bf80ef231?s=96&d=mm&r=g\",\"contentUrl\":\"https:\\\/\\\/secure.gravatar.com\\\/avatar\\\/e5b959b6b0321efa5df7c766774c837369fb264465d34f031005235bf80ef231?s=96&d=mm&r=g\",\"caption\":\"Gipuzkoa Basket\"},\"url\":\"https:\\\/\\\/gipuzkoabasket.com\\\/eu\\\/author\\\/gipuzkoa-basket\\\/\"}]}<\/script>\n<!-- \/ Yoast SEO plugin. -->","yoast_head_json":{"title":"EL GIPUZKOA BASKET SE PREPARA YA PARA LA MINICOPA 2018 |\u00a0 Gipuzkoa Basket","description":"Gipuzkoa.Gipuzkoa Basket Club |\u00a0Los triples nos vuelven locos, \u00bfa ti no? | 943 444 428 \u00b7 gipuzkoabasket@gipuzkoabasket.com","robots":{"index":"index","follow":"follow","max-snippet":"max-snippet:-1","max-image-preview":"max-image-preview:large","max-video-preview":"max-video-preview:-1"},"canonical":"https:\/\/gipuzkoabasket.com\/eu\/el-gipuzkoa-basket-se-prepara-ya-para-la-minicopa-2018\/","og_locale":"eu_ES","og_type":"article","og_title":"EL GIPUZKOA BASKET SE PREPARA YA PARA LA MINICOPA 2018 |\u00a0 Gipuzkoa Basket","og_description":"Gipuzkoa.Gipuzkoa Basket Club |\u00a0Los triples nos vuelven locos, \u00bfa ti no? | 943 444 428 \u00b7 gipuzkoabasket@gipuzkoabasket.com","og_url":"https:\/\/gipuzkoabasket.com\/eu\/el-gipuzkoa-basket-se-prepara-ya-para-la-minicopa-2018\/","og_site_name":"Gipuzkoa Basket Club","article_published_time":"2017-11-28T18:03:23+00:00","article_modified_time":"2023-11-20T17:27:29+00:00","og_image":[{"width":676,"height":399,"url":"https:\/\/gipuzkoabasket.com\/wp-content\/uploads\/2017\/11\/minicopa.jpg","type":"image\/jpeg"}],"author":"Gipuzkoa Basket","twitter_card":"summary_large_image","twitter_misc":{"Written by":"Gipuzkoa Basket","Est. reading time":"2 minutes"},"schema":{"@context":"https:\/\/schema.org","@graph":[{"@type":"Article","@id":"https:\/\/gipuzkoabasket.com\/eu\/el-gipuzkoa-basket-se-prepara-ya-para-la-minicopa-2018\/#article","isPartOf":{"@id":"https:\/\/gipuzkoabasket.com\/eu\/el-gipuzkoa-basket-se-prepara-ya-para-la-minicopa-2018\/"},"author":{"name":"Gipuzkoa Basket","@id":"https:\/\/gipuzkoabasket.com\/eu\/#\/schema\/person\/bd3551d543ad11d210e99773b69631a0"},"headline":"EL GIPUZKOA BASKET SE PREPARA YA PARA LA MINICOPA 2018","datePublished":"2017-11-28T18:03:23+00:00","dateModified":"2023-11-20T17:27:29+00:00","mainEntityOfPage":{"@id":"https:\/\/gipuzkoabasket.com\/eu\/el-gipuzkoa-basket-se-prepara-ya-para-la-minicopa-2018\/"},"wordCount":413,"commentCount":0,"publisher":{"@id":"https:\/\/gipuzkoabasket.com\/eu\/#organization"},"image":{"@id":"https:\/\/gipuzkoabasket.com\/eu\/el-gipuzkoa-basket-se-prepara-ya-para-la-minicopa-2018\/#primaryimage"},"thumbnailUrl":"https:\/\/gipuzkoabasket.com\/wp-content\/uploads\/2017\/11\/minicopa.jpg","keywords":["Endesa","GBC","Gipuzkoa Basket","Liga Endesa","Minicopa","Minicopa Endesa"],"articleSection":["Endesa Liga","Eskola","Hemeroteka"],"inLanguage":"eu-ES","potentialAction":[{"@type":"CommentAction","name":"Comment","target":["https:\/\/gipuzkoabasket.com\/eu\/el-gipuzkoa-basket-se-prepara-ya-para-la-minicopa-2018\/#respond"]}]},{"@type":"WebPage","@id":"https:\/\/gipuzkoabasket.com\/eu\/el-gipuzkoa-basket-se-prepara-ya-para-la-minicopa-2018\/","url":"https:\/\/gipuzkoabasket.com\/eu\/el-gipuzkoa-basket-se-prepara-ya-para-la-minicopa-2018\/","name":"EL GIPUZKOA BASKET SE PREPARA YA PARA LA MINICOPA 2018 |\u00a0 Gipuzkoa Basket","isPartOf":{"@id":"https:\/\/gipuzkoabasket.com\/eu\/#website"},"primaryImageOfPage":{"@id":"https:\/\/gipuzkoabasket.com\/eu\/el-gipuzkoa-basket-se-prepara-ya-para-la-minicopa-2018\/#primaryimage"},"image":{"@id":"https:\/\/gipuzkoabasket.com\/eu\/el-gipuzkoa-basket-se-prepara-ya-para-la-minicopa-2018\/#primaryimage"},"thumbnailUrl":"https:\/\/gipuzkoabasket.com\/wp-content\/uploads\/2017\/11\/minicopa.jpg","datePublished":"2017-11-28T18:03:23+00:00","dateModified":"2023-11-20T17:27:29+00:00","description":"Gipuzkoa.Gipuzkoa Basket Club |\u00a0Los triples nos vuelven locos, \u00bfa ti no? | 943 444 428 \u00b7 gipuzkoabasket@gipuzkoabasket.com","breadcrumb":{"@id":"https:\/\/gipuzkoabasket.com\/eu\/el-gipuzkoa-basket-se-prepara-ya-para-la-minicopa-2018\/#breadcrumb"},"inLanguage":"eu-ES","potentialAction":[{"@type":"ReadAction","target":["https:\/\/gipuzkoabasket.com\/eu\/el-gipuzkoa-basket-se-prepara-ya-para-la-minicopa-2018\/"]}]},{"@type":"ImageObject","inLanguage":"eu-ES","@id":"https:\/\/gipuzkoabasket.com\/eu\/el-gipuzkoa-basket-se-prepara-ya-para-la-minicopa-2018\/#primaryimage","url":"https:\/\/gipuzkoabasket.com\/wp-content\/uploads\/2017\/11\/minicopa.jpg","contentUrl":"https:\/\/gipuzkoabasket.com\/wp-content\/uploads\/2017\/11\/minicopa.jpg","width":676,"height":399},{"@type":"BreadcrumbList","@id":"https:\/\/gipuzkoabasket.com\/eu\/el-gipuzkoa-basket-se-prepara-ya-para-la-minicopa-2018\/#breadcrumb","itemListElement":[{"@type":"ListItem","position":1,"name":"Portada","item":"https:\/\/gipuzkoabasket.com\/eu\/"},{"@type":"ListItem","position":2,"name":"EL GIPUZKOA BASKET SE PREPARA YA PARA LA MINICOPA 2018"}]},{"@type":"WebSite","@id":"https:\/\/gipuzkoabasket.com\/eu\/#website","url":"https:\/\/gipuzkoabasket.com\/eu\/","name":"Gipuzkoa Basket Club","description":"Toda la actualidad del club","publisher":{"@id":"https:\/\/gipuzkoabasket.com\/eu\/#organization"},"potentialAction":[{"@type":"SearchAction","target":{"@type":"EntryPoint","urlTemplate":"https:\/\/gipuzkoabasket.com\/eu\/?s={search_term_string}"},"query-input":{"@type":"PropertyValueSpecification","valueRequired":true,"valueName":"search_term_string"}}],"inLanguage":"eu-ES"},{"@type":"Organization","@id":"https:\/\/gipuzkoabasket.com\/eu\/#organization","name":"Gipuzkoa Basket Club","alternateName":"Gipuzkoa Basket","url":"https:\/\/gipuzkoabasket.com\/eu\/","logo":{"@type":"ImageObject","inLanguage":"eu-ES","@id":"https:\/\/gipuzkoabasket.com\/eu\/#\/schema\/logo\/image\/","url":"https:\/\/gipuzkoabasket.com\/wp-content\/uploads\/2023\/07\/LOGO-GBC-300x300-1.png","contentUrl":"https:\/\/gipuzkoabasket.com\/wp-content\/uploads\/2023\/07\/LOGO-GBC-300x300-1.png","width":300,"height":300,"caption":"Gipuzkoa Basket Club"},"image":{"@id":"https:\/\/gipuzkoabasket.com\/eu\/#\/schema\/logo\/image\/"}},{"@type":"Person","@id":"https:\/\/gipuzkoabasket.com\/eu\/#\/schema\/person\/bd3551d543ad11d210e99773b69631a0","name":"Gipuzkoa Basket","image":{"@type":"ImageObject","inLanguage":"eu-ES","@id":"https:\/\/secure.gravatar.com\/avatar\/e5b959b6b0321efa5df7c766774c837369fb264465d34f031005235bf80ef231?s=96&d=mm&r=g","url":"https:\/\/secure.gravatar.com\/avatar\/e5b959b6b0321efa5df7c766774c837369fb264465d34f031005235bf80ef231?s=96&d=mm&r=g","contentUrl":"https:\/\/secure.gravatar.com\/avatar\/e5b959b6b0321efa5df7c766774c837369fb264465d34f031005235bf80ef231?s=96&d=mm&r=g","caption":"Gipuzkoa Basket"},"url":"https:\/\/gipuzkoabasket.com\/eu\/author\/gipuzkoa-basket\/"}]}},"_links":{"self":[{"href":"https:\/\/gipuzkoabasket.com\/eu\/wp-json\/wp\/v2\/posts\/2385","targetHints":{"allow":["GET"]}}],"collection":[{"href":"https:\/\/gipuzkoabasket.com\/eu\/wp-json\/wp\/v2\/posts"}],"about":[{"href":"https:\/\/gipuzkoabasket.com\/eu\/wp-json\/wp\/v2\/types\/post"}],"author":[{"embeddable":true,"href":"https:\/\/gipuzkoabasket.com\/eu\/wp-json\/wp\/v2\/users\/2"}],"replies":[{"embeddable":true,"href":"https:\/\/gipuzkoabasket.com\/eu\/wp-json\/wp\/v2\/comments?post=2385"}],"version-history":[{"count":2,"href":"https:\/\/gipuzkoabasket.com\/eu\/wp-json\/wp\/v2\/posts\/2385\/revisions"}],"predecessor-version":[{"id":21981,"href":"https:\/\/gipuzkoabasket.com\/eu\/wp-json\/wp\/v2\/posts\/2385\/revisions\/21981"}],"wp:featuredmedia":[{"embeddable":true,"href":"https:\/\/gipuzkoabasket.com\/eu\/wp-json\/wp\/v2\/media\/2406"}],"wp:attachment":[{"href":"https:\/\/gipuzkoabasket.com\/eu\/wp-json\/wp\/v2\/media?parent=2385"}],"wp:term":[{"taxonomy":"category","embeddable":true,"href":"https:\/\/gipuzkoabasket.com\/eu\/wp-json\/wp\/v2\/categories?post=2385"},{"taxonomy":"post_tag","embeddable":true,"href":"https:\/\/gipuzkoabasket.com\/eu\/wp-json\/wp\/v2\/tags?post=2385"}],"curies":[{"name":"wp","href":"https:\/\/api.w.org\/{rel}","templated":true}]}}