{"id":25644,"date":"2024-12-17T17:40:49","date_gmt":"2024-12-17T16:40:49","guid":{"rendered":"https:\/\/gipuzkoabasket.com\/?p=25644"},"modified":"2024-12-17T17:40:49","modified_gmt":"2024-12-17T16:40:49","slug":"el-nuevo-centro-para-la-reutilizacion-de-materiales-estara-finalizado-para-mediados-de-2026","status":"publish","type":"post","link":"https:\/\/gipuzkoabasket.com\/eu\/el-nuevo-centro-para-la-reutilizacion-de-materiales-estara-finalizado-para-mediados-de-2026\/","title":{"rendered":"EL NUEVO CENTRO PARA LA REUTILIZACI\u00d3N DE MATERIALES ESTAR\u00c1 FINALIZADO PARA MEDIADOS DE 2026"},"content":{"rendered":"<p><strong>Las obras de construcci\u00f3n comenzar\u00e1n en Zubieta a principios de 2025 y ser\u00e1 una infraestructura pionera en Espa\u00f1a<\/strong><\/p>\n<p>Se dedicar\u00e1 a la recepci\u00f3n, posible arreglo y venta de materiales textiles, voluminosos y aparatos el\u00e9ctricos y electr\u00f3nicos.<\/p>\n<p>El nuevo Centro de Preparaci\u00f3n para la Reutilizaci\u00f3n (CPR), la \u00faltima infraestructura proyectada por la Diputaci\u00f3n Foral de Gipuzkoa en su pol\u00edtica de gesti\u00f3n de residuos orientada a reaprovechar o reciclar lo m\u00e1ximo posible, tiene previsto culminar sus trabajos de construcci\u00f3n hacia finales del primer semestre del a\u00f1o 2026. Su construcci\u00f3n comenzar\u00e1 a primeros del a\u00f1o 2025 en el pol\u00edgono Eskuzaitzeta de San Sebasti\u00e1n, situado en el entorno de Zubieta, seg\u00fan confirm\u00f3 recientemente El Diario Vasco, y se ubicar\u00e1 junto a otras dotaciones medioambientales como la sede de la Fundaci\u00f3n Naturklima o la planta de valorizaci\u00f3n energ\u00e9tica que incinera residuos tras un proceso previo de separaci\u00f3n y reciclaje.<\/p>\n<p>Se trata de una instalaci\u00f3n que se dedicar\u00e1 a la recepci\u00f3n, arreglo cuando sea posible y venta de residuos textiles, voluminosos (mobiliario, electrodom\u00e9sticos&#8230;), el\u00e9ctricos y electr\u00f3nicos a\u00fan utilizables que ya no son queridos por sus propietarios pero que tras la pertinente limpieza, reparaci\u00f3n o adaptaci\u00f3n pueden gozar de una segunda vida. Tambi\u00e9n a la preparaci\u00f3n para su reciclaje de aquellos materiales no recuperables. Constituir\u00e1 el primer centro de estas caracter\u00edsticas en Espa\u00f1a y, seg\u00fan las estimaciones del departamento foral de Sostenibilidad que dirige Jos\u00e9 Ignacio Asensio, contribuir\u00e1 a elevar un 30% la tasa de reutilizaci\u00f3n de residuos en el territorio. En el caso del textil, por ejemplo, la previsi\u00f3n es multiplicar las toneladas de ropa recuperadas, pasando de las 3.200 actuales a 4.000 en 2026 (primer a\u00f1o de actividad del CPR), para llegar hasta las 10.000 en 2030. Para ello, en su primera fase el CPR podr\u00e1 gestionar hasta 5.500 toneladas de desechos: 2.722 de aparatos el\u00e9ctricos y electr\u00f3nicos, 1.461 de muebles y 1.319 de ropa y calzado. En una segunda llegar\u00e1 hasta las 12.600 toneladas.<\/p>\n<p><strong>REUTILIZACI\u00d3N Y EMPLEO DE INSERCI\u00d3N<\/strong><\/p>\n<p>El complejo ayudar\u00e1 a Gipuzkoa a cumplir con los nuevos requerimientos de la Uni\u00f3n Europea, que obliga a lograr una tasa de reutilizaci\u00f3n del 5% de estos residuos (textiles, voluminosos y el\u00e9ctricos\/electr\u00f3nicos) en 2025, y elevarla hasta el 10% en 2030.<\/p>\n<p>El Centro de Preparaci\u00f3n para la Reutilizaci\u00f3n (CPR) se levantar\u00e1 en una parcela situada frente a las instalaciones del fabricante de ascensores Otis, en el pol\u00edgono Eskuzaitzeta de San Sebasti\u00e1n. Ser\u00e1n unas instalaciones de 8.400 metros cuadrados divididos en dos plantas en las que trabajar\u00e1n en una primera fase 110<br \/>\npersonas, m\u00e1s de la mitad de ellas pertenecientes a colectivos en situaci\u00f3n de vulnerabilidad y\/o en riesgo de exclusi\u00f3n. Para ello la Diputaci\u00f3n trabaja con entidades especializadas en este \u00e1mbito. De hecho, en los pliegos del concurso para la concesi\u00f3n de la gesti\u00f3n del centro uno de los requisitos ser\u00e1 que al menos una de las empresas de cada candidatura sea de inserci\u00f3n social.<\/p>\n<p>El Gobierno foral prev\u00e9 empezar a trabajar en los pliegos de esta licitaci\u00f3n en el segundo semestre del pr\u00f3ximo a\u00f1o, de modo que la adjudicaci\u00f3n del CPR pueda producirse durante la primera mitad de 2026, coincidiendo con la finalizaci\u00f3n de las obras. La idea es que, una vez concluidos ambos procesos, la instalaci\u00f3n pueda comenzar a operar en el menor tiempo posible.<\/p>\n<p>Para la ciudadan\u00eda guipuzcoana ser\u00e1 un lugar de referencia donde se podr\u00e1n depositar muebles, prendas, enseres o aparatos electr\u00f3nicos desechados. Igualmente se podr\u00e1 ir a adquirir ese tipo de productos que hayan podido ser restaurados en el mismo centro. Y es que el CPR actuar\u00e1 al mismo tiempo como una especie de peque\u00f1o centro comercial especializado donde poder hacerse con esos bienes de segundo uso.<\/p>\n<p>Ideado tambi\u00e9n con vocaci\u00f3n did\u00e1ctica, se habilitar\u00e1 un espacio para la formaci\u00f3n y la celebraci\u00f3n de talleres, e incorporar\u00e1 una zona pensada para que los particulares puedan ir a arreglar sus art\u00edculos estropeados o deteriorados y poder seguir us\u00e1ndolos. Tambi\u00e9n habr\u00e1 una zona de restauraci\u00f3n concebida como centro de capacitaci\u00f3n, que emplear\u00e1 a personas con dificultades de inserci\u00f3n laboral, en la que se servir\u00e1n productos \u2018kil\u00f3metro 0\u2019.<\/p>\n<p>El proyecto de Centro de Preparaci\u00f3n para la Reutilizaci\u00f3n (CPR) ambiciona convertirse en un referente de la estrategia de sostenibilidad impulsada por la Diputaci\u00f3n Foral de Gipuzkoa. El diputado de Sostenibilidad, Jos\u00e9 Ignacio Asensio, lo define como \u00abun gran centro de transformaci\u00f3n que actuar\u00e1 en nuestra pol\u00edtica de residuos, potenciando la econom\u00eda verde y circular\u00bb. Recuerda que Gipuzkoa ya es l\u00edder en Espa\u00f1a en tasas de recogida selectiva y reciclaje de los residuos que el ciudadano deposita en los contenedores espec\u00edficos, como vidrio, papel, envases&#8230; \u00abEs el momento de reforzar los esfuerzos en prevenci\u00f3n y reutilizaci\u00f3n\u00bb, especialmente en aquellos residuos con niveles de recuperaci\u00f3n y reciclaje m\u00e1s bajos, como los que se tratar\u00e1n en el CPR.<\/p>\n<p><strong>SISTEMA INNOVADOR <\/strong><\/p>\n<p>En el caso de la ropa no reutilizable, el complejo dispondr\u00e1 de sistemas de clasificaci\u00f3n con tecnolog\u00eda \u00f3ptica que facilitar\u00e1n separar las prendas por tipo de tejido y\/o colores y enviarlas a empresas dedicadas al reciclaje de textiles, una vez que las principales marcas ya han constituido en Espa\u00f1a el SCRAP (Sistema Colectivo de Responsabilidad Ampliada del Productor) del sector textil y, por tanto, esta actividad empieza a estar organizada. En el caso de los voluminosos, la Diputaci\u00f3n admite que \u00abhabr\u00e1 que establecer junto con las mancomunidades sistemas de recogida m\u00e1s eficientes para elevar las tasas de reutilizaci\u00f3n, igual que con los aparatos el\u00e9ctricos y electr\u00f3nicos\u00bb. Desde un punto de vista m\u00e1s general, Asensio concluye que el CPR constituye \u00abun nuevo sistema de gesti\u00f3n integral de residuos espec\u00edficos\u00bb en Gipuzkoa y que con \u00e9l \u00abel complejo de Zubieta ser\u00e1 la primera infraestructura en el Estado que ofrece una respuesta integral al ciclo completo de la gesti\u00f3n de los residuos urbanos\u00bb.<\/p>\n","protected":false},"excerpt":{"rendered":"<p>Las obras de construcci\u00f3n comenzar\u00e1n en Zubieta a principios de 2025 y ser\u00e1 una infraestructura pionera en Espa\u00f1a Se dedicar\u00e1 a la recepci\u00f3n, posible arreglo y venta de materiales textiles, voluminosos y aparatos el\u00e9ctricos y electr\u00f3nicos. El nuevo Centro de Preparaci\u00f3n para la Reutilizaci\u00f3n (CPR), la \u00faltima infraestructura proyectada por la Diputaci\u00f3n Foral de Gipuzkoa [&hellip;]<\/p>\n","protected":false},"author":4,"featured_media":25645,"comment_status":"open","ping_status":"open","sticky":false,"template":"","format":"standard","meta":{"_et_pb_use_builder":"","_et_pb_old_content":"","_et_gb_content_width":"","footnotes":""},"categories":[688],"tags":[],"class_list":["post-25644","post","type-post","status-publish","format-standard","has-post-thumbnail","hentry","category-naturklima-eu"],"yoast_head":"<!-- This site is optimized with the Yoast SEO plugin v27.5 - https:\/\/yoast.com\/product\/yoast-seo-wordpress\/ -->\n<title>NUEVO CENTRO PARA REUTILIZACI\u00d3N DE MATERIALES<\/title>\n<meta name=\"description\" content=\"Gipuzkoa.Gipuzkoa Basket Club |\u00a0Los triples nos vuelven locos, \u00bfa ti no? | 943 444 428 \u00b7 gipuzkoabasket@gipuzkoabasket.com\" \/>\n<meta name=\"robots\" content=\"index, follow, max-snippet:-1, max-image-preview:large, max-video-preview:-1\" \/>\n<link rel=\"canonical\" href=\"https:\/\/gipuzkoabasket.com\/eu\/el-nuevo-centro-para-la-reutilizacion-de-materiales-estara-finalizado-para-mediados-de-2026\/\" \/>\n<meta property=\"og:locale\" content=\"eu_ES\" \/>\n<meta property=\"og:type\" content=\"article\" \/>\n<meta property=\"og:title\" content=\"NUEVO CENTRO PARA REUTILIZACI\u00d3N DE MATERIALES\" \/>\n<meta property=\"og:description\" content=\"Gipuzkoa.Gipuzkoa Basket Club |\u00a0Los triples nos vuelven locos, \u00bfa ti no? | 943 444 428 \u00b7 gipuzkoabasket@gipuzkoabasket.com\" \/>\n<meta property=\"og:url\" content=\"https:\/\/gipuzkoabasket.com\/eu\/el-nuevo-centro-para-la-reutilizacion-de-materiales-estara-finalizado-para-mediados-de-2026\/\" \/>\n<meta property=\"og:site_name\" content=\"Gipuzkoa Basket Club\" \/>\n<meta property=\"article:published_time\" content=\"2024-12-17T16:40:49+00:00\" \/>\n<meta property=\"og:image\" content=\"https:\/\/gipuzkoabasket.com\/wp-content\/uploads\/2024\/12\/NATURKLIMA.png\" \/>\n\t<meta property=\"og:image:width\" content=\"580\" \/>\n\t<meta property=\"og:image:height\" content=\"300\" \/>\n\t<meta property=\"og:image:type\" content=\"image\/png\" \/>\n<meta name=\"author\" content=\"Gipuzkoa Basket\" \/>\n<meta name=\"twitter:card\" content=\"summary_large_image\" \/>\n<meta name=\"twitter:label1\" content=\"Written by\" \/>\n\t<meta name=\"twitter:data1\" content=\"Gipuzkoa Basket\" \/>\n\t<meta name=\"twitter:label2\" content=\"Est. reading time\" \/>\n\t<meta name=\"twitter:data2\" content=\"5 minutes\" \/>\n<script type=\"application\/ld+json\" class=\"yoast-schema-graph\">{\"@context\":\"https:\\\/\\\/schema.org\",\"@graph\":[{\"@type\":\"Article\",\"@id\":\"https:\\\/\\\/gipuzkoabasket.com\\\/eu\\\/el-nuevo-centro-para-la-reutilizacion-de-materiales-estara-finalizado-para-mediados-de-2026\\\/#article\",\"isPartOf\":{\"@id\":\"https:\\\/\\\/gipuzkoabasket.com\\\/eu\\\/el-nuevo-centro-para-la-reutilizacion-de-materiales-estara-finalizado-para-mediados-de-2026\\\/\"},\"author\":{\"name\":\"Gipuzkoa Basket\",\"@id\":\"https:\\\/\\\/gipuzkoabasket.com\\\/eu\\\/#\\\/schema\\\/person\\\/323040e4c60bee749dc204aba8ceb3e3\"},\"headline\":\"EL NUEVO CENTRO PARA LA REUTILIZACI\u00d3N DE MATERIALES ESTAR\u00c1 FINALIZADO PARA MEDIADOS DE 2026\",\"datePublished\":\"2024-12-17T16:40:49+00:00\",\"mainEntityOfPage\":{\"@id\":\"https:\\\/\\\/gipuzkoabasket.com\\\/eu\\\/el-nuevo-centro-para-la-reutilizacion-de-materiales-estara-finalizado-para-mediados-de-2026\\\/\"},\"wordCount\":1057,\"commentCount\":0,\"publisher\":{\"@id\":\"https:\\\/\\\/gipuzkoabasket.com\\\/eu\\\/#organization\"},\"image\":{\"@id\":\"https:\\\/\\\/gipuzkoabasket.com\\\/eu\\\/el-nuevo-centro-para-la-reutilizacion-de-materiales-estara-finalizado-para-mediados-de-2026\\\/#primaryimage\"},\"thumbnailUrl\":\"https:\\\/\\\/gipuzkoabasket.com\\\/wp-content\\\/uploads\\\/2024\\\/12\\\/NATURKLIMA.png\",\"articleSection\":[\"Naturklima\"],\"inLanguage\":\"eu-ES\",\"potentialAction\":[{\"@type\":\"CommentAction\",\"name\":\"Comment\",\"target\":[\"https:\\\/\\\/gipuzkoabasket.com\\\/eu\\\/el-nuevo-centro-para-la-reutilizacion-de-materiales-estara-finalizado-para-mediados-de-2026\\\/#respond\"]}]},{\"@type\":\"WebPage\",\"@id\":\"https:\\\/\\\/gipuzkoabasket.com\\\/eu\\\/el-nuevo-centro-para-la-reutilizacion-de-materiales-estara-finalizado-para-mediados-de-2026\\\/\",\"url\":\"https:\\\/\\\/gipuzkoabasket.com\\\/eu\\\/el-nuevo-centro-para-la-reutilizacion-de-materiales-estara-finalizado-para-mediados-de-2026\\\/\",\"name\":\"NUEVO CENTRO PARA REUTILIZACI\u00d3N DE MATERIALES\",\"isPartOf\":{\"@id\":\"https:\\\/\\\/gipuzkoabasket.com\\\/eu\\\/#website\"},\"primaryImageOfPage\":{\"@id\":\"https:\\\/\\\/gipuzkoabasket.com\\\/eu\\\/el-nuevo-centro-para-la-reutilizacion-de-materiales-estara-finalizado-para-mediados-de-2026\\\/#primaryimage\"},\"image\":{\"@id\":\"https:\\\/\\\/gipuzkoabasket.com\\\/eu\\\/el-nuevo-centro-para-la-reutilizacion-de-materiales-estara-finalizado-para-mediados-de-2026\\\/#primaryimage\"},\"thumbnailUrl\":\"https:\\\/\\\/gipuzkoabasket.com\\\/wp-content\\\/uploads\\\/2024\\\/12\\\/NATURKLIMA.png\",\"datePublished\":\"2024-12-17T16:40:49+00:00\",\"description\":\"Gipuzkoa.Gipuzkoa Basket Club |\u00a0Los triples nos vuelven locos, \u00bfa ti no? | 943 444 428 \u00b7 gipuzkoabasket@gipuzkoabasket.com\",\"breadcrumb\":{\"@id\":\"https:\\\/\\\/gipuzkoabasket.com\\\/eu\\\/el-nuevo-centro-para-la-reutilizacion-de-materiales-estara-finalizado-para-mediados-de-2026\\\/#breadcrumb\"},\"inLanguage\":\"eu-ES\",\"potentialAction\":[{\"@type\":\"ReadAction\",\"target\":[\"https:\\\/\\\/gipuzkoabasket.com\\\/eu\\\/el-nuevo-centro-para-la-reutilizacion-de-materiales-estara-finalizado-para-mediados-de-2026\\\/\"]}]},{\"@type\":\"ImageObject\",\"inLanguage\":\"eu-ES\",\"@id\":\"https:\\\/\\\/gipuzkoabasket.com\\\/eu\\\/el-nuevo-centro-para-la-reutilizacion-de-materiales-estara-finalizado-para-mediados-de-2026\\\/#primaryimage\",\"url\":\"https:\\\/\\\/gipuzkoabasket.com\\\/wp-content\\\/uploads\\\/2024\\\/12\\\/NATURKLIMA.png\",\"contentUrl\":\"https:\\\/\\\/gipuzkoabasket.com\\\/wp-content\\\/uploads\\\/2024\\\/12\\\/NATURKLIMA.png\",\"width\":580,\"height\":300},{\"@type\":\"BreadcrumbList\",\"@id\":\"https:\\\/\\\/gipuzkoabasket.com\\\/eu\\\/el-nuevo-centro-para-la-reutilizacion-de-materiales-estara-finalizado-para-mediados-de-2026\\\/#breadcrumb\",\"itemListElement\":[{\"@type\":\"ListItem\",\"position\":1,\"name\":\"Portada\",\"item\":\"https:\\\/\\\/gipuzkoabasket.com\\\/eu\\\/\"},{\"@type\":\"ListItem\",\"position\":2,\"name\":\"EL NUEVO CENTRO PARA LA REUTILIZACI\u00d3N DE MATERIALES ESTAR\u00c1 FINALIZADO PARA MEDIADOS DE 2026\"}]},{\"@type\":\"WebSite\",\"@id\":\"https:\\\/\\\/gipuzkoabasket.com\\\/eu\\\/#website\",\"url\":\"https:\\\/\\\/gipuzkoabasket.com\\\/eu\\\/\",\"name\":\"Gipuzkoa Basket Club\",\"description\":\"Toda la actualidad del club\",\"publisher\":{\"@id\":\"https:\\\/\\\/gipuzkoabasket.com\\\/eu\\\/#organization\"},\"potentialAction\":[{\"@type\":\"SearchAction\",\"target\":{\"@type\":\"EntryPoint\",\"urlTemplate\":\"https:\\\/\\\/gipuzkoabasket.com\\\/eu\\\/?s={search_term_string}\"},\"query-input\":{\"@type\":\"PropertyValueSpecification\",\"valueRequired\":true,\"valueName\":\"search_term_string\"}}],\"inLanguage\":\"eu-ES\"},{\"@type\":\"Organization\",\"@id\":\"https:\\\/\\\/gipuzkoabasket.com\\\/eu\\\/#organization\",\"name\":\"Gipuzkoa Basket Club\",\"alternateName\":\"Gipuzkoa Basket\",\"url\":\"https:\\\/\\\/gipuzkoabasket.com\\\/eu\\\/\",\"logo\":{\"@type\":\"ImageObject\",\"inLanguage\":\"eu-ES\",\"@id\":\"https:\\\/\\\/gipuzkoabasket.com\\\/eu\\\/#\\\/schema\\\/logo\\\/image\\\/\",\"url\":\"https:\\\/\\\/gipuzkoabasket.com\\\/wp-content\\\/uploads\\\/2023\\\/07\\\/LOGO-GBC-300x300-1.png\",\"contentUrl\":\"https:\\\/\\\/gipuzkoabasket.com\\\/wp-content\\\/uploads\\\/2023\\\/07\\\/LOGO-GBC-300x300-1.png\",\"width\":300,\"height\":300,\"caption\":\"Gipuzkoa Basket Club\"},\"image\":{\"@id\":\"https:\\\/\\\/gipuzkoabasket.com\\\/eu\\\/#\\\/schema\\\/logo\\\/image\\\/\"}},{\"@type\":\"Person\",\"@id\":\"https:\\\/\\\/gipuzkoabasket.com\\\/eu\\\/#\\\/schema\\\/person\\\/323040e4c60bee749dc204aba8ceb3e3\",\"name\":\"Gipuzkoa Basket\",\"image\":{\"@type\":\"ImageObject\",\"inLanguage\":\"eu-ES\",\"@id\":\"https:\\\/\\\/secure.gravatar.com\\\/avatar\\\/438e8ad4e912cd6ac032e601f782b858bac6b1647fe178e8fb748154de1fb02d?s=96&d=mm&r=g\",\"url\":\"https:\\\/\\\/secure.gravatar.com\\\/avatar\\\/438e8ad4e912cd6ac032e601f782b858bac6b1647fe178e8fb748154de1fb02d?s=96&d=mm&r=g\",\"contentUrl\":\"https:\\\/\\\/secure.gravatar.com\\\/avatar\\\/438e8ad4e912cd6ac032e601f782b858bac6b1647fe178e8fb748154de1fb02d?s=96&d=mm&r=g\",\"caption\":\"Gipuzkoa Basket\"},\"url\":\"https:\\\/\\\/gipuzkoabasket.com\\\/eu\\\/author\\\/digital\\\/\"}]}<\/script>\n<!-- \/ Yoast SEO plugin. -->","yoast_head_json":{"title":"NUEVO CENTRO PARA REUTILIZACI\u00d3N DE MATERIALES","description":"Gipuzkoa.Gipuzkoa Basket Club |\u00a0Los triples nos vuelven locos, \u00bfa ti no? | 943 444 428 \u00b7 gipuzkoabasket@gipuzkoabasket.com","robots":{"index":"index","follow":"follow","max-snippet":"max-snippet:-1","max-image-preview":"max-image-preview:large","max-video-preview":"max-video-preview:-1"},"canonical":"https:\/\/gipuzkoabasket.com\/eu\/el-nuevo-centro-para-la-reutilizacion-de-materiales-estara-finalizado-para-mediados-de-2026\/","og_locale":"eu_ES","og_type":"article","og_title":"NUEVO CENTRO PARA REUTILIZACI\u00d3N DE MATERIALES","og_description":"Gipuzkoa.Gipuzkoa Basket Club |\u00a0Los triples nos vuelven locos, \u00bfa ti no? | 943 444 428 \u00b7 gipuzkoabasket@gipuzkoabasket.com","og_url":"https:\/\/gipuzkoabasket.com\/eu\/el-nuevo-centro-para-la-reutilizacion-de-materiales-estara-finalizado-para-mediados-de-2026\/","og_site_name":"Gipuzkoa Basket Club","article_published_time":"2024-12-17T16:40:49+00:00","og_image":[{"width":580,"height":300,"url":"https:\/\/gipuzkoabasket.com\/wp-content\/uploads\/2024\/12\/NATURKLIMA.png","type":"image\/png"}],"author":"Gipuzkoa Basket","twitter_card":"summary_large_image","twitter_misc":{"Written by":"Gipuzkoa Basket","Est. reading time":"5 minutes"},"schema":{"@context":"https:\/\/schema.org","@graph":[{"@type":"Article","@id":"https:\/\/gipuzkoabasket.com\/eu\/el-nuevo-centro-para-la-reutilizacion-de-materiales-estara-finalizado-para-mediados-de-2026\/#article","isPartOf":{"@id":"https:\/\/gipuzkoabasket.com\/eu\/el-nuevo-centro-para-la-reutilizacion-de-materiales-estara-finalizado-para-mediados-de-2026\/"},"author":{"name":"Gipuzkoa Basket","@id":"https:\/\/gipuzkoabasket.com\/eu\/#\/schema\/person\/323040e4c60bee749dc204aba8ceb3e3"},"headline":"EL NUEVO CENTRO PARA LA REUTILIZACI\u00d3N DE MATERIALES ESTAR\u00c1 FINALIZADO PARA MEDIADOS DE 2026","datePublished":"2024-12-17T16:40:49+00:00","mainEntityOfPage":{"@id":"https:\/\/gipuzkoabasket.com\/eu\/el-nuevo-centro-para-la-reutilizacion-de-materiales-estara-finalizado-para-mediados-de-2026\/"},"wordCount":1057,"commentCount":0,"publisher":{"@id":"https:\/\/gipuzkoabasket.com\/eu\/#organization"},"image":{"@id":"https:\/\/gipuzkoabasket.com\/eu\/el-nuevo-centro-para-la-reutilizacion-de-materiales-estara-finalizado-para-mediados-de-2026\/#primaryimage"},"thumbnailUrl":"https:\/\/gipuzkoabasket.com\/wp-content\/uploads\/2024\/12\/NATURKLIMA.png","articleSection":["Naturklima"],"inLanguage":"eu-ES","potentialAction":[{"@type":"CommentAction","name":"Comment","target":["https:\/\/gipuzkoabasket.com\/eu\/el-nuevo-centro-para-la-reutilizacion-de-materiales-estara-finalizado-para-mediados-de-2026\/#respond"]}]},{"@type":"WebPage","@id":"https:\/\/gipuzkoabasket.com\/eu\/el-nuevo-centro-para-la-reutilizacion-de-materiales-estara-finalizado-para-mediados-de-2026\/","url":"https:\/\/gipuzkoabasket.com\/eu\/el-nuevo-centro-para-la-reutilizacion-de-materiales-estara-finalizado-para-mediados-de-2026\/","name":"NUEVO CENTRO PARA REUTILIZACI\u00d3N DE MATERIALES","isPartOf":{"@id":"https:\/\/gipuzkoabasket.com\/eu\/#website"},"primaryImageOfPage":{"@id":"https:\/\/gipuzkoabasket.com\/eu\/el-nuevo-centro-para-la-reutilizacion-de-materiales-estara-finalizado-para-mediados-de-2026\/#primaryimage"},"image":{"@id":"https:\/\/gipuzkoabasket.com\/eu\/el-nuevo-centro-para-la-reutilizacion-de-materiales-estara-finalizado-para-mediados-de-2026\/#primaryimage"},"thumbnailUrl":"https:\/\/gipuzkoabasket.com\/wp-content\/uploads\/2024\/12\/NATURKLIMA.png","datePublished":"2024-12-17T16:40:49+00:00","description":"Gipuzkoa.Gipuzkoa Basket Club |\u00a0Los triples nos vuelven locos, \u00bfa ti no? | 943 444 428 \u00b7 gipuzkoabasket@gipuzkoabasket.com","breadcrumb":{"@id":"https:\/\/gipuzkoabasket.com\/eu\/el-nuevo-centro-para-la-reutilizacion-de-materiales-estara-finalizado-para-mediados-de-2026\/#breadcrumb"},"inLanguage":"eu-ES","potentialAction":[{"@type":"ReadAction","target":["https:\/\/gipuzkoabasket.com\/eu\/el-nuevo-centro-para-la-reutilizacion-de-materiales-estara-finalizado-para-mediados-de-2026\/"]}]},{"@type":"ImageObject","inLanguage":"eu-ES","@id":"https:\/\/gipuzkoabasket.com\/eu\/el-nuevo-centro-para-la-reutilizacion-de-materiales-estara-finalizado-para-mediados-de-2026\/#primaryimage","url":"https:\/\/gipuzkoabasket.com\/wp-content\/uploads\/2024\/12\/NATURKLIMA.png","contentUrl":"https:\/\/gipuzkoabasket.com\/wp-content\/uploads\/2024\/12\/NATURKLIMA.png","width":580,"height":300},{"@type":"BreadcrumbList","@id":"https:\/\/gipuzkoabasket.com\/eu\/el-nuevo-centro-para-la-reutilizacion-de-materiales-estara-finalizado-para-mediados-de-2026\/#breadcrumb","itemListElement":[{"@type":"ListItem","position":1,"name":"Portada","item":"https:\/\/gipuzkoabasket.com\/eu\/"},{"@type":"ListItem","position":2,"name":"EL NUEVO CENTRO PARA LA REUTILIZACI\u00d3N DE MATERIALES ESTAR\u00c1 FINALIZADO PARA MEDIADOS DE 2026"}]},{"@type":"WebSite","@id":"https:\/\/gipuzkoabasket.com\/eu\/#website","url":"https:\/\/gipuzkoabasket.com\/eu\/","name":"Gipuzkoa Basket Club","description":"Toda la actualidad del club","publisher":{"@id":"https:\/\/gipuzkoabasket.com\/eu\/#organization"},"potentialAction":[{"@type":"SearchAction","target":{"@type":"EntryPoint","urlTemplate":"https:\/\/gipuzkoabasket.com\/eu\/?s={search_term_string}"},"query-input":{"@type":"PropertyValueSpecification","valueRequired":true,"valueName":"search_term_string"}}],"inLanguage":"eu-ES"},{"@type":"Organization","@id":"https:\/\/gipuzkoabasket.com\/eu\/#organization","name":"Gipuzkoa Basket Club","alternateName":"Gipuzkoa Basket","url":"https:\/\/gipuzkoabasket.com\/eu\/","logo":{"@type":"ImageObject","inLanguage":"eu-ES","@id":"https:\/\/gipuzkoabasket.com\/eu\/#\/schema\/logo\/image\/","url":"https:\/\/gipuzkoabasket.com\/wp-content\/uploads\/2023\/07\/LOGO-GBC-300x300-1.png","contentUrl":"https:\/\/gipuzkoabasket.com\/wp-content\/uploads\/2023\/07\/LOGO-GBC-300x300-1.png","width":300,"height":300,"caption":"Gipuzkoa Basket Club"},"image":{"@id":"https:\/\/gipuzkoabasket.com\/eu\/#\/schema\/logo\/image\/"}},{"@type":"Person","@id":"https:\/\/gipuzkoabasket.com\/eu\/#\/schema\/person\/323040e4c60bee749dc204aba8ceb3e3","name":"Gipuzkoa Basket","image":{"@type":"ImageObject","inLanguage":"eu-ES","@id":"https:\/\/secure.gravatar.com\/avatar\/438e8ad4e912cd6ac032e601f782b858bac6b1647fe178e8fb748154de1fb02d?s=96&d=mm&r=g","url":"https:\/\/secure.gravatar.com\/avatar\/438e8ad4e912cd6ac032e601f782b858bac6b1647fe178e8fb748154de1fb02d?s=96&d=mm&r=g","contentUrl":"https:\/\/secure.gravatar.com\/avatar\/438e8ad4e912cd6ac032e601f782b858bac6b1647fe178e8fb748154de1fb02d?s=96&d=mm&r=g","caption":"Gipuzkoa Basket"},"url":"https:\/\/gipuzkoabasket.com\/eu\/author\/digital\/"}]}},"_links":{"self":[{"href":"https:\/\/gipuzkoabasket.com\/eu\/wp-json\/wp\/v2\/posts\/25644","targetHints":{"allow":["GET"]}}],"collection":[{"href":"https:\/\/gipuzkoabasket.com\/eu\/wp-json\/wp\/v2\/posts"}],"about":[{"href":"https:\/\/gipuzkoabasket.com\/eu\/wp-json\/wp\/v2\/types\/post"}],"author":[{"embeddable":true,"href":"https:\/\/gipuzkoabasket.com\/eu\/wp-json\/wp\/v2\/users\/4"}],"replies":[{"embeddable":true,"href":"https:\/\/gipuzkoabasket.com\/eu\/wp-json\/wp\/v2\/comments?post=25644"}],"version-history":[{"count":1,"href":"https:\/\/gipuzkoabasket.com\/eu\/wp-json\/wp\/v2\/posts\/25644\/revisions"}],"predecessor-version":[{"id":25647,"href":"https:\/\/gipuzkoabasket.com\/eu\/wp-json\/wp\/v2\/posts\/25644\/revisions\/25647"}],"wp:featuredmedia":[{"embeddable":true,"href":"https:\/\/gipuzkoabasket.com\/eu\/wp-json\/wp\/v2\/media\/25645"}],"wp:attachment":[{"href":"https:\/\/gipuzkoabasket.com\/eu\/wp-json\/wp\/v2\/media?parent=25644"}],"wp:term":[{"taxonomy":"category","embeddable":true,"href":"https:\/\/gipuzkoabasket.com\/eu\/wp-json\/wp\/v2\/categories?post=25644"},{"taxonomy":"post_tag","embeddable":true,"href":"https:\/\/gipuzkoabasket.com\/eu\/wp-json\/wp\/v2\/tags?post=25644"}],"curies":[{"name":"wp","href":"https:\/\/api.w.org\/{rel}","templated":true}]}}