{"id":26431,"date":"2025-06-06T12:45:56","date_gmt":"2025-06-06T10:45:56","guid":{"rendered":"https:\/\/gipuzkoabasket.com\/presentacion-sergio-garcia-gipuzkoa-ilusion-ambicion\/"},"modified":"2025-06-06T12:51:33","modified_gmt":"2025-06-06T10:51:33","slug":"presentacion-sergio-garcia-gipuzkoa-ilusion-ambicion","status":"publish","type":"post","link":"https:\/\/gipuzkoabasket.com\/eu\/presentacion-sergio-garcia-gipuzkoa-ilusion-ambicion\/","title":{"rendered":"AURKEZPENA SERGIO GARC\u00cdA: GIPUZKOA. ILUSIOA. ANBIZIOA"},"content":{"rendered":"<p>Gaur goizean aurkeztu da Sergio Garcia Inveready Gipuzkoa Basketeko entrenatzaile berria. Agerraldian Jos\u00e9 Luis Zubizarreta, &#8220;Xubi&#8221;, klubeko kirol zuzendaria ere izan da.<\/p>\n<p>&#8220;Xubi&#8221;-k azken urteetan egindako lana eskertu dio Mikel Odriozolari. Ondoren, Sergio Garciaren ibilbidea errepasatu du eta proiektuan sartzeko ilusioa adierazi du.<\/p>\n<p>Bestalde, Sergio Garciak eskerrak eman dizkio klubari berarengan jarritako konfiantzagatik. Babesleentzat eta erakundeentzat ere esker oneko hitzak izan ditu, proiektuari emandako babesagatik. Bere hitzaldian, &#8220;Gipuzkoa Basketen aire berri bat arnasten&#8221; dela adierazi du, eta mezu zuzena helarazi du: &#8220;Taldearen zentzua zaleak dira&#8221;.<\/p>\n<p>&#8220;Nire probintzia da, nire hiria da eta nire taldea da&#8221;, adierazi du. Horrela hasten da etapa berri bat, teknikariaren beraren hitzetan, hiru kontzeptu nagusirekin definitzen du: &#8220;Gipuzkoa, ilusioa eta anbizioa&#8221;.<\/p>\n","protected":false},"excerpt":{"rendered":"<p>Gaur goizean aurkeztu da Sergio Garcia Inveready Gipuzkoa Basketeko entrenatzaile berria. Agerraldian Jos\u00e9 Luis Zubizarreta, &#8220;Xubi&#8221;, klubeko kirol zuzendaria ere izan da. &#8220;Xubi&#8221;-k azken urteetan egindako lana eskertu dio Mikel Odriozolari. Ondoren, Sergio Garciaren ibilbidea errepasatu du eta proiektuan sartzeko ilusioa adierazi du. Bestalde, Sergio Garciak eskerrak eman dizkio klubari berarengan jarritako konfiantzagatik. Babesleentzat eta [&hellip;]<\/p>\n","protected":false},"author":4,"featured_media":26429,"comment_status":"open","ping_status":"open","sticky":false,"template":"","format":"standard","meta":{"_et_pb_use_builder":"","_et_pb_old_content":"","_et_gb_content_width":"","footnotes":""},"categories":[147],"tags":[],"class_list":["post-26431","post","type-post","status-publish","format-standard","has-post-thumbnail","hentry","category-soziala"],"yoast_head":"<!-- This site is optimized with the Yoast SEO plugin v27.5 - https:\/\/yoast.com\/product\/yoast-seo-wordpress\/ -->\n<title>PRESENTACI\u00d3N SERGIO GARC\u00cdA: GIPUZKOA. ILUSI\u00d3N. AMBICI\u00d3N<\/title>\n<meta name=\"description\" content=\"Gipuzkoa.Gipuzkoa Basket Club |\u00a0Los triples nos vuelven locos, \u00bfa ti no? | 943 444 428 \u00b7 gipuzkoabasket@gipuzkoabasket.com\" \/>\n<meta name=\"robots\" content=\"index, follow, max-snippet:-1, max-image-preview:large, max-video-preview:-1\" \/>\n<link rel=\"canonical\" href=\"https:\/\/gipuzkoabasket.com\/eu\/presentacion-sergio-garcia-gipuzkoa-ilusion-ambicion\/\" \/>\n<meta property=\"og:locale\" content=\"eu_ES\" \/>\n<meta property=\"og:type\" content=\"article\" \/>\n<meta property=\"og:title\" content=\"PRESENTACI\u00d3N SERGIO GARC\u00cdA: GIPUZKOA. ILUSI\u00d3N. AMBICI\u00d3N\" \/>\n<meta property=\"og:description\" content=\"Gipuzkoa.Gipuzkoa Basket Club |\u00a0Los triples nos vuelven locos, \u00bfa ti no? | 943 444 428 \u00b7 gipuzkoabasket@gipuzkoabasket.com\" \/>\n<meta property=\"og:url\" content=\"https:\/\/gipuzkoabasket.com\/eu\/presentacion-sergio-garcia-gipuzkoa-ilusion-ambicion\/\" \/>\n<meta property=\"og:site_name\" content=\"Gipuzkoa Basket Club\" \/>\n<meta property=\"article:published_time\" content=\"2025-06-06T10:45:56+00:00\" \/>\n<meta property=\"article:modified_time\" content=\"2025-06-06T10:51:33+00:00\" \/>\n<meta property=\"og:image\" content=\"https:\/\/gipuzkoabasket.com\/wp-content\/uploads\/2025\/06\/IMG_2797-1-scaled.jpg\" \/>\n\t<meta property=\"og:image:width\" content=\"1920\" \/>\n\t<meta property=\"og:image:height\" content=\"2560\" \/>\n\t<meta property=\"og:image:type\" content=\"image\/jpeg\" \/>\n<meta name=\"author\" content=\"Gipuzkoa Basket\" \/>\n<meta name=\"twitter:card\" content=\"summary_large_image\" \/>\n<meta name=\"twitter:label1\" content=\"Written by\" \/>\n\t<meta name=\"twitter:data1\" content=\"Gipuzkoa Basket\" \/>\n\t<meta name=\"twitter:label2\" content=\"Est. reading time\" \/>\n\t<meta name=\"twitter:data2\" content=\"1 minute\" \/>\n<script type=\"application\/ld+json\" class=\"yoast-schema-graph\">{\"@context\":\"https:\\\/\\\/schema.org\",\"@graph\":[{\"@type\":\"Article\",\"@id\":\"https:\\\/\\\/gipuzkoabasket.com\\\/eu\\\/presentacion-sergio-garcia-gipuzkoa-ilusion-ambicion\\\/#article\",\"isPartOf\":{\"@id\":\"https:\\\/\\\/gipuzkoabasket.com\\\/eu\\\/presentacion-sergio-garcia-gipuzkoa-ilusion-ambicion\\\/\"},\"author\":{\"name\":\"Gipuzkoa Basket\",\"@id\":\"https:\\\/\\\/gipuzkoabasket.com\\\/eu\\\/#\\\/schema\\\/person\\\/323040e4c60bee749dc204aba8ceb3e3\"},\"headline\":\"AURKEZPENA SERGIO GARC\u00cdA: GIPUZKOA. ILUSIOA. ANBIZIOA\",\"datePublished\":\"2025-06-06T10:45:56+00:00\",\"dateModified\":\"2025-06-06T10:51:33+00:00\",\"mainEntityOfPage\":{\"@id\":\"https:\\\/\\\/gipuzkoabasket.com\\\/eu\\\/presentacion-sergio-garcia-gipuzkoa-ilusion-ambicion\\\/\"},\"wordCount\":123,\"commentCount\":0,\"publisher\":{\"@id\":\"https:\\\/\\\/gipuzkoabasket.com\\\/eu\\\/#organization\"},\"image\":{\"@id\":\"https:\\\/\\\/gipuzkoabasket.com\\\/eu\\\/presentacion-sergio-garcia-gipuzkoa-ilusion-ambicion\\\/#primaryimage\"},\"thumbnailUrl\":\"https:\\\/\\\/gipuzkoabasket.com\\\/wp-content\\\/uploads\\\/2025\\\/06\\\/IMG_2797-1-scaled.jpg\",\"articleSection\":[\"Soziala\"],\"inLanguage\":\"eu-ES\",\"potentialAction\":[{\"@type\":\"CommentAction\",\"name\":\"Comment\",\"target\":[\"https:\\\/\\\/gipuzkoabasket.com\\\/eu\\\/presentacion-sergio-garcia-gipuzkoa-ilusion-ambicion\\\/#respond\"]}]},{\"@type\":\"WebPage\",\"@id\":\"https:\\\/\\\/gipuzkoabasket.com\\\/eu\\\/presentacion-sergio-garcia-gipuzkoa-ilusion-ambicion\\\/\",\"url\":\"https:\\\/\\\/gipuzkoabasket.com\\\/eu\\\/presentacion-sergio-garcia-gipuzkoa-ilusion-ambicion\\\/\",\"name\":\"PRESENTACI\u00d3N SERGIO GARC\u00cdA: GIPUZKOA. ILUSI\u00d3N. AMBICI\u00d3N\",\"isPartOf\":{\"@id\":\"https:\\\/\\\/gipuzkoabasket.com\\\/eu\\\/#website\"},\"primaryImageOfPage\":{\"@id\":\"https:\\\/\\\/gipuzkoabasket.com\\\/eu\\\/presentacion-sergio-garcia-gipuzkoa-ilusion-ambicion\\\/#primaryimage\"},\"image\":{\"@id\":\"https:\\\/\\\/gipuzkoabasket.com\\\/eu\\\/presentacion-sergio-garcia-gipuzkoa-ilusion-ambicion\\\/#primaryimage\"},\"thumbnailUrl\":\"https:\\\/\\\/gipuzkoabasket.com\\\/wp-content\\\/uploads\\\/2025\\\/06\\\/IMG_2797-1-scaled.jpg\",\"datePublished\":\"2025-06-06T10:45:56+00:00\",\"dateModified\":\"2025-06-06T10:51:33+00:00\",\"description\":\"Gipuzkoa.Gipuzkoa Basket Club |\u00a0Los triples nos vuelven locos, \u00bfa ti no? | 943 444 428 \u00b7 gipuzkoabasket@gipuzkoabasket.com\",\"breadcrumb\":{\"@id\":\"https:\\\/\\\/gipuzkoabasket.com\\\/eu\\\/presentacion-sergio-garcia-gipuzkoa-ilusion-ambicion\\\/#breadcrumb\"},\"inLanguage\":\"eu-ES\",\"potentialAction\":[{\"@type\":\"ReadAction\",\"target\":[\"https:\\\/\\\/gipuzkoabasket.com\\\/eu\\\/presentacion-sergio-garcia-gipuzkoa-ilusion-ambicion\\\/\"]}]},{\"@type\":\"ImageObject\",\"inLanguage\":\"eu-ES\",\"@id\":\"https:\\\/\\\/gipuzkoabasket.com\\\/eu\\\/presentacion-sergio-garcia-gipuzkoa-ilusion-ambicion\\\/#primaryimage\",\"url\":\"https:\\\/\\\/gipuzkoabasket.com\\\/wp-content\\\/uploads\\\/2025\\\/06\\\/IMG_2797-1-scaled.jpg\",\"contentUrl\":\"https:\\\/\\\/gipuzkoabasket.com\\\/wp-content\\\/uploads\\\/2025\\\/06\\\/IMG_2797-1-scaled.jpg\",\"width\":1920,\"height\":2560},{\"@type\":\"BreadcrumbList\",\"@id\":\"https:\\\/\\\/gipuzkoabasket.com\\\/eu\\\/presentacion-sergio-garcia-gipuzkoa-ilusion-ambicion\\\/#breadcrumb\",\"itemListElement\":[{\"@type\":\"ListItem\",\"position\":1,\"name\":\"Portada\",\"item\":\"https:\\\/\\\/gipuzkoabasket.com\\\/eu\\\/\"},{\"@type\":\"ListItem\",\"position\":2,\"name\":\"AURKEZPENA SERGIO GARC\u00cdA: GIPUZKOA. ILUSIOA. ANBIZIOA\"}]},{\"@type\":\"WebSite\",\"@id\":\"https:\\\/\\\/gipuzkoabasket.com\\\/eu\\\/#website\",\"url\":\"https:\\\/\\\/gipuzkoabasket.com\\\/eu\\\/\",\"name\":\"Gipuzkoa Basket Club\",\"description\":\"Toda la actualidad del club\",\"publisher\":{\"@id\":\"https:\\\/\\\/gipuzkoabasket.com\\\/eu\\\/#organization\"},\"potentialAction\":[{\"@type\":\"SearchAction\",\"target\":{\"@type\":\"EntryPoint\",\"urlTemplate\":\"https:\\\/\\\/gipuzkoabasket.com\\\/eu\\\/?s={search_term_string}\"},\"query-input\":{\"@type\":\"PropertyValueSpecification\",\"valueRequired\":true,\"valueName\":\"search_term_string\"}}],\"inLanguage\":\"eu-ES\"},{\"@type\":\"Organization\",\"@id\":\"https:\\\/\\\/gipuzkoabasket.com\\\/eu\\\/#organization\",\"name\":\"Gipuzkoa Basket Club\",\"alternateName\":\"Gipuzkoa Basket\",\"url\":\"https:\\\/\\\/gipuzkoabasket.com\\\/eu\\\/\",\"logo\":{\"@type\":\"ImageObject\",\"inLanguage\":\"eu-ES\",\"@id\":\"https:\\\/\\\/gipuzkoabasket.com\\\/eu\\\/#\\\/schema\\\/logo\\\/image\\\/\",\"url\":\"https:\\\/\\\/gipuzkoabasket.com\\\/wp-content\\\/uploads\\\/2023\\\/07\\\/LOGO-GBC-300x300-1.png\",\"contentUrl\":\"https:\\\/\\\/gipuzkoabasket.com\\\/wp-content\\\/uploads\\\/2023\\\/07\\\/LOGO-GBC-300x300-1.png\",\"width\":300,\"height\":300,\"caption\":\"Gipuzkoa Basket Club\"},\"image\":{\"@id\":\"https:\\\/\\\/gipuzkoabasket.com\\\/eu\\\/#\\\/schema\\\/logo\\\/image\\\/\"}},{\"@type\":\"Person\",\"@id\":\"https:\\\/\\\/gipuzkoabasket.com\\\/eu\\\/#\\\/schema\\\/person\\\/323040e4c60bee749dc204aba8ceb3e3\",\"name\":\"Gipuzkoa Basket\",\"image\":{\"@type\":\"ImageObject\",\"inLanguage\":\"eu-ES\",\"@id\":\"https:\\\/\\\/secure.gravatar.com\\\/avatar\\\/438e8ad4e912cd6ac032e601f782b858bac6b1647fe178e8fb748154de1fb02d?s=96&d=mm&r=g\",\"url\":\"https:\\\/\\\/secure.gravatar.com\\\/avatar\\\/438e8ad4e912cd6ac032e601f782b858bac6b1647fe178e8fb748154de1fb02d?s=96&d=mm&r=g\",\"contentUrl\":\"https:\\\/\\\/secure.gravatar.com\\\/avatar\\\/438e8ad4e912cd6ac032e601f782b858bac6b1647fe178e8fb748154de1fb02d?s=96&d=mm&r=g\",\"caption\":\"Gipuzkoa Basket\"},\"url\":\"https:\\\/\\\/gipuzkoabasket.com\\\/eu\\\/author\\\/digital\\\/\"}]}<\/script>\n<!-- \/ Yoast SEO plugin. -->","yoast_head_json":{"title":"PRESENTACI\u00d3N SERGIO GARC\u00cdA: GIPUZKOA. ILUSI\u00d3N. AMBICI\u00d3N","description":"Gipuzkoa.Gipuzkoa Basket Club |\u00a0Los triples nos vuelven locos, \u00bfa ti no? | 943 444 428 \u00b7 gipuzkoabasket@gipuzkoabasket.com","robots":{"index":"index","follow":"follow","max-snippet":"max-snippet:-1","max-image-preview":"max-image-preview:large","max-video-preview":"max-video-preview:-1"},"canonical":"https:\/\/gipuzkoabasket.com\/eu\/presentacion-sergio-garcia-gipuzkoa-ilusion-ambicion\/","og_locale":"eu_ES","og_type":"article","og_title":"PRESENTACI\u00d3N SERGIO GARC\u00cdA: GIPUZKOA. ILUSI\u00d3N. AMBICI\u00d3N","og_description":"Gipuzkoa.Gipuzkoa Basket Club |\u00a0Los triples nos vuelven locos, \u00bfa ti no? | 943 444 428 \u00b7 gipuzkoabasket@gipuzkoabasket.com","og_url":"https:\/\/gipuzkoabasket.com\/eu\/presentacion-sergio-garcia-gipuzkoa-ilusion-ambicion\/","og_site_name":"Gipuzkoa Basket Club","article_published_time":"2025-06-06T10:45:56+00:00","article_modified_time":"2025-06-06T10:51:33+00:00","og_image":[{"width":1920,"height":2560,"url":"https:\/\/gipuzkoabasket.com\/wp-content\/uploads\/2025\/06\/IMG_2797-1-scaled.jpg","type":"image\/jpeg"}],"author":"Gipuzkoa Basket","twitter_card":"summary_large_image","twitter_misc":{"Written by":"Gipuzkoa Basket","Est. reading time":"1 minute"},"schema":{"@context":"https:\/\/schema.org","@graph":[{"@type":"Article","@id":"https:\/\/gipuzkoabasket.com\/eu\/presentacion-sergio-garcia-gipuzkoa-ilusion-ambicion\/#article","isPartOf":{"@id":"https:\/\/gipuzkoabasket.com\/eu\/presentacion-sergio-garcia-gipuzkoa-ilusion-ambicion\/"},"author":{"name":"Gipuzkoa Basket","@id":"https:\/\/gipuzkoabasket.com\/eu\/#\/schema\/person\/323040e4c60bee749dc204aba8ceb3e3"},"headline":"AURKEZPENA SERGIO GARC\u00cdA: GIPUZKOA. ILUSIOA. ANBIZIOA","datePublished":"2025-06-06T10:45:56+00:00","dateModified":"2025-06-06T10:51:33+00:00","mainEntityOfPage":{"@id":"https:\/\/gipuzkoabasket.com\/eu\/presentacion-sergio-garcia-gipuzkoa-ilusion-ambicion\/"},"wordCount":123,"commentCount":0,"publisher":{"@id":"https:\/\/gipuzkoabasket.com\/eu\/#organization"},"image":{"@id":"https:\/\/gipuzkoabasket.com\/eu\/presentacion-sergio-garcia-gipuzkoa-ilusion-ambicion\/#primaryimage"},"thumbnailUrl":"https:\/\/gipuzkoabasket.com\/wp-content\/uploads\/2025\/06\/IMG_2797-1-scaled.jpg","articleSection":["Soziala"],"inLanguage":"eu-ES","potentialAction":[{"@type":"CommentAction","name":"Comment","target":["https:\/\/gipuzkoabasket.com\/eu\/presentacion-sergio-garcia-gipuzkoa-ilusion-ambicion\/#respond"]}]},{"@type":"WebPage","@id":"https:\/\/gipuzkoabasket.com\/eu\/presentacion-sergio-garcia-gipuzkoa-ilusion-ambicion\/","url":"https:\/\/gipuzkoabasket.com\/eu\/presentacion-sergio-garcia-gipuzkoa-ilusion-ambicion\/","name":"PRESENTACI\u00d3N SERGIO GARC\u00cdA: GIPUZKOA. ILUSI\u00d3N. AMBICI\u00d3N","isPartOf":{"@id":"https:\/\/gipuzkoabasket.com\/eu\/#website"},"primaryImageOfPage":{"@id":"https:\/\/gipuzkoabasket.com\/eu\/presentacion-sergio-garcia-gipuzkoa-ilusion-ambicion\/#primaryimage"},"image":{"@id":"https:\/\/gipuzkoabasket.com\/eu\/presentacion-sergio-garcia-gipuzkoa-ilusion-ambicion\/#primaryimage"},"thumbnailUrl":"https:\/\/gipuzkoabasket.com\/wp-content\/uploads\/2025\/06\/IMG_2797-1-scaled.jpg","datePublished":"2025-06-06T10:45:56+00:00","dateModified":"2025-06-06T10:51:33+00:00","description":"Gipuzkoa.Gipuzkoa Basket Club |\u00a0Los triples nos vuelven locos, \u00bfa ti no? | 943 444 428 \u00b7 gipuzkoabasket@gipuzkoabasket.com","breadcrumb":{"@id":"https:\/\/gipuzkoabasket.com\/eu\/presentacion-sergio-garcia-gipuzkoa-ilusion-ambicion\/#breadcrumb"},"inLanguage":"eu-ES","potentialAction":[{"@type":"ReadAction","target":["https:\/\/gipuzkoabasket.com\/eu\/presentacion-sergio-garcia-gipuzkoa-ilusion-ambicion\/"]}]},{"@type":"ImageObject","inLanguage":"eu-ES","@id":"https:\/\/gipuzkoabasket.com\/eu\/presentacion-sergio-garcia-gipuzkoa-ilusion-ambicion\/#primaryimage","url":"https:\/\/gipuzkoabasket.com\/wp-content\/uploads\/2025\/06\/IMG_2797-1-scaled.jpg","contentUrl":"https:\/\/gipuzkoabasket.com\/wp-content\/uploads\/2025\/06\/IMG_2797-1-scaled.jpg","width":1920,"height":2560},{"@type":"BreadcrumbList","@id":"https:\/\/gipuzkoabasket.com\/eu\/presentacion-sergio-garcia-gipuzkoa-ilusion-ambicion\/#breadcrumb","itemListElement":[{"@type":"ListItem","position":1,"name":"Portada","item":"https:\/\/gipuzkoabasket.com\/eu\/"},{"@type":"ListItem","position":2,"name":"AURKEZPENA SERGIO GARC\u00cdA: GIPUZKOA. ILUSIOA. ANBIZIOA"}]},{"@type":"WebSite","@id":"https:\/\/gipuzkoabasket.com\/eu\/#website","url":"https:\/\/gipuzkoabasket.com\/eu\/","name":"Gipuzkoa Basket Club","description":"Toda la actualidad del club","publisher":{"@id":"https:\/\/gipuzkoabasket.com\/eu\/#organization"},"potentialAction":[{"@type":"SearchAction","target":{"@type":"EntryPoint","urlTemplate":"https:\/\/gipuzkoabasket.com\/eu\/?s={search_term_string}"},"query-input":{"@type":"PropertyValueSpecification","valueRequired":true,"valueName":"search_term_string"}}],"inLanguage":"eu-ES"},{"@type":"Organization","@id":"https:\/\/gipuzkoabasket.com\/eu\/#organization","name":"Gipuzkoa Basket Club","alternateName":"Gipuzkoa Basket","url":"https:\/\/gipuzkoabasket.com\/eu\/","logo":{"@type":"ImageObject","inLanguage":"eu-ES","@id":"https:\/\/gipuzkoabasket.com\/eu\/#\/schema\/logo\/image\/","url":"https:\/\/gipuzkoabasket.com\/wp-content\/uploads\/2023\/07\/LOGO-GBC-300x300-1.png","contentUrl":"https:\/\/gipuzkoabasket.com\/wp-content\/uploads\/2023\/07\/LOGO-GBC-300x300-1.png","width":300,"height":300,"caption":"Gipuzkoa Basket Club"},"image":{"@id":"https:\/\/gipuzkoabasket.com\/eu\/#\/schema\/logo\/image\/"}},{"@type":"Person","@id":"https:\/\/gipuzkoabasket.com\/eu\/#\/schema\/person\/323040e4c60bee749dc204aba8ceb3e3","name":"Gipuzkoa Basket","image":{"@type":"ImageObject","inLanguage":"eu-ES","@id":"https:\/\/secure.gravatar.com\/avatar\/438e8ad4e912cd6ac032e601f782b858bac6b1647fe178e8fb748154de1fb02d?s=96&d=mm&r=g","url":"https:\/\/secure.gravatar.com\/avatar\/438e8ad4e912cd6ac032e601f782b858bac6b1647fe178e8fb748154de1fb02d?s=96&d=mm&r=g","contentUrl":"https:\/\/secure.gravatar.com\/avatar\/438e8ad4e912cd6ac032e601f782b858bac6b1647fe178e8fb748154de1fb02d?s=96&d=mm&r=g","caption":"Gipuzkoa Basket"},"url":"https:\/\/gipuzkoabasket.com\/eu\/author\/digital\/"}]}},"_links":{"self":[{"href":"https:\/\/gipuzkoabasket.com\/eu\/wp-json\/wp\/v2\/posts\/26431","targetHints":{"allow":["GET"]}}],"collection":[{"href":"https:\/\/gipuzkoabasket.com\/eu\/wp-json\/wp\/v2\/posts"}],"about":[{"href":"https:\/\/gipuzkoabasket.com\/eu\/wp-json\/wp\/v2\/types\/post"}],"author":[{"embeddable":true,"href":"https:\/\/gipuzkoabasket.com\/eu\/wp-json\/wp\/v2\/users\/4"}],"replies":[{"embeddable":true,"href":"https:\/\/gipuzkoabasket.com\/eu\/wp-json\/wp\/v2\/comments?post=26431"}],"version-history":[{"count":1,"href":"https:\/\/gipuzkoabasket.com\/eu\/wp-json\/wp\/v2\/posts\/26431\/revisions"}],"predecessor-version":[{"id":26432,"href":"https:\/\/gipuzkoabasket.com\/eu\/wp-json\/wp\/v2\/posts\/26431\/revisions\/26432"}],"wp:featuredmedia":[{"embeddable":true,"href":"https:\/\/gipuzkoabasket.com\/eu\/wp-json\/wp\/v2\/media\/26429"}],"wp:attachment":[{"href":"https:\/\/gipuzkoabasket.com\/eu\/wp-json\/wp\/v2\/media?parent=26431"}],"wp:term":[{"taxonomy":"category","embeddable":true,"href":"https:\/\/gipuzkoabasket.com\/eu\/wp-json\/wp\/v2\/categories?post=26431"},{"taxonomy":"post_tag","embeddable":true,"href":"https:\/\/gipuzkoabasket.com\/eu\/wp-json\/wp\/v2\/tags?post=26431"}],"curies":[{"name":"wp","href":"https:\/\/api.w.org\/{rel}","templated":true}]}}