{"id":26472,"date":"2025-06-18T12:25:46","date_gmt":"2025-06-18T10:25:46","guid":{"rendered":"https:\/\/gipuzkoabasket.com\/kalean-urban-fest-celebra-su-tercera-edicion\/"},"modified":"2025-06-18T12:37:00","modified_gmt":"2025-06-18T10:37:00","slug":"kalean-urban-fest-celebra-su-tercera-edicion","status":"publish","type":"post","link":"https:\/\/gipuzkoabasket.com\/eu\/kalean-urban-fest-celebra-su-tercera-edicion\/","title":{"rendered":"KALEAN URBAN FEST-EK BERE HIRUGARREN EDIZIOA OSPATUKO DU"},"content":{"rendered":"<p>Donostia hiri-jardueraz beteko da berriro ekainaren 27, 28 eta 29an, Kalean Urban Fest ekitaldiaren hirugarren edizioarekin. Gipuzkoa Basket Fundazioak antolatu du ekitaldi hori, Donostia Kirolaren laguntzarekin.<\/p>\n<p>Gaur goizean izan da aurkezpena Tabakaleran. Ekitaldian parte hartzen duten erakunde ezberdinetako ordezkariek hitz egin dute: Edurne Ormazabal (Tabakalerako zuzendari nagusia); M\u00f3nica Pedreira (Gipuzkoako Foru Aldundiko Trantsizio Ekologikoko zuzendaria); I\u00f1aki Gabarain (Kirol eta Bizitza Osasungarriko zinegotzia); Jon Andoni P\u00e9rez (EuskoTren) eta Josean Ibiriku (Gipuzkoa Basket Fundazioa).<\/p>\n<p>Ekitaldia non egongo den eta hiru egunetan zehar egingo diren jarduerak iragarri dira.<\/p>\n<p><strong>Blas de Otero plaza<\/strong><\/p>\n<p>Jaialdiaren bihotza Blas de Otero plaza izango da berriro ere. 3&#215;3 saskibaloiko bi kantxa jarriko dira. Hainbat txapelketa jokatuko dira, Gipuzkoako Saskibaloi Federazioaren 3&#215;3 zirkuituko txapelketa barne, larunbatean. Igandean 3&#215;3 txapelketa ireki bat ospatuko da. Izen-emateak datozen egunetan irekiko dira.<\/p>\n<p>Gune berean, ingurumenarekin konprometituta dauden erakunde solidarioen karpak jarriko dira, jaialdiak jasangarritasunarekin eta parte-hartze sozialarekin duen konpromisoa indartzeko.<\/p>\n<p>Arte urbanoak ere bere lekua izango du grafiti erakusketa batekin, eta Amenabar Arenan izango dira ikusgai haren lanak.<\/p>\n<p>Blas de Otero plazan ere kultur proposamenak izango dira: ekainaren 27an, osteguna, 19:00etan Korrugators taldearen kontzertua izango da.<\/p>\n<p>Gainera, Tabakalerako kanpoko patioan (sarrera Mundaiz \u2013 Mandasko Dukea kaletik), 8 metroko eskalada-horma bat jarriko da, publikoarentzat doan irekia.<\/p>\n<p><strong>Urumea ibaia eta Nautikoa<\/strong><\/p>\n<p>Aurtengo berritasunetako bat da Urumea ibaia eta Nautikoa jaialdiko jarduerak garatzeko leku gisa sartu direla. Paddle Surf ikastaro irekiak eskainiko dira ibaian, eta piraguismo eta bela erakustaldia egingo da Kontxako hondartzan, Nautikoaren ondoan.<\/p>\n<p>Bi erakustaldiak Real Club Tenis de San Sebasti\u00e1n (Paddle surf) eta Donostiako Real Club N\u00e1utico (piraguismoa eta bela) elkarlanean antolatuko dira.<\/p>\n<p>Datozen egunetan irekiko dira jarduera horietan izena emateko orriak.<\/p>\n<p><strong>Skate Park Pagola<\/strong><\/p>\n<p>Bestalde, Pagolako Skate Parken, eta LekuSkateren laguntzarekin, skate jarduerak antolatuko dituzte. Aurreko urteko ildo artistikoari jarraituz, oraingo honetan Pagola parkeko bowl-a margotuko da, hiriko hiri-inguruneari beste esku-hartze artistiko bat gehituz. Aurreko urteetan Amara Kantxa eta Tabakalerako Dantza eskolako pareta margotu zituzten.<\/p>\n<p>Kalean Urban Fest-ek hazten jarraitzen du, Donostiako espazio publikoan kirola, artea, gizarte-kontzientzia eta hiri-kultura bultzatzen dituen ekitaldi gisa.<\/p>\n<p>&nbsp;<\/p>\n<p><center><iframe loading=\"lazy\" title=\"YouTube video player\" src=\"https:\/\/www.youtube.com\/embed\/pLVSdf-eh0w?si=isyYM1IwefqzXyr-\" width=\"560\" height=\"315\" frameborder=\"0\" allowfullscreen=\"allowfullscreen\"><\/iframe>&#8220;&gt;<\/center><\/p>\n","protected":false},"excerpt":{"rendered":"<p>Donostia hiri-jardueraz beteko da berriro ekainaren 27, 28 eta 29an, Kalean Urban Fest ekitaldiaren hirugarren edizioarekin. Gipuzkoa Basket Fundazioak antolatu du ekitaldi hori, Donostia Kirolaren laguntzarekin. Gaur goizean izan da aurkezpena Tabakaleran. Ekitaldian parte hartzen duten erakunde ezberdinetako ordezkariek hitz egin dute: Edurne Ormazabal (Tabakalerako zuzendari nagusia); M\u00f3nica Pedreira (Gipuzkoako Foru Aldundiko Trantsizio Ekologikoko zuzendaria); [&hellip;]<\/p>\n","protected":false},"author":4,"featured_media":26470,"comment_status":"open","ping_status":"open","sticky":false,"template":"","format":"standard","meta":{"_et_pb_use_builder":"","_et_pb_old_content":"","_et_gb_content_width":"","footnotes":""},"categories":[701,688,147],"tags":[],"class_list":["post-26472","post","type-post","status-publish","format-standard","has-post-thumbnail","hentry","category-fundazioa","category-naturklima-eu","category-soziala"],"yoast_head":"<!-- This site is optimized with the Yoast SEO plugin v27.5 - https:\/\/yoast.com\/product\/yoast-seo-wordpress\/ -->\n<title>KALEAN URBAN FEST CELEBRA SU TERCERA EDICI\u00d3N<\/title>\n<meta name=\"description\" content=\"Gipuzkoa.Gipuzkoa Basket Club |\u00a0Los triples nos vuelven locos, \u00bfa ti no? | 943 444 428 \u00b7 gipuzkoabasket@gipuzkoabasket.com\" \/>\n<meta name=\"robots\" content=\"index, follow, max-snippet:-1, max-image-preview:large, max-video-preview:-1\" \/>\n<link rel=\"canonical\" href=\"https:\/\/gipuzkoabasket.com\/eu\/kalean-urban-fest-celebra-su-tercera-edicion\/\" \/>\n<meta property=\"og:locale\" content=\"eu_ES\" \/>\n<meta property=\"og:type\" content=\"article\" \/>\n<meta property=\"og:title\" content=\"KALEAN URBAN FEST CELEBRA SU TERCERA EDICI\u00d3N\" \/>\n<meta property=\"og:description\" content=\"Gipuzkoa.Gipuzkoa Basket Club |\u00a0Los triples nos vuelven locos, \u00bfa ti no? | 943 444 428 \u00b7 gipuzkoabasket@gipuzkoabasket.com\" \/>\n<meta property=\"og:url\" content=\"https:\/\/gipuzkoabasket.com\/eu\/kalean-urban-fest-celebra-su-tercera-edicion\/\" \/>\n<meta property=\"og:site_name\" content=\"Gipuzkoa Basket Club\" \/>\n<meta property=\"article:published_time\" content=\"2025-06-18T10:25:46+00:00\" \/>\n<meta property=\"article:modified_time\" content=\"2025-06-18T10:37:00+00:00\" \/>\n<meta property=\"og:image\" content=\"https:\/\/gipuzkoabasket.com\/wp-content\/uploads\/2023\/07\/LOGO-GBC-300x300-1.png\" \/>\n\t<meta property=\"og:image:width\" content=\"300\" \/>\n\t<meta property=\"og:image:height\" content=\"300\" \/>\n\t<meta property=\"og:image:type\" content=\"image\/png\" \/>\n<meta name=\"author\" content=\"Gipuzkoa Basket\" \/>\n<meta name=\"twitter:card\" content=\"summary_large_image\" \/>\n<meta name=\"twitter:label1\" content=\"Written by\" \/>\n\t<meta name=\"twitter:data1\" content=\"Gipuzkoa Basket\" \/>\n\t<meta name=\"twitter:label2\" content=\"Est. reading time\" \/>\n\t<meta name=\"twitter:data2\" content=\"2 minutes\" \/>\n<script type=\"application\/ld+json\" class=\"yoast-schema-graph\">{\"@context\":\"https:\\\/\\\/schema.org\",\"@graph\":[{\"@type\":\"Article\",\"@id\":\"https:\\\/\\\/gipuzkoabasket.com\\\/eu\\\/kalean-urban-fest-celebra-su-tercera-edicion\\\/#article\",\"isPartOf\":{\"@id\":\"https:\\\/\\\/gipuzkoabasket.com\\\/eu\\\/kalean-urban-fest-celebra-su-tercera-edicion\\\/\"},\"author\":{\"name\":\"Gipuzkoa Basket\",\"@id\":\"https:\\\/\\\/gipuzkoabasket.com\\\/eu\\\/#\\\/schema\\\/person\\\/323040e4c60bee749dc204aba8ceb3e3\"},\"headline\":\"KALEAN URBAN FEST-EK BERE HIRUGARREN EDIZIOA OSPATUKO DU\",\"datePublished\":\"2025-06-18T10:25:46+00:00\",\"dateModified\":\"2025-06-18T10:37:00+00:00\",\"mainEntityOfPage\":{\"@id\":\"https:\\\/\\\/gipuzkoabasket.com\\\/eu\\\/kalean-urban-fest-celebra-su-tercera-edicion\\\/\"},\"wordCount\":342,\"commentCount\":0,\"publisher\":{\"@id\":\"https:\\\/\\\/gipuzkoabasket.com\\\/eu\\\/#organization\"},\"image\":{\"@id\":\"https:\\\/\\\/gipuzkoabasket.com\\\/eu\\\/kalean-urban-fest-celebra-su-tercera-edicion\\\/#primaryimage\"},\"thumbnailUrl\":\"https:\\\/\\\/gipuzkoabasket.com\\\/wp-content\\\/uploads\\\/2025\\\/06\\\/Presentacion-KALEAN-min-2-scaled.png\",\"articleSection\":[\"Fundazioa\",\"Naturklima\",\"Soziala\"],\"inLanguage\":\"eu-ES\",\"potentialAction\":[{\"@type\":\"CommentAction\",\"name\":\"Comment\",\"target\":[\"https:\\\/\\\/gipuzkoabasket.com\\\/eu\\\/kalean-urban-fest-celebra-su-tercera-edicion\\\/#respond\"]}]},{\"@type\":\"WebPage\",\"@id\":\"https:\\\/\\\/gipuzkoabasket.com\\\/eu\\\/kalean-urban-fest-celebra-su-tercera-edicion\\\/\",\"url\":\"https:\\\/\\\/gipuzkoabasket.com\\\/eu\\\/kalean-urban-fest-celebra-su-tercera-edicion\\\/\",\"name\":\"KALEAN URBAN FEST CELEBRA SU TERCERA EDICI\u00d3N\",\"isPartOf\":{\"@id\":\"https:\\\/\\\/gipuzkoabasket.com\\\/eu\\\/#website\"},\"primaryImageOfPage\":{\"@id\":\"https:\\\/\\\/gipuzkoabasket.com\\\/eu\\\/kalean-urban-fest-celebra-su-tercera-edicion\\\/#primaryimage\"},\"image\":{\"@id\":\"https:\\\/\\\/gipuzkoabasket.com\\\/eu\\\/kalean-urban-fest-celebra-su-tercera-edicion\\\/#primaryimage\"},\"thumbnailUrl\":\"https:\\\/\\\/gipuzkoabasket.com\\\/wp-content\\\/uploads\\\/2025\\\/06\\\/Presentacion-KALEAN-min-2-scaled.png\",\"datePublished\":\"2025-06-18T10:25:46+00:00\",\"dateModified\":\"2025-06-18T10:37:00+00:00\",\"description\":\"Gipuzkoa.Gipuzkoa Basket Club |\u00a0Los triples nos vuelven locos, \u00bfa ti no? | 943 444 428 \u00b7 gipuzkoabasket@gipuzkoabasket.com\",\"breadcrumb\":{\"@id\":\"https:\\\/\\\/gipuzkoabasket.com\\\/eu\\\/kalean-urban-fest-celebra-su-tercera-edicion\\\/#breadcrumb\"},\"inLanguage\":\"eu-ES\",\"potentialAction\":[{\"@type\":\"ReadAction\",\"target\":[\"https:\\\/\\\/gipuzkoabasket.com\\\/eu\\\/kalean-urban-fest-celebra-su-tercera-edicion\\\/\"]}]},{\"@type\":\"ImageObject\",\"inLanguage\":\"eu-ES\",\"@id\":\"https:\\\/\\\/gipuzkoabasket.com\\\/eu\\\/kalean-urban-fest-celebra-su-tercera-edicion\\\/#primaryimage\",\"url\":\"https:\\\/\\\/gipuzkoabasket.com\\\/wp-content\\\/uploads\\\/2025\\\/06\\\/Presentacion-KALEAN-min-2-scaled.png\",\"contentUrl\":\"https:\\\/\\\/gipuzkoabasket.com\\\/wp-content\\\/uploads\\\/2025\\\/06\\\/Presentacion-KALEAN-min-2-scaled.png\",\"width\":1920,\"height\":2560},{\"@type\":\"BreadcrumbList\",\"@id\":\"https:\\\/\\\/gipuzkoabasket.com\\\/eu\\\/kalean-urban-fest-celebra-su-tercera-edicion\\\/#breadcrumb\",\"itemListElement\":[{\"@type\":\"ListItem\",\"position\":1,\"name\":\"Portada\",\"item\":\"https:\\\/\\\/gipuzkoabasket.com\\\/eu\\\/\"},{\"@type\":\"ListItem\",\"position\":2,\"name\":\"KALEAN URBAN FEST-EK BERE HIRUGARREN EDIZIOA OSPATUKO DU\"}]},{\"@type\":\"WebSite\",\"@id\":\"https:\\\/\\\/gipuzkoabasket.com\\\/eu\\\/#website\",\"url\":\"https:\\\/\\\/gipuzkoabasket.com\\\/eu\\\/\",\"name\":\"Gipuzkoa Basket Club\",\"description\":\"Toda la actualidad del club\",\"publisher\":{\"@id\":\"https:\\\/\\\/gipuzkoabasket.com\\\/eu\\\/#organization\"},\"potentialAction\":[{\"@type\":\"SearchAction\",\"target\":{\"@type\":\"EntryPoint\",\"urlTemplate\":\"https:\\\/\\\/gipuzkoabasket.com\\\/eu\\\/?s={search_term_string}\"},\"query-input\":{\"@type\":\"PropertyValueSpecification\",\"valueRequired\":true,\"valueName\":\"search_term_string\"}}],\"inLanguage\":\"eu-ES\"},{\"@type\":\"Organization\",\"@id\":\"https:\\\/\\\/gipuzkoabasket.com\\\/eu\\\/#organization\",\"name\":\"Gipuzkoa Basket Club\",\"alternateName\":\"Gipuzkoa Basket\",\"url\":\"https:\\\/\\\/gipuzkoabasket.com\\\/eu\\\/\",\"logo\":{\"@type\":\"ImageObject\",\"inLanguage\":\"eu-ES\",\"@id\":\"https:\\\/\\\/gipuzkoabasket.com\\\/eu\\\/#\\\/schema\\\/logo\\\/image\\\/\",\"url\":\"https:\\\/\\\/gipuzkoabasket.com\\\/wp-content\\\/uploads\\\/2023\\\/07\\\/LOGO-GBC-300x300-1.png\",\"contentUrl\":\"https:\\\/\\\/gipuzkoabasket.com\\\/wp-content\\\/uploads\\\/2023\\\/07\\\/LOGO-GBC-300x300-1.png\",\"width\":300,\"height\":300,\"caption\":\"Gipuzkoa Basket Club\"},\"image\":{\"@id\":\"https:\\\/\\\/gipuzkoabasket.com\\\/eu\\\/#\\\/schema\\\/logo\\\/image\\\/\"}},{\"@type\":\"Person\",\"@id\":\"https:\\\/\\\/gipuzkoabasket.com\\\/eu\\\/#\\\/schema\\\/person\\\/323040e4c60bee749dc204aba8ceb3e3\",\"name\":\"Gipuzkoa Basket\",\"image\":{\"@type\":\"ImageObject\",\"inLanguage\":\"eu-ES\",\"@id\":\"https:\\\/\\\/secure.gravatar.com\\\/avatar\\\/438e8ad4e912cd6ac032e601f782b858bac6b1647fe178e8fb748154de1fb02d?s=96&d=mm&r=g\",\"url\":\"https:\\\/\\\/secure.gravatar.com\\\/avatar\\\/438e8ad4e912cd6ac032e601f782b858bac6b1647fe178e8fb748154de1fb02d?s=96&d=mm&r=g\",\"contentUrl\":\"https:\\\/\\\/secure.gravatar.com\\\/avatar\\\/438e8ad4e912cd6ac032e601f782b858bac6b1647fe178e8fb748154de1fb02d?s=96&d=mm&r=g\",\"caption\":\"Gipuzkoa Basket\"},\"url\":\"https:\\\/\\\/gipuzkoabasket.com\\\/eu\\\/author\\\/digital\\\/\"}]}<\/script>\n<!-- \/ Yoast SEO plugin. -->","yoast_head_json":{"title":"KALEAN URBAN FEST CELEBRA SU TERCERA EDICI\u00d3N","description":"Gipuzkoa.Gipuzkoa Basket Club |\u00a0Los triples nos vuelven locos, \u00bfa ti no? | 943 444 428 \u00b7 gipuzkoabasket@gipuzkoabasket.com","robots":{"index":"index","follow":"follow","max-snippet":"max-snippet:-1","max-image-preview":"max-image-preview:large","max-video-preview":"max-video-preview:-1"},"canonical":"https:\/\/gipuzkoabasket.com\/eu\/kalean-urban-fest-celebra-su-tercera-edicion\/","og_locale":"eu_ES","og_type":"article","og_title":"KALEAN URBAN FEST CELEBRA SU TERCERA EDICI\u00d3N","og_description":"Gipuzkoa.Gipuzkoa Basket Club |\u00a0Los triples nos vuelven locos, \u00bfa ti no? | 943 444 428 \u00b7 gipuzkoabasket@gipuzkoabasket.com","og_url":"https:\/\/gipuzkoabasket.com\/eu\/kalean-urban-fest-celebra-su-tercera-edicion\/","og_site_name":"Gipuzkoa Basket Club","article_published_time":"2025-06-18T10:25:46+00:00","article_modified_time":"2025-06-18T10:37:00+00:00","og_image":[{"width":300,"height":300,"url":"https:\/\/gipuzkoabasket.com\/wp-content\/uploads\/2023\/07\/LOGO-GBC-300x300-1.png","type":"image\/png"}],"author":"Gipuzkoa Basket","twitter_card":"summary_large_image","twitter_misc":{"Written by":"Gipuzkoa Basket","Est. reading time":"2 minutes"},"schema":{"@context":"https:\/\/schema.org","@graph":[{"@type":"Article","@id":"https:\/\/gipuzkoabasket.com\/eu\/kalean-urban-fest-celebra-su-tercera-edicion\/#article","isPartOf":{"@id":"https:\/\/gipuzkoabasket.com\/eu\/kalean-urban-fest-celebra-su-tercera-edicion\/"},"author":{"name":"Gipuzkoa Basket","@id":"https:\/\/gipuzkoabasket.com\/eu\/#\/schema\/person\/323040e4c60bee749dc204aba8ceb3e3"},"headline":"KALEAN URBAN FEST-EK BERE HIRUGARREN EDIZIOA OSPATUKO DU","datePublished":"2025-06-18T10:25:46+00:00","dateModified":"2025-06-18T10:37:00+00:00","mainEntityOfPage":{"@id":"https:\/\/gipuzkoabasket.com\/eu\/kalean-urban-fest-celebra-su-tercera-edicion\/"},"wordCount":342,"commentCount":0,"publisher":{"@id":"https:\/\/gipuzkoabasket.com\/eu\/#organization"},"image":{"@id":"https:\/\/gipuzkoabasket.com\/eu\/kalean-urban-fest-celebra-su-tercera-edicion\/#primaryimage"},"thumbnailUrl":"https:\/\/gipuzkoabasket.com\/wp-content\/uploads\/2025\/06\/Presentacion-KALEAN-min-2-scaled.png","articleSection":["Fundazioa","Naturklima","Soziala"],"inLanguage":"eu-ES","potentialAction":[{"@type":"CommentAction","name":"Comment","target":["https:\/\/gipuzkoabasket.com\/eu\/kalean-urban-fest-celebra-su-tercera-edicion\/#respond"]}]},{"@type":"WebPage","@id":"https:\/\/gipuzkoabasket.com\/eu\/kalean-urban-fest-celebra-su-tercera-edicion\/","url":"https:\/\/gipuzkoabasket.com\/eu\/kalean-urban-fest-celebra-su-tercera-edicion\/","name":"KALEAN URBAN FEST CELEBRA SU TERCERA EDICI\u00d3N","isPartOf":{"@id":"https:\/\/gipuzkoabasket.com\/eu\/#website"},"primaryImageOfPage":{"@id":"https:\/\/gipuzkoabasket.com\/eu\/kalean-urban-fest-celebra-su-tercera-edicion\/#primaryimage"},"image":{"@id":"https:\/\/gipuzkoabasket.com\/eu\/kalean-urban-fest-celebra-su-tercera-edicion\/#primaryimage"},"thumbnailUrl":"https:\/\/gipuzkoabasket.com\/wp-content\/uploads\/2025\/06\/Presentacion-KALEAN-min-2-scaled.png","datePublished":"2025-06-18T10:25:46+00:00","dateModified":"2025-06-18T10:37:00+00:00","description":"Gipuzkoa.Gipuzkoa Basket Club |\u00a0Los triples nos vuelven locos, \u00bfa ti no? | 943 444 428 \u00b7 gipuzkoabasket@gipuzkoabasket.com","breadcrumb":{"@id":"https:\/\/gipuzkoabasket.com\/eu\/kalean-urban-fest-celebra-su-tercera-edicion\/#breadcrumb"},"inLanguage":"eu-ES","potentialAction":[{"@type":"ReadAction","target":["https:\/\/gipuzkoabasket.com\/eu\/kalean-urban-fest-celebra-su-tercera-edicion\/"]}]},{"@type":"ImageObject","inLanguage":"eu-ES","@id":"https:\/\/gipuzkoabasket.com\/eu\/kalean-urban-fest-celebra-su-tercera-edicion\/#primaryimage","url":"https:\/\/gipuzkoabasket.com\/wp-content\/uploads\/2025\/06\/Presentacion-KALEAN-min-2-scaled.png","contentUrl":"https:\/\/gipuzkoabasket.com\/wp-content\/uploads\/2025\/06\/Presentacion-KALEAN-min-2-scaled.png","width":1920,"height":2560},{"@type":"BreadcrumbList","@id":"https:\/\/gipuzkoabasket.com\/eu\/kalean-urban-fest-celebra-su-tercera-edicion\/#breadcrumb","itemListElement":[{"@type":"ListItem","position":1,"name":"Portada","item":"https:\/\/gipuzkoabasket.com\/eu\/"},{"@type":"ListItem","position":2,"name":"KALEAN URBAN FEST-EK BERE HIRUGARREN EDIZIOA OSPATUKO DU"}]},{"@type":"WebSite","@id":"https:\/\/gipuzkoabasket.com\/eu\/#website","url":"https:\/\/gipuzkoabasket.com\/eu\/","name":"Gipuzkoa Basket Club","description":"Toda la actualidad del club","publisher":{"@id":"https:\/\/gipuzkoabasket.com\/eu\/#organization"},"potentialAction":[{"@type":"SearchAction","target":{"@type":"EntryPoint","urlTemplate":"https:\/\/gipuzkoabasket.com\/eu\/?s={search_term_string}"},"query-input":{"@type":"PropertyValueSpecification","valueRequired":true,"valueName":"search_term_string"}}],"inLanguage":"eu-ES"},{"@type":"Organization","@id":"https:\/\/gipuzkoabasket.com\/eu\/#organization","name":"Gipuzkoa Basket Club","alternateName":"Gipuzkoa Basket","url":"https:\/\/gipuzkoabasket.com\/eu\/","logo":{"@type":"ImageObject","inLanguage":"eu-ES","@id":"https:\/\/gipuzkoabasket.com\/eu\/#\/schema\/logo\/image\/","url":"https:\/\/gipuzkoabasket.com\/wp-content\/uploads\/2023\/07\/LOGO-GBC-300x300-1.png","contentUrl":"https:\/\/gipuzkoabasket.com\/wp-content\/uploads\/2023\/07\/LOGO-GBC-300x300-1.png","width":300,"height":300,"caption":"Gipuzkoa Basket Club"},"image":{"@id":"https:\/\/gipuzkoabasket.com\/eu\/#\/schema\/logo\/image\/"}},{"@type":"Person","@id":"https:\/\/gipuzkoabasket.com\/eu\/#\/schema\/person\/323040e4c60bee749dc204aba8ceb3e3","name":"Gipuzkoa Basket","image":{"@type":"ImageObject","inLanguage":"eu-ES","@id":"https:\/\/secure.gravatar.com\/avatar\/438e8ad4e912cd6ac032e601f782b858bac6b1647fe178e8fb748154de1fb02d?s=96&d=mm&r=g","url":"https:\/\/secure.gravatar.com\/avatar\/438e8ad4e912cd6ac032e601f782b858bac6b1647fe178e8fb748154de1fb02d?s=96&d=mm&r=g","contentUrl":"https:\/\/secure.gravatar.com\/avatar\/438e8ad4e912cd6ac032e601f782b858bac6b1647fe178e8fb748154de1fb02d?s=96&d=mm&r=g","caption":"Gipuzkoa Basket"},"url":"https:\/\/gipuzkoabasket.com\/eu\/author\/digital\/"}]}},"_links":{"self":[{"href":"https:\/\/gipuzkoabasket.com\/eu\/wp-json\/wp\/v2\/posts\/26472","targetHints":{"allow":["GET"]}}],"collection":[{"href":"https:\/\/gipuzkoabasket.com\/eu\/wp-json\/wp\/v2\/posts"}],"about":[{"href":"https:\/\/gipuzkoabasket.com\/eu\/wp-json\/wp\/v2\/types\/post"}],"author":[{"embeddable":true,"href":"https:\/\/gipuzkoabasket.com\/eu\/wp-json\/wp\/v2\/users\/4"}],"replies":[{"embeddable":true,"href":"https:\/\/gipuzkoabasket.com\/eu\/wp-json\/wp\/v2\/comments?post=26472"}],"version-history":[{"count":3,"href":"https:\/\/gipuzkoabasket.com\/eu\/wp-json\/wp\/v2\/posts\/26472\/revisions"}],"predecessor-version":[{"id":26475,"href":"https:\/\/gipuzkoabasket.com\/eu\/wp-json\/wp\/v2\/posts\/26472\/revisions\/26475"}],"wp:featuredmedia":[{"embeddable":true,"href":"https:\/\/gipuzkoabasket.com\/eu\/wp-json\/wp\/v2\/media\/26470"}],"wp:attachment":[{"href":"https:\/\/gipuzkoabasket.com\/eu\/wp-json\/wp\/v2\/media?parent=26472"}],"wp:term":[{"taxonomy":"category","embeddable":true,"href":"https:\/\/gipuzkoabasket.com\/eu\/wp-json\/wp\/v2\/categories?post=26472"},{"taxonomy":"post_tag","embeddable":true,"href":"https:\/\/gipuzkoabasket.com\/eu\/wp-json\/wp\/v2\/tags?post=26472"}],"curies":[{"name":"wp","href":"https:\/\/api.w.org\/{rel}","templated":true}]}}