{"id":2941,"date":"2018-01-31T19:01:35","date_gmt":"2018-01-31T17:01:35","guid":{"rendered":"https:\/\/www.gipuzkoabasket.com\/?p=2941\/"},"modified":"2023-11-20T18:29:03","modified_gmt":"2023-11-20T17:29:03","slug":"gbc-con-la-aecc-en-el-dia-mundial-contra-en-cancer-2","status":"publish","type":"post","link":"https:\/\/gipuzkoabasket.com\/eu\/gbc-con-la-aecc-en-el-dia-mundial-contra-en-cancer-2\/","title":{"rendered":"GBC CON LA AECC EN EL D\u00cdA MUNDIAL CONTRA EN C\u00c1NCER"},"content":{"rendered":"<p>Con motivo del D\u00eda Mundial contra el C\u00e1ncer que tendr\u00e1 lugar el pr\u00f3ximo domingo 4 de febrero, los socios de la Asociaci\u00f3n contra el C\u00e1ncer AECC Gipuzkoa tendr\u00e1n una entrada especial de 3 euros para poder asistir al partido entre el Delteco GBC y Herbalife Gran Canaria (domingo 4, 12.30h \u2013 Donostia Arena). El precio se aplicar\u00e1 al mostrar el documento que la asociaci\u00f3n ha enviado a sus socios en los puntos de ventas de entradas del GBC (taquilla y oficinas).<\/p>\n<p>La asociaci\u00f3n, que este a\u00f1o cumple 30 a\u00f1os de trayectoria en nuestro territorio, cuenta en la actualidad con un total de 11.283 socios.\u00a0 AECC GIPUZKOA desempe\u00f1a una labor fundamental en todas las comarcas gracias a sus 5 Juntas Locales con sede en Irun, Tolosa, Zarautz, Zumarraga y Eibar, adem\u00e1s de su sede central en Donostia-San Sebasti\u00e1n donde se ubica la Junta Provincial. 973 voluntarios forman tambi\u00e9n parte de la Asociaci\u00f3n contra el C\u00e1ncer de Gipuzkoa.<\/p>\n<p>AECC Gipuzkoa atendi\u00f3 el a\u00f1o pasado a un total de 10.755 personas tanto en sus diferentes programas de apoyo a pacientes como en las campa\u00f1as de prevenci\u00f3n llevadas a cabo. Seg\u00fan se desprende del balance de actividad de 2017, fueron cerca de un millar los afectados por la enfermedad y familiares que se beneficiaron de los servicios que presta la asociaci\u00f3n, cuya principal misi\u00f3n es la de atender a los enfermos de c\u00e1ncer y sus familias.<\/p>\n","protected":false},"excerpt":{"rendered":"<p>Los socios de la AECC podr\u00e1n acudir al encuentro del domingo con un precio especial.<\/p>\n","protected":false},"author":2,"featured_media":2938,"comment_status":"open","ping_status":"open","sticky":false,"template":"","format":"standard","meta":{"_et_pb_use_builder":"","_et_pb_old_content":"","_et_gb_content_width":"","footnotes":""},"categories":[8,446,147],"tags":[623,472,483,475,476,478,526,479],"class_list":["post-2941","post","type-post","status-publish","format-standard","has-post-thumbnail","hentry","category-endesa-liga","category-hemeroteka","category-soziala","tag-aecc-eu","tag-aficion-eu-2","tag-delteco-gbc-eu","tag-donostia-arena-eu-2","tag-gbc-eu-eu","tag-gipuzkoa-basket-eu-2","tag-herbalife-gran-canaria-eu-2","tag-liga-endesa-eu-2"],"yoast_head":"<!-- This site is optimized with the Yoast SEO plugin v27.5 - https:\/\/yoast.com\/product\/yoast-seo-wordpress\/ -->\n<title>GBC CON LA AECC EN EL D\u00cdA MUNDIAL CONTRA EN C\u00c1NCER |\u00a0 Gipuzkoa Basket<\/title>\n<meta name=\"description\" content=\"Gipuzkoa.Gipuzkoa Basket Club |\u00a0Los triples nos vuelven locos, \u00bfa ti no? | 943 444 428 \u00b7 gipuzkoabasket@gipuzkoabasket.com\" \/>\n<meta name=\"robots\" content=\"index, follow, max-snippet:-1, max-image-preview:large, max-video-preview:-1\" \/>\n<link rel=\"canonical\" href=\"https:\/\/gipuzkoabasket.com\/eu\/gbc-con-la-aecc-en-el-dia-mundial-contra-en-cancer-2\/\" \/>\n<meta property=\"og:locale\" content=\"eu_ES\" \/>\n<meta property=\"og:type\" content=\"article\" \/>\n<meta property=\"og:title\" content=\"GBC CON LA AECC EN EL D\u00cdA MUNDIAL CONTRA EN C\u00c1NCER |\u00a0 Gipuzkoa Basket\" \/>\n<meta property=\"og:description\" content=\"Gipuzkoa.Gipuzkoa Basket Club |\u00a0Los triples nos vuelven locos, \u00bfa ti no? | 943 444 428 \u00b7 gipuzkoabasket@gipuzkoabasket.com\" \/>\n<meta property=\"og:url\" content=\"https:\/\/gipuzkoabasket.com\/eu\/gbc-con-la-aecc-en-el-dia-mundial-contra-en-cancer-2\/\" \/>\n<meta property=\"og:site_name\" content=\"Gipuzkoa Basket Club\" \/>\n<meta property=\"article:published_time\" content=\"2018-01-31T17:01:35+00:00\" \/>\n<meta property=\"article:modified_time\" content=\"2023-11-20T17:29:03+00:00\" \/>\n<meta property=\"og:image\" content=\"https:\/\/gipuzkoabasket.com\/wp-content\/uploads\/2018\/01\/aecc.jpg\" \/>\n\t<meta property=\"og:image:width\" content=\"676\" \/>\n\t<meta property=\"og:image:height\" content=\"399\" \/>\n\t<meta property=\"og:image:type\" content=\"image\/jpeg\" \/>\n<meta name=\"author\" content=\"Gipuzkoa Basket\" \/>\n<meta name=\"twitter:card\" content=\"summary_large_image\" \/>\n<meta name=\"twitter:label1\" content=\"Written by\" \/>\n\t<meta name=\"twitter:data1\" content=\"Gipuzkoa Basket\" \/>\n\t<meta name=\"twitter:label2\" content=\"Est. reading time\" \/>\n\t<meta name=\"twitter:data2\" content=\"2 minutes\" \/>\n<script type=\"application\/ld+json\" class=\"yoast-schema-graph\">{\"@context\":\"https:\\\/\\\/schema.org\",\"@graph\":[{\"@type\":\"Article\",\"@id\":\"https:\\\/\\\/gipuzkoabasket.com\\\/eu\\\/gbc-con-la-aecc-en-el-dia-mundial-contra-en-cancer-2\\\/#article\",\"isPartOf\":{\"@id\":\"https:\\\/\\\/gipuzkoabasket.com\\\/eu\\\/gbc-con-la-aecc-en-el-dia-mundial-contra-en-cancer-2\\\/\"},\"author\":{\"name\":\"Gipuzkoa Basket\",\"@id\":\"https:\\\/\\\/gipuzkoabasket.com\\\/eu\\\/#\\\/schema\\\/person\\\/bd3551d543ad11d210e99773b69631a0\"},\"headline\":\"GBC CON LA AECC EN EL D\u00cdA MUNDIAL CONTRA EN C\u00c1NCER\",\"datePublished\":\"2018-01-31T17:01:35+00:00\",\"dateModified\":\"2023-11-20T17:29:03+00:00\",\"mainEntityOfPage\":{\"@id\":\"https:\\\/\\\/gipuzkoabasket.com\\\/eu\\\/gbc-con-la-aecc-en-el-dia-mundial-contra-en-cancer-2\\\/\"},\"wordCount\":258,\"commentCount\":0,\"publisher\":{\"@id\":\"https:\\\/\\\/gipuzkoabasket.com\\\/eu\\\/#organization\"},\"image\":{\"@id\":\"https:\\\/\\\/gipuzkoabasket.com\\\/eu\\\/gbc-con-la-aecc-en-el-dia-mundial-contra-en-cancer-2\\\/#primaryimage\"},\"thumbnailUrl\":\"https:\\\/\\\/gipuzkoabasket.com\\\/wp-content\\\/uploads\\\/2018\\\/01\\\/aecc.jpg\",\"keywords\":[\"AECC\",\"Afici\u00f3n\",\"Delteco GBC\",\"Donostia Arena\",\"GBC\",\"Gipuzkoa Basket\",\"Herbalife Gran Canaria\",\"Liga Endesa\"],\"articleSection\":[\"Endesa Liga\",\"Hemeroteka\",\"Soziala\"],\"inLanguage\":\"eu-ES\",\"potentialAction\":[{\"@type\":\"CommentAction\",\"name\":\"Comment\",\"target\":[\"https:\\\/\\\/gipuzkoabasket.com\\\/eu\\\/gbc-con-la-aecc-en-el-dia-mundial-contra-en-cancer-2\\\/#respond\"]}]},{\"@type\":\"WebPage\",\"@id\":\"https:\\\/\\\/gipuzkoabasket.com\\\/eu\\\/gbc-con-la-aecc-en-el-dia-mundial-contra-en-cancer-2\\\/\",\"url\":\"https:\\\/\\\/gipuzkoabasket.com\\\/eu\\\/gbc-con-la-aecc-en-el-dia-mundial-contra-en-cancer-2\\\/\",\"name\":\"GBC CON LA AECC EN EL D\u00cdA MUNDIAL CONTRA EN C\u00c1NCER |\u00a0 Gipuzkoa Basket\",\"isPartOf\":{\"@id\":\"https:\\\/\\\/gipuzkoabasket.com\\\/eu\\\/#website\"},\"primaryImageOfPage\":{\"@id\":\"https:\\\/\\\/gipuzkoabasket.com\\\/eu\\\/gbc-con-la-aecc-en-el-dia-mundial-contra-en-cancer-2\\\/#primaryimage\"},\"image\":{\"@id\":\"https:\\\/\\\/gipuzkoabasket.com\\\/eu\\\/gbc-con-la-aecc-en-el-dia-mundial-contra-en-cancer-2\\\/#primaryimage\"},\"thumbnailUrl\":\"https:\\\/\\\/gipuzkoabasket.com\\\/wp-content\\\/uploads\\\/2018\\\/01\\\/aecc.jpg\",\"datePublished\":\"2018-01-31T17:01:35+00:00\",\"dateModified\":\"2023-11-20T17:29:03+00:00\",\"description\":\"Gipuzkoa.Gipuzkoa Basket Club |\u00a0Los triples nos vuelven locos, \u00bfa ti no? | 943 444 428 \u00b7 gipuzkoabasket@gipuzkoabasket.com\",\"breadcrumb\":{\"@id\":\"https:\\\/\\\/gipuzkoabasket.com\\\/eu\\\/gbc-con-la-aecc-en-el-dia-mundial-contra-en-cancer-2\\\/#breadcrumb\"},\"inLanguage\":\"eu-ES\",\"potentialAction\":[{\"@type\":\"ReadAction\",\"target\":[\"https:\\\/\\\/gipuzkoabasket.com\\\/eu\\\/gbc-con-la-aecc-en-el-dia-mundial-contra-en-cancer-2\\\/\"]}]},{\"@type\":\"ImageObject\",\"inLanguage\":\"eu-ES\",\"@id\":\"https:\\\/\\\/gipuzkoabasket.com\\\/eu\\\/gbc-con-la-aecc-en-el-dia-mundial-contra-en-cancer-2\\\/#primaryimage\",\"url\":\"https:\\\/\\\/gipuzkoabasket.com\\\/wp-content\\\/uploads\\\/2018\\\/01\\\/aecc.jpg\",\"contentUrl\":\"https:\\\/\\\/gipuzkoabasket.com\\\/wp-content\\\/uploads\\\/2018\\\/01\\\/aecc.jpg\",\"width\":676,\"height\":399},{\"@type\":\"BreadcrumbList\",\"@id\":\"https:\\\/\\\/gipuzkoabasket.com\\\/eu\\\/gbc-con-la-aecc-en-el-dia-mundial-contra-en-cancer-2\\\/#breadcrumb\",\"itemListElement\":[{\"@type\":\"ListItem\",\"position\":1,\"name\":\"Portada\",\"item\":\"https:\\\/\\\/gipuzkoabasket.com\\\/eu\\\/\"},{\"@type\":\"ListItem\",\"position\":2,\"name\":\"GBC CON LA AECC EN EL D\u00cdA MUNDIAL CONTRA EN C\u00c1NCER\"}]},{\"@type\":\"WebSite\",\"@id\":\"https:\\\/\\\/gipuzkoabasket.com\\\/eu\\\/#website\",\"url\":\"https:\\\/\\\/gipuzkoabasket.com\\\/eu\\\/\",\"name\":\"Gipuzkoa Basket Club\",\"description\":\"Toda la actualidad del club\",\"publisher\":{\"@id\":\"https:\\\/\\\/gipuzkoabasket.com\\\/eu\\\/#organization\"},\"potentialAction\":[{\"@type\":\"SearchAction\",\"target\":{\"@type\":\"EntryPoint\",\"urlTemplate\":\"https:\\\/\\\/gipuzkoabasket.com\\\/eu\\\/?s={search_term_string}\"},\"query-input\":{\"@type\":\"PropertyValueSpecification\",\"valueRequired\":true,\"valueName\":\"search_term_string\"}}],\"inLanguage\":\"eu-ES\"},{\"@type\":\"Organization\",\"@id\":\"https:\\\/\\\/gipuzkoabasket.com\\\/eu\\\/#organization\",\"name\":\"Gipuzkoa Basket Club\",\"alternateName\":\"Gipuzkoa Basket\",\"url\":\"https:\\\/\\\/gipuzkoabasket.com\\\/eu\\\/\",\"logo\":{\"@type\":\"ImageObject\",\"inLanguage\":\"eu-ES\",\"@id\":\"https:\\\/\\\/gipuzkoabasket.com\\\/eu\\\/#\\\/schema\\\/logo\\\/image\\\/\",\"url\":\"https:\\\/\\\/gipuzkoabasket.com\\\/wp-content\\\/uploads\\\/2023\\\/07\\\/LOGO-GBC-300x300-1.png\",\"contentUrl\":\"https:\\\/\\\/gipuzkoabasket.com\\\/wp-content\\\/uploads\\\/2023\\\/07\\\/LOGO-GBC-300x300-1.png\",\"width\":300,\"height\":300,\"caption\":\"Gipuzkoa Basket Club\"},\"image\":{\"@id\":\"https:\\\/\\\/gipuzkoabasket.com\\\/eu\\\/#\\\/schema\\\/logo\\\/image\\\/\"}},{\"@type\":\"Person\",\"@id\":\"https:\\\/\\\/gipuzkoabasket.com\\\/eu\\\/#\\\/schema\\\/person\\\/bd3551d543ad11d210e99773b69631a0\",\"name\":\"Gipuzkoa Basket\",\"image\":{\"@type\":\"ImageObject\",\"inLanguage\":\"eu-ES\",\"@id\":\"https:\\\/\\\/secure.gravatar.com\\\/avatar\\\/e5b959b6b0321efa5df7c766774c837369fb264465d34f031005235bf80ef231?s=96&d=mm&r=g\",\"url\":\"https:\\\/\\\/secure.gravatar.com\\\/avatar\\\/e5b959b6b0321efa5df7c766774c837369fb264465d34f031005235bf80ef231?s=96&d=mm&r=g\",\"contentUrl\":\"https:\\\/\\\/secure.gravatar.com\\\/avatar\\\/e5b959b6b0321efa5df7c766774c837369fb264465d34f031005235bf80ef231?s=96&d=mm&r=g\",\"caption\":\"Gipuzkoa Basket\"},\"url\":\"https:\\\/\\\/gipuzkoabasket.com\\\/eu\\\/author\\\/gipuzkoa-basket\\\/\"}]}<\/script>\n<!-- \/ Yoast SEO plugin. -->","yoast_head_json":{"title":"GBC CON LA AECC EN EL D\u00cdA MUNDIAL CONTRA EN C\u00c1NCER |\u00a0 Gipuzkoa Basket","description":"Gipuzkoa.Gipuzkoa Basket Club |\u00a0Los triples nos vuelven locos, \u00bfa ti no? | 943 444 428 \u00b7 gipuzkoabasket@gipuzkoabasket.com","robots":{"index":"index","follow":"follow","max-snippet":"max-snippet:-1","max-image-preview":"max-image-preview:large","max-video-preview":"max-video-preview:-1"},"canonical":"https:\/\/gipuzkoabasket.com\/eu\/gbc-con-la-aecc-en-el-dia-mundial-contra-en-cancer-2\/","og_locale":"eu_ES","og_type":"article","og_title":"GBC CON LA AECC EN EL D\u00cdA MUNDIAL CONTRA EN C\u00c1NCER |\u00a0 Gipuzkoa Basket","og_description":"Gipuzkoa.Gipuzkoa Basket Club |\u00a0Los triples nos vuelven locos, \u00bfa ti no? | 943 444 428 \u00b7 gipuzkoabasket@gipuzkoabasket.com","og_url":"https:\/\/gipuzkoabasket.com\/eu\/gbc-con-la-aecc-en-el-dia-mundial-contra-en-cancer-2\/","og_site_name":"Gipuzkoa Basket Club","article_published_time":"2018-01-31T17:01:35+00:00","article_modified_time":"2023-11-20T17:29:03+00:00","og_image":[{"width":676,"height":399,"url":"https:\/\/gipuzkoabasket.com\/wp-content\/uploads\/2018\/01\/aecc.jpg","type":"image\/jpeg"}],"author":"Gipuzkoa Basket","twitter_card":"summary_large_image","twitter_misc":{"Written by":"Gipuzkoa Basket","Est. reading time":"2 minutes"},"schema":{"@context":"https:\/\/schema.org","@graph":[{"@type":"Article","@id":"https:\/\/gipuzkoabasket.com\/eu\/gbc-con-la-aecc-en-el-dia-mundial-contra-en-cancer-2\/#article","isPartOf":{"@id":"https:\/\/gipuzkoabasket.com\/eu\/gbc-con-la-aecc-en-el-dia-mundial-contra-en-cancer-2\/"},"author":{"name":"Gipuzkoa Basket","@id":"https:\/\/gipuzkoabasket.com\/eu\/#\/schema\/person\/bd3551d543ad11d210e99773b69631a0"},"headline":"GBC CON LA AECC EN EL D\u00cdA MUNDIAL CONTRA EN C\u00c1NCER","datePublished":"2018-01-31T17:01:35+00:00","dateModified":"2023-11-20T17:29:03+00:00","mainEntityOfPage":{"@id":"https:\/\/gipuzkoabasket.com\/eu\/gbc-con-la-aecc-en-el-dia-mundial-contra-en-cancer-2\/"},"wordCount":258,"commentCount":0,"publisher":{"@id":"https:\/\/gipuzkoabasket.com\/eu\/#organization"},"image":{"@id":"https:\/\/gipuzkoabasket.com\/eu\/gbc-con-la-aecc-en-el-dia-mundial-contra-en-cancer-2\/#primaryimage"},"thumbnailUrl":"https:\/\/gipuzkoabasket.com\/wp-content\/uploads\/2018\/01\/aecc.jpg","keywords":["AECC","Afici\u00f3n","Delteco GBC","Donostia Arena","GBC","Gipuzkoa Basket","Herbalife Gran Canaria","Liga Endesa"],"articleSection":["Endesa Liga","Hemeroteka","Soziala"],"inLanguage":"eu-ES","potentialAction":[{"@type":"CommentAction","name":"Comment","target":["https:\/\/gipuzkoabasket.com\/eu\/gbc-con-la-aecc-en-el-dia-mundial-contra-en-cancer-2\/#respond"]}]},{"@type":"WebPage","@id":"https:\/\/gipuzkoabasket.com\/eu\/gbc-con-la-aecc-en-el-dia-mundial-contra-en-cancer-2\/","url":"https:\/\/gipuzkoabasket.com\/eu\/gbc-con-la-aecc-en-el-dia-mundial-contra-en-cancer-2\/","name":"GBC CON LA AECC EN EL D\u00cdA MUNDIAL CONTRA EN C\u00c1NCER |\u00a0 Gipuzkoa Basket","isPartOf":{"@id":"https:\/\/gipuzkoabasket.com\/eu\/#website"},"primaryImageOfPage":{"@id":"https:\/\/gipuzkoabasket.com\/eu\/gbc-con-la-aecc-en-el-dia-mundial-contra-en-cancer-2\/#primaryimage"},"image":{"@id":"https:\/\/gipuzkoabasket.com\/eu\/gbc-con-la-aecc-en-el-dia-mundial-contra-en-cancer-2\/#primaryimage"},"thumbnailUrl":"https:\/\/gipuzkoabasket.com\/wp-content\/uploads\/2018\/01\/aecc.jpg","datePublished":"2018-01-31T17:01:35+00:00","dateModified":"2023-11-20T17:29:03+00:00","description":"Gipuzkoa.Gipuzkoa Basket Club |\u00a0Los triples nos vuelven locos, \u00bfa ti no? | 943 444 428 \u00b7 gipuzkoabasket@gipuzkoabasket.com","breadcrumb":{"@id":"https:\/\/gipuzkoabasket.com\/eu\/gbc-con-la-aecc-en-el-dia-mundial-contra-en-cancer-2\/#breadcrumb"},"inLanguage":"eu-ES","potentialAction":[{"@type":"ReadAction","target":["https:\/\/gipuzkoabasket.com\/eu\/gbc-con-la-aecc-en-el-dia-mundial-contra-en-cancer-2\/"]}]},{"@type":"ImageObject","inLanguage":"eu-ES","@id":"https:\/\/gipuzkoabasket.com\/eu\/gbc-con-la-aecc-en-el-dia-mundial-contra-en-cancer-2\/#primaryimage","url":"https:\/\/gipuzkoabasket.com\/wp-content\/uploads\/2018\/01\/aecc.jpg","contentUrl":"https:\/\/gipuzkoabasket.com\/wp-content\/uploads\/2018\/01\/aecc.jpg","width":676,"height":399},{"@type":"BreadcrumbList","@id":"https:\/\/gipuzkoabasket.com\/eu\/gbc-con-la-aecc-en-el-dia-mundial-contra-en-cancer-2\/#breadcrumb","itemListElement":[{"@type":"ListItem","position":1,"name":"Portada","item":"https:\/\/gipuzkoabasket.com\/eu\/"},{"@type":"ListItem","position":2,"name":"GBC CON LA AECC EN EL D\u00cdA MUNDIAL CONTRA EN C\u00c1NCER"}]},{"@type":"WebSite","@id":"https:\/\/gipuzkoabasket.com\/eu\/#website","url":"https:\/\/gipuzkoabasket.com\/eu\/","name":"Gipuzkoa Basket Club","description":"Toda la actualidad del club","publisher":{"@id":"https:\/\/gipuzkoabasket.com\/eu\/#organization"},"potentialAction":[{"@type":"SearchAction","target":{"@type":"EntryPoint","urlTemplate":"https:\/\/gipuzkoabasket.com\/eu\/?s={search_term_string}"},"query-input":{"@type":"PropertyValueSpecification","valueRequired":true,"valueName":"search_term_string"}}],"inLanguage":"eu-ES"},{"@type":"Organization","@id":"https:\/\/gipuzkoabasket.com\/eu\/#organization","name":"Gipuzkoa Basket Club","alternateName":"Gipuzkoa Basket","url":"https:\/\/gipuzkoabasket.com\/eu\/","logo":{"@type":"ImageObject","inLanguage":"eu-ES","@id":"https:\/\/gipuzkoabasket.com\/eu\/#\/schema\/logo\/image\/","url":"https:\/\/gipuzkoabasket.com\/wp-content\/uploads\/2023\/07\/LOGO-GBC-300x300-1.png","contentUrl":"https:\/\/gipuzkoabasket.com\/wp-content\/uploads\/2023\/07\/LOGO-GBC-300x300-1.png","width":300,"height":300,"caption":"Gipuzkoa Basket Club"},"image":{"@id":"https:\/\/gipuzkoabasket.com\/eu\/#\/schema\/logo\/image\/"}},{"@type":"Person","@id":"https:\/\/gipuzkoabasket.com\/eu\/#\/schema\/person\/bd3551d543ad11d210e99773b69631a0","name":"Gipuzkoa Basket","image":{"@type":"ImageObject","inLanguage":"eu-ES","@id":"https:\/\/secure.gravatar.com\/avatar\/e5b959b6b0321efa5df7c766774c837369fb264465d34f031005235bf80ef231?s=96&d=mm&r=g","url":"https:\/\/secure.gravatar.com\/avatar\/e5b959b6b0321efa5df7c766774c837369fb264465d34f031005235bf80ef231?s=96&d=mm&r=g","contentUrl":"https:\/\/secure.gravatar.com\/avatar\/e5b959b6b0321efa5df7c766774c837369fb264465d34f031005235bf80ef231?s=96&d=mm&r=g","caption":"Gipuzkoa Basket"},"url":"https:\/\/gipuzkoabasket.com\/eu\/author\/gipuzkoa-basket\/"}]}},"_links":{"self":[{"href":"https:\/\/gipuzkoabasket.com\/eu\/wp-json\/wp\/v2\/posts\/2941","targetHints":{"allow":["GET"]}}],"collection":[{"href":"https:\/\/gipuzkoabasket.com\/eu\/wp-json\/wp\/v2\/posts"}],"about":[{"href":"https:\/\/gipuzkoabasket.com\/eu\/wp-json\/wp\/v2\/types\/post"}],"author":[{"embeddable":true,"href":"https:\/\/gipuzkoabasket.com\/eu\/wp-json\/wp\/v2\/users\/2"}],"replies":[{"embeddable":true,"href":"https:\/\/gipuzkoabasket.com\/eu\/wp-json\/wp\/v2\/comments?post=2941"}],"version-history":[{"count":1,"href":"https:\/\/gipuzkoabasket.com\/eu\/wp-json\/wp\/v2\/posts\/2941\/revisions"}],"predecessor-version":[{"id":21947,"href":"https:\/\/gipuzkoabasket.com\/eu\/wp-json\/wp\/v2\/posts\/2941\/revisions\/21947"}],"wp:featuredmedia":[{"embeddable":true,"href":"https:\/\/gipuzkoabasket.com\/eu\/wp-json\/wp\/v2\/media\/2938"}],"wp:attachment":[{"href":"https:\/\/gipuzkoabasket.com\/eu\/wp-json\/wp\/v2\/media?parent=2941"}],"wp:term":[{"taxonomy":"category","embeddable":true,"href":"https:\/\/gipuzkoabasket.com\/eu\/wp-json\/wp\/v2\/categories?post=2941"},{"taxonomy":"post_tag","embeddable":true,"href":"https:\/\/gipuzkoabasket.com\/eu\/wp-json\/wp\/v2\/tags?post=2941"}],"curies":[{"name":"wp","href":"https:\/\/api.w.org\/{rel}","templated":true}]}}