{"id":3523,"date":"2018-04-27T12:08:54","date_gmt":"2018-04-27T10:08:54","guid":{"rendered":"https:\/\/www.gipuzkoabasket.com\/?p=3523\/"},"modified":"2023-11-20T18:30:10","modified_gmt":"2023-11-20T17:30:10","slug":"delteco-gbc-san-pablo-burgos","status":"publish","type":"post","link":"https:\/\/gipuzkoabasket.com\/eu\/delteco-gbc-san-pablo-burgos\/","title":{"rendered":"DELTECO GBC \u2013 SAN PABLO BURGOS"},"content":{"rendered":"<p>Este fin de semana el baloncesto vivir\u00e1 una gran fiesta en el Donostia Arena entre los dos equipos que ascendieron la pasada campa\u00f1a a la Liga Endesa. Aunque con trayectorias diferentes, ambos conjuntos han demostrado sus\u00a0 ganas y sus capacidades para continuar en la m\u00e1xima categor\u00eda, y tanto el Delteco GBC como el San Pablo Burgos se enfrentan al encuentro del domingo con el mismo objetivo: certificar cuanto antes su permanencia.<\/p>\n<p>Para los de Porfi Fisac la certificaci\u00f3n est\u00e1 m\u00e1s cerca, pero no piensan desaprovechar ninguna oportunidad, y menos en casa ante su afici\u00f3n. El equipo tendr\u00e1 que hacer frente una vez m\u00e1s a la baja de Henk Norel, a las que se suman las dudas de Van Lacke y Clark, pero estas circunstancias no han mermado los \u00e1nimos de sus compa\u00f1eros en otras ocasiones y tampoco lo har\u00e1n ahora.<\/p>\n<p>San Pablo Burgos por su parte enfrenta este partido con 10 victorias en su haber, lo que actualmente le coloca en la decimocuarta posici\u00f3n de la clasificaci\u00f3n, a dos de la l\u00ednea de descenso. Se trata de un equipo con car\u00e1cter que estar\u00e1 tremendamente arropado por su afici\u00f3n en su visita a San Sebasti\u00e1n, por lo que la importancia del apoyo de la afici\u00f3n del GBC ser\u00e1 una vez m\u00e1s fundamental.<\/p>\n<p>Adem\u00e1s, todos aquellos aficionados guipuzcoanos que compren su entrada para este partido podr\u00e1n adquirir la del pr\u00f3ximo y \u00faltimo encuentro de la temporada en el Donostia Arena frente a Divina Joventut al 50% mostr\u00e1ndola en las oficinas del club antes del 18 de mayo.<\/p>\n<p>&nbsp;<\/p>\n<p>CURIOSIDADES<br \/>\n&#8211; Duelo entre los dos equipos ascendidos esta temporada.<br \/>\n&#8211; Goran Huskic, p\u00edvot del San Pablo Burgos, se mide esta jornada al Delteco GBC, equipo con el que debut\u00f3 en la Liga Endesa.<\/p>\n<p>&nbsp;<\/p>\n<p>\u00c1RBITROS<br \/>\n&#8211; GARCIA GONZALEZ, Juan Carlos<br \/>\n&#8211; CALATRAVA, Fernando<br \/>\n&#8211; MENDOZA, Esperanza<\/p>\n<p>&nbsp;<\/p>\n","protected":false},"excerpt":{"rendered":"<p>El Donostia Arena acoge un bonito e importante duelo este domingo (18.00h).<\/p>\n","protected":false},"author":2,"featured_media":3524,"comment_status":"open","ping_status":"open","sticky":false,"template":"","format":"standard","meta":{"_et_pb_use_builder":"","_et_pb_old_content":"","_et_gb_content_width":"","footnotes":""},"categories":[49,8,446],"tags":[472,483,474,475,476,477,478,479,481,486,488],"class_list":["post-3523","post","type-post","status-publish","format-standard","has-post-thumbnail","hentry","category-aurrekoa","category-endesa-liga","category-hemeroteka","tag-aficion-eu-2","tag-delteco-gbc-eu","tag-donostia-eu-2","tag-donostia-arena-eu-2","tag-gbc-eu-eu","tag-gipuzkoa-eu-eu","tag-gipuzkoa-basket-eu-2","tag-liga-endesa-eu-2","tag-partido-eu-eu","tag-previa-eu-2","tag-san-pablo-burgos-eu-2"],"yoast_head":"<!-- This site is optimized with the Yoast SEO plugin v27.5 - https:\/\/yoast.com\/product\/yoast-seo-wordpress\/ -->\n<title>DELTECO GBC \u2013 SAN PABLO BURGOS |\u00a0 Gipuzkoa Basket<\/title>\n<meta name=\"description\" content=\"Gipuzkoa.Gipuzkoa Basket Club |\u00a0Los triples nos vuelven locos, \u00bfa ti no? | 943 444 428 \u00b7 gipuzkoabasket@gipuzkoabasket.com\" \/>\n<meta name=\"robots\" content=\"index, follow, max-snippet:-1, max-image-preview:large, max-video-preview:-1\" \/>\n<link rel=\"canonical\" href=\"https:\/\/gipuzkoabasket.com\/eu\/delteco-gbc-san-pablo-burgos\/\" \/>\n<meta property=\"og:locale\" content=\"eu_ES\" \/>\n<meta property=\"og:type\" content=\"article\" \/>\n<meta property=\"og:title\" content=\"DELTECO GBC \u2013 SAN PABLO BURGOS |\u00a0 Gipuzkoa Basket\" \/>\n<meta property=\"og:description\" content=\"Gipuzkoa.Gipuzkoa Basket Club |\u00a0Los triples nos vuelven locos, \u00bfa ti no? | 943 444 428 \u00b7 gipuzkoabasket@gipuzkoabasket.com\" \/>\n<meta property=\"og:url\" content=\"https:\/\/gipuzkoabasket.com\/eu\/delteco-gbc-san-pablo-burgos\/\" \/>\n<meta property=\"og:site_name\" content=\"Gipuzkoa Basket Club\" \/>\n<meta property=\"article:published_time\" content=\"2018-04-27T10:08:54+00:00\" \/>\n<meta property=\"article:modified_time\" content=\"2023-11-20T17:30:10+00:00\" \/>\n<meta property=\"og:image\" content=\"https:\/\/gipuzkoabasket.com\/wp-content\/uploads\/2018\/04\/burgosweb.jpg\" \/>\n\t<meta property=\"og:image:width\" content=\"676\" \/>\n\t<meta property=\"og:image:height\" content=\"399\" \/>\n\t<meta property=\"og:image:type\" content=\"image\/jpeg\" \/>\n<meta name=\"author\" content=\"Gipuzkoa Basket\" \/>\n<meta name=\"twitter:card\" content=\"summary_large_image\" \/>\n<meta name=\"twitter:label1\" content=\"Written by\" \/>\n\t<meta name=\"twitter:data1\" content=\"Gipuzkoa Basket\" \/>\n\t<meta name=\"twitter:label2\" content=\"Est. reading time\" \/>\n\t<meta name=\"twitter:data2\" content=\"2 minutes\" \/>\n<script type=\"application\/ld+json\" class=\"yoast-schema-graph\">{\"@context\":\"https:\\\/\\\/schema.org\",\"@graph\":[{\"@type\":\"Article\",\"@id\":\"https:\\\/\\\/gipuzkoabasket.com\\\/eu\\\/delteco-gbc-san-pablo-burgos\\\/#article\",\"isPartOf\":{\"@id\":\"https:\\\/\\\/gipuzkoabasket.com\\\/eu\\\/delteco-gbc-san-pablo-burgos\\\/\"},\"author\":{\"name\":\"Gipuzkoa Basket\",\"@id\":\"https:\\\/\\\/gipuzkoabasket.com\\\/eu\\\/#\\\/schema\\\/person\\\/bd3551d543ad11d210e99773b69631a0\"},\"headline\":\"DELTECO GBC \u2013 SAN PABLO BURGOS\",\"datePublished\":\"2018-04-27T10:08:54+00:00\",\"dateModified\":\"2023-11-20T17:30:10+00:00\",\"mainEntityOfPage\":{\"@id\":\"https:\\\/\\\/gipuzkoabasket.com\\\/eu\\\/delteco-gbc-san-pablo-burgos\\\/\"},\"wordCount\":328,\"commentCount\":0,\"publisher\":{\"@id\":\"https:\\\/\\\/gipuzkoabasket.com\\\/eu\\\/#organization\"},\"image\":{\"@id\":\"https:\\\/\\\/gipuzkoabasket.com\\\/eu\\\/delteco-gbc-san-pablo-burgos\\\/#primaryimage\"},\"thumbnailUrl\":\"https:\\\/\\\/gipuzkoabasket.com\\\/wp-content\\\/uploads\\\/2018\\\/04\\\/burgosweb.jpg\",\"keywords\":[\"Afici\u00f3n\",\"Delteco GBC\",\"Donostia\",\"Donostia Arena\",\"GBC\",\"Gipuzkoa\",\"Gipuzkoa Basket\",\"Liga Endesa\",\"Partido\",\"Previa\",\"San Pablo Burgos\"],\"articleSection\":[\"Aurrekoa\",\"Endesa Liga\",\"Hemeroteka\"],\"inLanguage\":\"eu-ES\",\"potentialAction\":[{\"@type\":\"CommentAction\",\"name\":\"Comment\",\"target\":[\"https:\\\/\\\/gipuzkoabasket.com\\\/eu\\\/delteco-gbc-san-pablo-burgos\\\/#respond\"]}]},{\"@type\":\"WebPage\",\"@id\":\"https:\\\/\\\/gipuzkoabasket.com\\\/eu\\\/delteco-gbc-san-pablo-burgos\\\/\",\"url\":\"https:\\\/\\\/gipuzkoabasket.com\\\/eu\\\/delteco-gbc-san-pablo-burgos\\\/\",\"name\":\"DELTECO GBC \u2013 SAN PABLO BURGOS |\u00a0 Gipuzkoa Basket\",\"isPartOf\":{\"@id\":\"https:\\\/\\\/gipuzkoabasket.com\\\/eu\\\/#website\"},\"primaryImageOfPage\":{\"@id\":\"https:\\\/\\\/gipuzkoabasket.com\\\/eu\\\/delteco-gbc-san-pablo-burgos\\\/#primaryimage\"},\"image\":{\"@id\":\"https:\\\/\\\/gipuzkoabasket.com\\\/eu\\\/delteco-gbc-san-pablo-burgos\\\/#primaryimage\"},\"thumbnailUrl\":\"https:\\\/\\\/gipuzkoabasket.com\\\/wp-content\\\/uploads\\\/2018\\\/04\\\/burgosweb.jpg\",\"datePublished\":\"2018-04-27T10:08:54+00:00\",\"dateModified\":\"2023-11-20T17:30:10+00:00\",\"description\":\"Gipuzkoa.Gipuzkoa Basket Club |\u00a0Los triples nos vuelven locos, \u00bfa ti no? | 943 444 428 \u00b7 gipuzkoabasket@gipuzkoabasket.com\",\"breadcrumb\":{\"@id\":\"https:\\\/\\\/gipuzkoabasket.com\\\/eu\\\/delteco-gbc-san-pablo-burgos\\\/#breadcrumb\"},\"inLanguage\":\"eu-ES\",\"potentialAction\":[{\"@type\":\"ReadAction\",\"target\":[\"https:\\\/\\\/gipuzkoabasket.com\\\/eu\\\/delteco-gbc-san-pablo-burgos\\\/\"]}]},{\"@type\":\"ImageObject\",\"inLanguage\":\"eu-ES\",\"@id\":\"https:\\\/\\\/gipuzkoabasket.com\\\/eu\\\/delteco-gbc-san-pablo-burgos\\\/#primaryimage\",\"url\":\"https:\\\/\\\/gipuzkoabasket.com\\\/wp-content\\\/uploads\\\/2018\\\/04\\\/burgosweb.jpg\",\"contentUrl\":\"https:\\\/\\\/gipuzkoabasket.com\\\/wp-content\\\/uploads\\\/2018\\\/04\\\/burgosweb.jpg\",\"width\":676,\"height\":399},{\"@type\":\"BreadcrumbList\",\"@id\":\"https:\\\/\\\/gipuzkoabasket.com\\\/eu\\\/delteco-gbc-san-pablo-burgos\\\/#breadcrumb\",\"itemListElement\":[{\"@type\":\"ListItem\",\"position\":1,\"name\":\"Portada\",\"item\":\"https:\\\/\\\/gipuzkoabasket.com\\\/eu\\\/\"},{\"@type\":\"ListItem\",\"position\":2,\"name\":\"DELTECO GBC \u2013 SAN PABLO BURGOS\"}]},{\"@type\":\"WebSite\",\"@id\":\"https:\\\/\\\/gipuzkoabasket.com\\\/eu\\\/#website\",\"url\":\"https:\\\/\\\/gipuzkoabasket.com\\\/eu\\\/\",\"name\":\"Gipuzkoa Basket Club\",\"description\":\"Toda la actualidad del club\",\"publisher\":{\"@id\":\"https:\\\/\\\/gipuzkoabasket.com\\\/eu\\\/#organization\"},\"potentialAction\":[{\"@type\":\"SearchAction\",\"target\":{\"@type\":\"EntryPoint\",\"urlTemplate\":\"https:\\\/\\\/gipuzkoabasket.com\\\/eu\\\/?s={search_term_string}\"},\"query-input\":{\"@type\":\"PropertyValueSpecification\",\"valueRequired\":true,\"valueName\":\"search_term_string\"}}],\"inLanguage\":\"eu-ES\"},{\"@type\":\"Organization\",\"@id\":\"https:\\\/\\\/gipuzkoabasket.com\\\/eu\\\/#organization\",\"name\":\"Gipuzkoa Basket Club\",\"alternateName\":\"Gipuzkoa Basket\",\"url\":\"https:\\\/\\\/gipuzkoabasket.com\\\/eu\\\/\",\"logo\":{\"@type\":\"ImageObject\",\"inLanguage\":\"eu-ES\",\"@id\":\"https:\\\/\\\/gipuzkoabasket.com\\\/eu\\\/#\\\/schema\\\/logo\\\/image\\\/\",\"url\":\"https:\\\/\\\/gipuzkoabasket.com\\\/wp-content\\\/uploads\\\/2023\\\/07\\\/LOGO-GBC-300x300-1.png\",\"contentUrl\":\"https:\\\/\\\/gipuzkoabasket.com\\\/wp-content\\\/uploads\\\/2023\\\/07\\\/LOGO-GBC-300x300-1.png\",\"width\":300,\"height\":300,\"caption\":\"Gipuzkoa Basket Club\"},\"image\":{\"@id\":\"https:\\\/\\\/gipuzkoabasket.com\\\/eu\\\/#\\\/schema\\\/logo\\\/image\\\/\"}},{\"@type\":\"Person\",\"@id\":\"https:\\\/\\\/gipuzkoabasket.com\\\/eu\\\/#\\\/schema\\\/person\\\/bd3551d543ad11d210e99773b69631a0\",\"name\":\"Gipuzkoa Basket\",\"image\":{\"@type\":\"ImageObject\",\"inLanguage\":\"eu-ES\",\"@id\":\"https:\\\/\\\/secure.gravatar.com\\\/avatar\\\/e5b959b6b0321efa5df7c766774c837369fb264465d34f031005235bf80ef231?s=96&d=mm&r=g\",\"url\":\"https:\\\/\\\/secure.gravatar.com\\\/avatar\\\/e5b959b6b0321efa5df7c766774c837369fb264465d34f031005235bf80ef231?s=96&d=mm&r=g\",\"contentUrl\":\"https:\\\/\\\/secure.gravatar.com\\\/avatar\\\/e5b959b6b0321efa5df7c766774c837369fb264465d34f031005235bf80ef231?s=96&d=mm&r=g\",\"caption\":\"Gipuzkoa Basket\"},\"url\":\"https:\\\/\\\/gipuzkoabasket.com\\\/eu\\\/author\\\/gipuzkoa-basket\\\/\"}]}<\/script>\n<!-- \/ Yoast SEO plugin. -->","yoast_head_json":{"title":"DELTECO GBC \u2013 SAN PABLO BURGOS |\u00a0 Gipuzkoa Basket","description":"Gipuzkoa.Gipuzkoa Basket Club |\u00a0Los triples nos vuelven locos, \u00bfa ti no? | 943 444 428 \u00b7 gipuzkoabasket@gipuzkoabasket.com","robots":{"index":"index","follow":"follow","max-snippet":"max-snippet:-1","max-image-preview":"max-image-preview:large","max-video-preview":"max-video-preview:-1"},"canonical":"https:\/\/gipuzkoabasket.com\/eu\/delteco-gbc-san-pablo-burgos\/","og_locale":"eu_ES","og_type":"article","og_title":"DELTECO GBC \u2013 SAN PABLO BURGOS |\u00a0 Gipuzkoa Basket","og_description":"Gipuzkoa.Gipuzkoa Basket Club |\u00a0Los triples nos vuelven locos, \u00bfa ti no? | 943 444 428 \u00b7 gipuzkoabasket@gipuzkoabasket.com","og_url":"https:\/\/gipuzkoabasket.com\/eu\/delteco-gbc-san-pablo-burgos\/","og_site_name":"Gipuzkoa Basket Club","article_published_time":"2018-04-27T10:08:54+00:00","article_modified_time":"2023-11-20T17:30:10+00:00","og_image":[{"width":676,"height":399,"url":"https:\/\/gipuzkoabasket.com\/wp-content\/uploads\/2018\/04\/burgosweb.jpg","type":"image\/jpeg"}],"author":"Gipuzkoa Basket","twitter_card":"summary_large_image","twitter_misc":{"Written by":"Gipuzkoa Basket","Est. reading time":"2 minutes"},"schema":{"@context":"https:\/\/schema.org","@graph":[{"@type":"Article","@id":"https:\/\/gipuzkoabasket.com\/eu\/delteco-gbc-san-pablo-burgos\/#article","isPartOf":{"@id":"https:\/\/gipuzkoabasket.com\/eu\/delteco-gbc-san-pablo-burgos\/"},"author":{"name":"Gipuzkoa Basket","@id":"https:\/\/gipuzkoabasket.com\/eu\/#\/schema\/person\/bd3551d543ad11d210e99773b69631a0"},"headline":"DELTECO GBC \u2013 SAN PABLO BURGOS","datePublished":"2018-04-27T10:08:54+00:00","dateModified":"2023-11-20T17:30:10+00:00","mainEntityOfPage":{"@id":"https:\/\/gipuzkoabasket.com\/eu\/delteco-gbc-san-pablo-burgos\/"},"wordCount":328,"commentCount":0,"publisher":{"@id":"https:\/\/gipuzkoabasket.com\/eu\/#organization"},"image":{"@id":"https:\/\/gipuzkoabasket.com\/eu\/delteco-gbc-san-pablo-burgos\/#primaryimage"},"thumbnailUrl":"https:\/\/gipuzkoabasket.com\/wp-content\/uploads\/2018\/04\/burgosweb.jpg","keywords":["Afici\u00f3n","Delteco GBC","Donostia","Donostia Arena","GBC","Gipuzkoa","Gipuzkoa Basket","Liga Endesa","Partido","Previa","San Pablo Burgos"],"articleSection":["Aurrekoa","Endesa Liga","Hemeroteka"],"inLanguage":"eu-ES","potentialAction":[{"@type":"CommentAction","name":"Comment","target":["https:\/\/gipuzkoabasket.com\/eu\/delteco-gbc-san-pablo-burgos\/#respond"]}]},{"@type":"WebPage","@id":"https:\/\/gipuzkoabasket.com\/eu\/delteco-gbc-san-pablo-burgos\/","url":"https:\/\/gipuzkoabasket.com\/eu\/delteco-gbc-san-pablo-burgos\/","name":"DELTECO GBC \u2013 SAN PABLO BURGOS |\u00a0 Gipuzkoa Basket","isPartOf":{"@id":"https:\/\/gipuzkoabasket.com\/eu\/#website"},"primaryImageOfPage":{"@id":"https:\/\/gipuzkoabasket.com\/eu\/delteco-gbc-san-pablo-burgos\/#primaryimage"},"image":{"@id":"https:\/\/gipuzkoabasket.com\/eu\/delteco-gbc-san-pablo-burgos\/#primaryimage"},"thumbnailUrl":"https:\/\/gipuzkoabasket.com\/wp-content\/uploads\/2018\/04\/burgosweb.jpg","datePublished":"2018-04-27T10:08:54+00:00","dateModified":"2023-11-20T17:30:10+00:00","description":"Gipuzkoa.Gipuzkoa Basket Club |\u00a0Los triples nos vuelven locos, \u00bfa ti no? | 943 444 428 \u00b7 gipuzkoabasket@gipuzkoabasket.com","breadcrumb":{"@id":"https:\/\/gipuzkoabasket.com\/eu\/delteco-gbc-san-pablo-burgos\/#breadcrumb"},"inLanguage":"eu-ES","potentialAction":[{"@type":"ReadAction","target":["https:\/\/gipuzkoabasket.com\/eu\/delteco-gbc-san-pablo-burgos\/"]}]},{"@type":"ImageObject","inLanguage":"eu-ES","@id":"https:\/\/gipuzkoabasket.com\/eu\/delteco-gbc-san-pablo-burgos\/#primaryimage","url":"https:\/\/gipuzkoabasket.com\/wp-content\/uploads\/2018\/04\/burgosweb.jpg","contentUrl":"https:\/\/gipuzkoabasket.com\/wp-content\/uploads\/2018\/04\/burgosweb.jpg","width":676,"height":399},{"@type":"BreadcrumbList","@id":"https:\/\/gipuzkoabasket.com\/eu\/delteco-gbc-san-pablo-burgos\/#breadcrumb","itemListElement":[{"@type":"ListItem","position":1,"name":"Portada","item":"https:\/\/gipuzkoabasket.com\/eu\/"},{"@type":"ListItem","position":2,"name":"DELTECO GBC \u2013 SAN PABLO BURGOS"}]},{"@type":"WebSite","@id":"https:\/\/gipuzkoabasket.com\/eu\/#website","url":"https:\/\/gipuzkoabasket.com\/eu\/","name":"Gipuzkoa Basket Club","description":"Toda la actualidad del club","publisher":{"@id":"https:\/\/gipuzkoabasket.com\/eu\/#organization"},"potentialAction":[{"@type":"SearchAction","target":{"@type":"EntryPoint","urlTemplate":"https:\/\/gipuzkoabasket.com\/eu\/?s={search_term_string}"},"query-input":{"@type":"PropertyValueSpecification","valueRequired":true,"valueName":"search_term_string"}}],"inLanguage":"eu-ES"},{"@type":"Organization","@id":"https:\/\/gipuzkoabasket.com\/eu\/#organization","name":"Gipuzkoa Basket Club","alternateName":"Gipuzkoa Basket","url":"https:\/\/gipuzkoabasket.com\/eu\/","logo":{"@type":"ImageObject","inLanguage":"eu-ES","@id":"https:\/\/gipuzkoabasket.com\/eu\/#\/schema\/logo\/image\/","url":"https:\/\/gipuzkoabasket.com\/wp-content\/uploads\/2023\/07\/LOGO-GBC-300x300-1.png","contentUrl":"https:\/\/gipuzkoabasket.com\/wp-content\/uploads\/2023\/07\/LOGO-GBC-300x300-1.png","width":300,"height":300,"caption":"Gipuzkoa Basket Club"},"image":{"@id":"https:\/\/gipuzkoabasket.com\/eu\/#\/schema\/logo\/image\/"}},{"@type":"Person","@id":"https:\/\/gipuzkoabasket.com\/eu\/#\/schema\/person\/bd3551d543ad11d210e99773b69631a0","name":"Gipuzkoa Basket","image":{"@type":"ImageObject","inLanguage":"eu-ES","@id":"https:\/\/secure.gravatar.com\/avatar\/e5b959b6b0321efa5df7c766774c837369fb264465d34f031005235bf80ef231?s=96&d=mm&r=g","url":"https:\/\/secure.gravatar.com\/avatar\/e5b959b6b0321efa5df7c766774c837369fb264465d34f031005235bf80ef231?s=96&d=mm&r=g","contentUrl":"https:\/\/secure.gravatar.com\/avatar\/e5b959b6b0321efa5df7c766774c837369fb264465d34f031005235bf80ef231?s=96&d=mm&r=g","caption":"Gipuzkoa Basket"},"url":"https:\/\/gipuzkoabasket.com\/eu\/author\/gipuzkoa-basket\/"}]}},"_links":{"self":[{"href":"https:\/\/gipuzkoabasket.com\/eu\/wp-json\/wp\/v2\/posts\/3523","targetHints":{"allow":["GET"]}}],"collection":[{"href":"https:\/\/gipuzkoabasket.com\/eu\/wp-json\/wp\/v2\/posts"}],"about":[{"href":"https:\/\/gipuzkoabasket.com\/eu\/wp-json\/wp\/v2\/types\/post"}],"author":[{"embeddable":true,"href":"https:\/\/gipuzkoabasket.com\/eu\/wp-json\/wp\/v2\/users\/2"}],"replies":[{"embeddable":true,"href":"https:\/\/gipuzkoabasket.com\/eu\/wp-json\/wp\/v2\/comments?post=3523"}],"version-history":[{"count":1,"href":"https:\/\/gipuzkoabasket.com\/eu\/wp-json\/wp\/v2\/posts\/3523\/revisions"}],"predecessor-version":[{"id":21852,"href":"https:\/\/gipuzkoabasket.com\/eu\/wp-json\/wp\/v2\/posts\/3523\/revisions\/21852"}],"wp:featuredmedia":[{"embeddable":true,"href":"https:\/\/gipuzkoabasket.com\/eu\/wp-json\/wp\/v2\/media\/3524"}],"wp:attachment":[{"href":"https:\/\/gipuzkoabasket.com\/eu\/wp-json\/wp\/v2\/media?parent=3523"}],"wp:term":[{"taxonomy":"category","embeddable":true,"href":"https:\/\/gipuzkoabasket.com\/eu\/wp-json\/wp\/v2\/categories?post=3523"},{"taxonomy":"post_tag","embeddable":true,"href":"https:\/\/gipuzkoabasket.com\/eu\/wp-json\/wp\/v2\/tags?post=3523"}],"curies":[{"name":"wp","href":"https:\/\/api.w.org\/{rel}","templated":true}]}}