{"id":3679,"date":"2018-05-23T10:11:03","date_gmt":"2018-05-23T08:11:03","guid":{"rendered":"https:\/\/www.gipuzkoabasket.com\/?p=3679\/"},"modified":"2023-11-20T18:29:56","modified_gmt":"2023-11-20T17:29:56","slug":"montakit-fuenlabrada-delteco-gbc","status":"publish","type":"post","link":"https:\/\/gipuzkoabasket.com\/eu\/montakit-fuenlabrada-delteco-gbc\/","title":{"rendered":"MONTAKIT FUENLABRADA &#8211; DELTECO GBC"},"content":{"rendered":"<p>El Delteco GBC viaja esta tarde a Fuenlabrada para enfrentarse ma\u00f1ana (20.30h) al \u00faltimo partido de una temporada redonda. Salvaci\u00f3n asegurada hace varias jornadas, despedida por todo lo alto en el Donostia Arena el pasado domingo con victoria incluida, Henk Norel en el Mejor Quinteto de la Liga Endesa\u2026 Pero aun as\u00ed el Delteco GBC no va de paseo a su pr\u00f3ximo encuentro, sino que quiere ponerle la guinda al pastel con una \u00faltima victoria con la que demostrar su competitividad hasta el final.<\/p>\n<p>El rival no es otro que el Montakit Fuenlabrada de N\u00e9stor Garc\u00eda, que tras un mete\u00f3rico inicio de temporada, en la que se clasific\u00f3 \u00a0incluso para la Copa del Rey, ha tenido desigual fortuna en este segundo tramo del curso y se encuentra en el d\u00e9cimo puesto de la clasificaci\u00f3n con 16 victorias y 17 derrotas, una de ellas contra el GBC el pasado mes de diciembre por 81-76.<\/p>\n<p>Los de Porfi Fisac buscan repetir victoria y lo har\u00e1n una vez m\u00e1s sin Norel, que no viajar\u00e1 con el equipo por decisi\u00f3n t\u00e9cnica, y con la duda hasta el \u00faltimo momento de Fakuade por las molestias que arrastra en el aductor tras un golpe sufrido en el encuentro ante el Joventut. Se suma a la expedici\u00f3n el joven Mikel S\u00e1nz.<\/p>\n<p><strong>CURIOSIDADES<\/strong><br \/>\n&#8211;\u00a0<b>Dan Clark\u00a0<\/b>milit\u00f3 en el pasado en las filas del Montakit Fuenlabrada, al que se mide esta jornada.<br \/>\n&#8211; Tambi\u00e9n ser\u00e1 especial el partido para\u00a0\u00a0<b>Porfi Fisac<\/b>, que dirigi\u00f3 en el pasado al conjunto fuenlabre\u00f1o.<\/p>\n<p><strong>\u00c1RBITROS<\/strong><br \/>\n&#8211; PEREZ PIZARRO, Emilio<br \/>\n&#8211; BULTO, Vicente<br \/>\n&#8211; FERNANDEZ, Andr\u00e9s<\/p>\n","protected":false},"excerpt":{"rendered":"<p>El GBC se enfrenta al \u00faltimo partido de la temporada con los deberes m\u00e1s que hechos. <\/p>\n","protected":false},"author":2,"featured_media":3680,"comment_status":"open","ping_status":"open","sticky":false,"template":"","format":"standard","meta":{"_et_pb_use_builder":"","_et_pb_old_content":"","_et_gb_content_width":"","footnotes":""},"categories":[8,446],"tags":[476,478,479,574,481,486],"class_list":["post-3679","post","type-post","status-publish","format-standard","has-post-thumbnail","hentry","category-endesa-liga","category-hemeroteka","tag-gbc-eu-eu","tag-gipuzkoa-basket-eu-2","tag-liga-endesa-eu-2","tag-montakit-fuenlabrada-eu-2","tag-partido-eu-eu","tag-previa-eu-2"],"yoast_head":"<!-- This site is optimized with the Yoast SEO plugin v27.5 - https:\/\/yoast.com\/product\/yoast-seo-wordpress\/ -->\n<title>MONTAKIT FUENLABRADA - DELTECO GBC |\u00a0 Gipuzkoa Basket<\/title>\n<meta name=\"description\" content=\"Gipuzkoa.Gipuzkoa Basket Club |\u00a0Los triples nos vuelven locos, \u00bfa ti no? | 943 444 428 \u00b7 gipuzkoabasket@gipuzkoabasket.com\" \/>\n<meta name=\"robots\" content=\"index, follow, max-snippet:-1, max-image-preview:large, max-video-preview:-1\" \/>\n<link rel=\"canonical\" href=\"https:\/\/gipuzkoabasket.com\/eu\/montakit-fuenlabrada-delteco-gbc\/\" \/>\n<meta property=\"og:locale\" content=\"eu_ES\" \/>\n<meta property=\"og:type\" content=\"article\" \/>\n<meta property=\"og:title\" content=\"MONTAKIT FUENLABRADA - DELTECO GBC |\u00a0 Gipuzkoa Basket\" \/>\n<meta property=\"og:description\" content=\"Gipuzkoa.Gipuzkoa Basket Club |\u00a0Los triples nos vuelven locos, \u00bfa ti no? | 943 444 428 \u00b7 gipuzkoabasket@gipuzkoabasket.com\" \/>\n<meta property=\"og:url\" content=\"https:\/\/gipuzkoabasket.com\/eu\/montakit-fuenlabrada-delteco-gbc\/\" \/>\n<meta property=\"og:site_name\" content=\"Gipuzkoa Basket Club\" \/>\n<meta property=\"article:published_time\" content=\"2018-05-23T08:11:03+00:00\" \/>\n<meta property=\"article:modified_time\" content=\"2023-11-20T17:29:56+00:00\" \/>\n<meta property=\"og:image\" content=\"https:\/\/gipuzkoabasket.com\/wp-content\/uploads\/2018\/05\/fuenlabradaweb.jpg\" \/>\n\t<meta property=\"og:image:width\" content=\"676\" \/>\n\t<meta property=\"og:image:height\" content=\"399\" \/>\n\t<meta property=\"og:image:type\" content=\"image\/jpeg\" \/>\n<meta name=\"author\" content=\"Gipuzkoa Basket\" \/>\n<meta name=\"twitter:card\" content=\"summary_large_image\" \/>\n<meta name=\"twitter:label1\" content=\"Written by\" \/>\n\t<meta name=\"twitter:data1\" content=\"Gipuzkoa Basket\" \/>\n\t<meta name=\"twitter:label2\" content=\"Est. reading time\" \/>\n\t<meta name=\"twitter:data2\" content=\"2 minutes\" \/>\n<script type=\"application\/ld+json\" class=\"yoast-schema-graph\">{\"@context\":\"https:\\\/\\\/schema.org\",\"@graph\":[{\"@type\":\"Article\",\"@id\":\"https:\\\/\\\/gipuzkoabasket.com\\\/eu\\\/montakit-fuenlabrada-delteco-gbc\\\/#article\",\"isPartOf\":{\"@id\":\"https:\\\/\\\/gipuzkoabasket.com\\\/eu\\\/montakit-fuenlabrada-delteco-gbc\\\/\"},\"author\":{\"name\":\"Gipuzkoa Basket\",\"@id\":\"https:\\\/\\\/gipuzkoabasket.com\\\/eu\\\/#\\\/schema\\\/person\\\/bd3551d543ad11d210e99773b69631a0\"},\"headline\":\"MONTAKIT FUENLABRADA &#8211; DELTECO GBC\",\"datePublished\":\"2018-05-23T08:11:03+00:00\",\"dateModified\":\"2023-11-20T17:29:56+00:00\",\"mainEntityOfPage\":{\"@id\":\"https:\\\/\\\/gipuzkoabasket.com\\\/eu\\\/montakit-fuenlabrada-delteco-gbc\\\/\"},\"wordCount\":282,\"commentCount\":0,\"publisher\":{\"@id\":\"https:\\\/\\\/gipuzkoabasket.com\\\/eu\\\/#organization\"},\"image\":{\"@id\":\"https:\\\/\\\/gipuzkoabasket.com\\\/eu\\\/montakit-fuenlabrada-delteco-gbc\\\/#primaryimage\"},\"thumbnailUrl\":\"https:\\\/\\\/gipuzkoabasket.com\\\/wp-content\\\/uploads\\\/2018\\\/05\\\/fuenlabradaweb.jpg\",\"keywords\":[\"GBC\",\"Gipuzkoa Basket\",\"Liga Endesa\",\"Montakit Fuenlabrada\",\"Partido\",\"Previa\"],\"articleSection\":[\"Endesa Liga\",\"Hemeroteka\"],\"inLanguage\":\"eu-ES\",\"potentialAction\":[{\"@type\":\"CommentAction\",\"name\":\"Comment\",\"target\":[\"https:\\\/\\\/gipuzkoabasket.com\\\/eu\\\/montakit-fuenlabrada-delteco-gbc\\\/#respond\"]}]},{\"@type\":\"WebPage\",\"@id\":\"https:\\\/\\\/gipuzkoabasket.com\\\/eu\\\/montakit-fuenlabrada-delteco-gbc\\\/\",\"url\":\"https:\\\/\\\/gipuzkoabasket.com\\\/eu\\\/montakit-fuenlabrada-delteco-gbc\\\/\",\"name\":\"MONTAKIT FUENLABRADA - DELTECO GBC |\u00a0 Gipuzkoa Basket\",\"isPartOf\":{\"@id\":\"https:\\\/\\\/gipuzkoabasket.com\\\/eu\\\/#website\"},\"primaryImageOfPage\":{\"@id\":\"https:\\\/\\\/gipuzkoabasket.com\\\/eu\\\/montakit-fuenlabrada-delteco-gbc\\\/#primaryimage\"},\"image\":{\"@id\":\"https:\\\/\\\/gipuzkoabasket.com\\\/eu\\\/montakit-fuenlabrada-delteco-gbc\\\/#primaryimage\"},\"thumbnailUrl\":\"https:\\\/\\\/gipuzkoabasket.com\\\/wp-content\\\/uploads\\\/2018\\\/05\\\/fuenlabradaweb.jpg\",\"datePublished\":\"2018-05-23T08:11:03+00:00\",\"dateModified\":\"2023-11-20T17:29:56+00:00\",\"description\":\"Gipuzkoa.Gipuzkoa Basket Club |\u00a0Los triples nos vuelven locos, \u00bfa ti no? | 943 444 428 \u00b7 gipuzkoabasket@gipuzkoabasket.com\",\"breadcrumb\":{\"@id\":\"https:\\\/\\\/gipuzkoabasket.com\\\/eu\\\/montakit-fuenlabrada-delteco-gbc\\\/#breadcrumb\"},\"inLanguage\":\"eu-ES\",\"potentialAction\":[{\"@type\":\"ReadAction\",\"target\":[\"https:\\\/\\\/gipuzkoabasket.com\\\/eu\\\/montakit-fuenlabrada-delteco-gbc\\\/\"]}]},{\"@type\":\"ImageObject\",\"inLanguage\":\"eu-ES\",\"@id\":\"https:\\\/\\\/gipuzkoabasket.com\\\/eu\\\/montakit-fuenlabrada-delteco-gbc\\\/#primaryimage\",\"url\":\"https:\\\/\\\/gipuzkoabasket.com\\\/wp-content\\\/uploads\\\/2018\\\/05\\\/fuenlabradaweb.jpg\",\"contentUrl\":\"https:\\\/\\\/gipuzkoabasket.com\\\/wp-content\\\/uploads\\\/2018\\\/05\\\/fuenlabradaweb.jpg\",\"width\":676,\"height\":399},{\"@type\":\"BreadcrumbList\",\"@id\":\"https:\\\/\\\/gipuzkoabasket.com\\\/eu\\\/montakit-fuenlabrada-delteco-gbc\\\/#breadcrumb\",\"itemListElement\":[{\"@type\":\"ListItem\",\"position\":1,\"name\":\"Portada\",\"item\":\"https:\\\/\\\/gipuzkoabasket.com\\\/eu\\\/\"},{\"@type\":\"ListItem\",\"position\":2,\"name\":\"MONTAKIT FUENLABRADA &#8211; DELTECO GBC\"}]},{\"@type\":\"WebSite\",\"@id\":\"https:\\\/\\\/gipuzkoabasket.com\\\/eu\\\/#website\",\"url\":\"https:\\\/\\\/gipuzkoabasket.com\\\/eu\\\/\",\"name\":\"Gipuzkoa Basket Club\",\"description\":\"Toda la actualidad del club\",\"publisher\":{\"@id\":\"https:\\\/\\\/gipuzkoabasket.com\\\/eu\\\/#organization\"},\"potentialAction\":[{\"@type\":\"SearchAction\",\"target\":{\"@type\":\"EntryPoint\",\"urlTemplate\":\"https:\\\/\\\/gipuzkoabasket.com\\\/eu\\\/?s={search_term_string}\"},\"query-input\":{\"@type\":\"PropertyValueSpecification\",\"valueRequired\":true,\"valueName\":\"search_term_string\"}}],\"inLanguage\":\"eu-ES\"},{\"@type\":\"Organization\",\"@id\":\"https:\\\/\\\/gipuzkoabasket.com\\\/eu\\\/#organization\",\"name\":\"Gipuzkoa Basket Club\",\"alternateName\":\"Gipuzkoa Basket\",\"url\":\"https:\\\/\\\/gipuzkoabasket.com\\\/eu\\\/\",\"logo\":{\"@type\":\"ImageObject\",\"inLanguage\":\"eu-ES\",\"@id\":\"https:\\\/\\\/gipuzkoabasket.com\\\/eu\\\/#\\\/schema\\\/logo\\\/image\\\/\",\"url\":\"https:\\\/\\\/gipuzkoabasket.com\\\/wp-content\\\/uploads\\\/2023\\\/07\\\/LOGO-GBC-300x300-1.png\",\"contentUrl\":\"https:\\\/\\\/gipuzkoabasket.com\\\/wp-content\\\/uploads\\\/2023\\\/07\\\/LOGO-GBC-300x300-1.png\",\"width\":300,\"height\":300,\"caption\":\"Gipuzkoa Basket Club\"},\"image\":{\"@id\":\"https:\\\/\\\/gipuzkoabasket.com\\\/eu\\\/#\\\/schema\\\/logo\\\/image\\\/\"}},{\"@type\":\"Person\",\"@id\":\"https:\\\/\\\/gipuzkoabasket.com\\\/eu\\\/#\\\/schema\\\/person\\\/bd3551d543ad11d210e99773b69631a0\",\"name\":\"Gipuzkoa Basket\",\"image\":{\"@type\":\"ImageObject\",\"inLanguage\":\"eu-ES\",\"@id\":\"https:\\\/\\\/secure.gravatar.com\\\/avatar\\\/e5b959b6b0321efa5df7c766774c837369fb264465d34f031005235bf80ef231?s=96&d=mm&r=g\",\"url\":\"https:\\\/\\\/secure.gravatar.com\\\/avatar\\\/e5b959b6b0321efa5df7c766774c837369fb264465d34f031005235bf80ef231?s=96&d=mm&r=g\",\"contentUrl\":\"https:\\\/\\\/secure.gravatar.com\\\/avatar\\\/e5b959b6b0321efa5df7c766774c837369fb264465d34f031005235bf80ef231?s=96&d=mm&r=g\",\"caption\":\"Gipuzkoa Basket\"},\"url\":\"https:\\\/\\\/gipuzkoabasket.com\\\/eu\\\/author\\\/gipuzkoa-basket\\\/\"}]}<\/script>\n<!-- \/ Yoast SEO plugin. -->","yoast_head_json":{"title":"MONTAKIT FUENLABRADA - DELTECO GBC |\u00a0 Gipuzkoa Basket","description":"Gipuzkoa.Gipuzkoa Basket Club |\u00a0Los triples nos vuelven locos, \u00bfa ti no? | 943 444 428 \u00b7 gipuzkoabasket@gipuzkoabasket.com","robots":{"index":"index","follow":"follow","max-snippet":"max-snippet:-1","max-image-preview":"max-image-preview:large","max-video-preview":"max-video-preview:-1"},"canonical":"https:\/\/gipuzkoabasket.com\/eu\/montakit-fuenlabrada-delteco-gbc\/","og_locale":"eu_ES","og_type":"article","og_title":"MONTAKIT FUENLABRADA - DELTECO GBC |\u00a0 Gipuzkoa Basket","og_description":"Gipuzkoa.Gipuzkoa Basket Club |\u00a0Los triples nos vuelven locos, \u00bfa ti no? | 943 444 428 \u00b7 gipuzkoabasket@gipuzkoabasket.com","og_url":"https:\/\/gipuzkoabasket.com\/eu\/montakit-fuenlabrada-delteco-gbc\/","og_site_name":"Gipuzkoa Basket Club","article_published_time":"2018-05-23T08:11:03+00:00","article_modified_time":"2023-11-20T17:29:56+00:00","og_image":[{"width":676,"height":399,"url":"https:\/\/gipuzkoabasket.com\/wp-content\/uploads\/2018\/05\/fuenlabradaweb.jpg","type":"image\/jpeg"}],"author":"Gipuzkoa Basket","twitter_card":"summary_large_image","twitter_misc":{"Written by":"Gipuzkoa Basket","Est. reading time":"2 minutes"},"schema":{"@context":"https:\/\/schema.org","@graph":[{"@type":"Article","@id":"https:\/\/gipuzkoabasket.com\/eu\/montakit-fuenlabrada-delteco-gbc\/#article","isPartOf":{"@id":"https:\/\/gipuzkoabasket.com\/eu\/montakit-fuenlabrada-delteco-gbc\/"},"author":{"name":"Gipuzkoa Basket","@id":"https:\/\/gipuzkoabasket.com\/eu\/#\/schema\/person\/bd3551d543ad11d210e99773b69631a0"},"headline":"MONTAKIT FUENLABRADA &#8211; DELTECO GBC","datePublished":"2018-05-23T08:11:03+00:00","dateModified":"2023-11-20T17:29:56+00:00","mainEntityOfPage":{"@id":"https:\/\/gipuzkoabasket.com\/eu\/montakit-fuenlabrada-delteco-gbc\/"},"wordCount":282,"commentCount":0,"publisher":{"@id":"https:\/\/gipuzkoabasket.com\/eu\/#organization"},"image":{"@id":"https:\/\/gipuzkoabasket.com\/eu\/montakit-fuenlabrada-delteco-gbc\/#primaryimage"},"thumbnailUrl":"https:\/\/gipuzkoabasket.com\/wp-content\/uploads\/2018\/05\/fuenlabradaweb.jpg","keywords":["GBC","Gipuzkoa Basket","Liga Endesa","Montakit Fuenlabrada","Partido","Previa"],"articleSection":["Endesa Liga","Hemeroteka"],"inLanguage":"eu-ES","potentialAction":[{"@type":"CommentAction","name":"Comment","target":["https:\/\/gipuzkoabasket.com\/eu\/montakit-fuenlabrada-delteco-gbc\/#respond"]}]},{"@type":"WebPage","@id":"https:\/\/gipuzkoabasket.com\/eu\/montakit-fuenlabrada-delteco-gbc\/","url":"https:\/\/gipuzkoabasket.com\/eu\/montakit-fuenlabrada-delteco-gbc\/","name":"MONTAKIT FUENLABRADA - DELTECO GBC |\u00a0 Gipuzkoa Basket","isPartOf":{"@id":"https:\/\/gipuzkoabasket.com\/eu\/#website"},"primaryImageOfPage":{"@id":"https:\/\/gipuzkoabasket.com\/eu\/montakit-fuenlabrada-delteco-gbc\/#primaryimage"},"image":{"@id":"https:\/\/gipuzkoabasket.com\/eu\/montakit-fuenlabrada-delteco-gbc\/#primaryimage"},"thumbnailUrl":"https:\/\/gipuzkoabasket.com\/wp-content\/uploads\/2018\/05\/fuenlabradaweb.jpg","datePublished":"2018-05-23T08:11:03+00:00","dateModified":"2023-11-20T17:29:56+00:00","description":"Gipuzkoa.Gipuzkoa Basket Club |\u00a0Los triples nos vuelven locos, \u00bfa ti no? | 943 444 428 \u00b7 gipuzkoabasket@gipuzkoabasket.com","breadcrumb":{"@id":"https:\/\/gipuzkoabasket.com\/eu\/montakit-fuenlabrada-delteco-gbc\/#breadcrumb"},"inLanguage":"eu-ES","potentialAction":[{"@type":"ReadAction","target":["https:\/\/gipuzkoabasket.com\/eu\/montakit-fuenlabrada-delteco-gbc\/"]}]},{"@type":"ImageObject","inLanguage":"eu-ES","@id":"https:\/\/gipuzkoabasket.com\/eu\/montakit-fuenlabrada-delteco-gbc\/#primaryimage","url":"https:\/\/gipuzkoabasket.com\/wp-content\/uploads\/2018\/05\/fuenlabradaweb.jpg","contentUrl":"https:\/\/gipuzkoabasket.com\/wp-content\/uploads\/2018\/05\/fuenlabradaweb.jpg","width":676,"height":399},{"@type":"BreadcrumbList","@id":"https:\/\/gipuzkoabasket.com\/eu\/montakit-fuenlabrada-delteco-gbc\/#breadcrumb","itemListElement":[{"@type":"ListItem","position":1,"name":"Portada","item":"https:\/\/gipuzkoabasket.com\/eu\/"},{"@type":"ListItem","position":2,"name":"MONTAKIT FUENLABRADA &#8211; DELTECO GBC"}]},{"@type":"WebSite","@id":"https:\/\/gipuzkoabasket.com\/eu\/#website","url":"https:\/\/gipuzkoabasket.com\/eu\/","name":"Gipuzkoa Basket Club","description":"Toda la actualidad del club","publisher":{"@id":"https:\/\/gipuzkoabasket.com\/eu\/#organization"},"potentialAction":[{"@type":"SearchAction","target":{"@type":"EntryPoint","urlTemplate":"https:\/\/gipuzkoabasket.com\/eu\/?s={search_term_string}"},"query-input":{"@type":"PropertyValueSpecification","valueRequired":true,"valueName":"search_term_string"}}],"inLanguage":"eu-ES"},{"@type":"Organization","@id":"https:\/\/gipuzkoabasket.com\/eu\/#organization","name":"Gipuzkoa Basket Club","alternateName":"Gipuzkoa Basket","url":"https:\/\/gipuzkoabasket.com\/eu\/","logo":{"@type":"ImageObject","inLanguage":"eu-ES","@id":"https:\/\/gipuzkoabasket.com\/eu\/#\/schema\/logo\/image\/","url":"https:\/\/gipuzkoabasket.com\/wp-content\/uploads\/2023\/07\/LOGO-GBC-300x300-1.png","contentUrl":"https:\/\/gipuzkoabasket.com\/wp-content\/uploads\/2023\/07\/LOGO-GBC-300x300-1.png","width":300,"height":300,"caption":"Gipuzkoa Basket Club"},"image":{"@id":"https:\/\/gipuzkoabasket.com\/eu\/#\/schema\/logo\/image\/"}},{"@type":"Person","@id":"https:\/\/gipuzkoabasket.com\/eu\/#\/schema\/person\/bd3551d543ad11d210e99773b69631a0","name":"Gipuzkoa Basket","image":{"@type":"ImageObject","inLanguage":"eu-ES","@id":"https:\/\/secure.gravatar.com\/avatar\/e5b959b6b0321efa5df7c766774c837369fb264465d34f031005235bf80ef231?s=96&d=mm&r=g","url":"https:\/\/secure.gravatar.com\/avatar\/e5b959b6b0321efa5df7c766774c837369fb264465d34f031005235bf80ef231?s=96&d=mm&r=g","contentUrl":"https:\/\/secure.gravatar.com\/avatar\/e5b959b6b0321efa5df7c766774c837369fb264465d34f031005235bf80ef231?s=96&d=mm&r=g","caption":"Gipuzkoa Basket"},"url":"https:\/\/gipuzkoabasket.com\/eu\/author\/gipuzkoa-basket\/"}]}},"_links":{"self":[{"href":"https:\/\/gipuzkoabasket.com\/eu\/wp-json\/wp\/v2\/posts\/3679","targetHints":{"allow":["GET"]}}],"collection":[{"href":"https:\/\/gipuzkoabasket.com\/eu\/wp-json\/wp\/v2\/posts"}],"about":[{"href":"https:\/\/gipuzkoabasket.com\/eu\/wp-json\/wp\/v2\/types\/post"}],"author":[{"embeddable":true,"href":"https:\/\/gipuzkoabasket.com\/eu\/wp-json\/wp\/v2\/users\/2"}],"replies":[{"embeddable":true,"href":"https:\/\/gipuzkoabasket.com\/eu\/wp-json\/wp\/v2\/comments?post=3679"}],"version-history":[{"count":1,"href":"https:\/\/gipuzkoabasket.com\/eu\/wp-json\/wp\/v2\/posts\/3679\/revisions"}],"predecessor-version":[{"id":21835,"href":"https:\/\/gipuzkoabasket.com\/eu\/wp-json\/wp\/v2\/posts\/3679\/revisions\/21835"}],"wp:featuredmedia":[{"embeddable":true,"href":"https:\/\/gipuzkoabasket.com\/eu\/wp-json\/wp\/v2\/media\/3680"}],"wp:attachment":[{"href":"https:\/\/gipuzkoabasket.com\/eu\/wp-json\/wp\/v2\/media?parent=3679"}],"wp:term":[{"taxonomy":"category","embeddable":true,"href":"https:\/\/gipuzkoabasket.com\/eu\/wp-json\/wp\/v2\/categories?post=3679"},{"taxonomy":"post_tag","embeddable":true,"href":"https:\/\/gipuzkoabasket.com\/eu\/wp-json\/wp\/v2\/tags?post=3679"}],"curies":[{"name":"wp","href":"https:\/\/api.w.org\/{rel}","templated":true}]}}