{"id":3765,"date":"2018-05-30T11:16:06","date_gmt":"2018-05-30T09:16:06","guid":{"rendered":"https:\/\/www.gipuzkoabasket.com\/?p=3765\/"},"modified":"2023-11-20T18:29:53","modified_gmt":"2023-11-20T17:29:53","slug":"despedida-de-porfi-fisac-siento-que-he-completado-el-ciclo","status":"publish","type":"post","link":"https:\/\/gipuzkoabasket.com\/eu\/despedida-de-porfi-fisac-siento-que-he-completado-el-ciclo\/","title":{"rendered":"DESPEDIDA DE PORFI FISAC: \u201cSIENTO QUE HE COMPLETADO EL CICLO\u201d"},"content":{"rendered":"<p>En la ma\u00f1ana del mi\u00e9rcoles, Porfi Fisac ha comparecido ante los medios de comunicaci\u00f3n para hacer p\u00fablica su decisi\u00f3n de no continuar al frente del Delteco GBC la pr\u00f3xima temporada.<\/p>\n<p>Tras agradecer estos dos \u00faltimos a\u00f1os y medio a jugadores, cuerpo t\u00e9cnico, afici\u00f3n, club y, sobre todo, a las figuras de Nekane Arzallus, Presidenta, y Miguel Santos, Presidente de Honor, Fisac ha expuesto los motivos por los cuales ha decidido tomar esta decisi\u00f3n.<\/p>\n<p>El t\u00e9cnico ha explicado que lleg\u00f3 al Gipuzkoa Basket el pasado diciembre de 2015 con el reto de \u201ccambar la situaci\u00f3n del club, equipo y afici\u00f3n\u201d, algo que en un principio se planteaba a medio-largo plazo y se acab\u00f3 consiguiendo en apenas dos a\u00f1os, \u00a0logrando \u201calgo hist\u00f3rico\u201d como ha destacado.<\/p>\n<p>Con el proyecto encaminado, Fisac ha confesado que la sensaci\u00f3n de haber \u201ccompletado el ciclo\u201d comenz\u00f3 a rondar el pasado mes de marzo, tras la victoria ante Bilbao Basket, con la que la salvaci\u00f3n quedaba cada vez m\u00e1s cerca. \u201cCreo que es el momento de pensar con la cabeza, no con el coraz\u00f3n, y apartarme a un lado\u201d.<\/p>\n<p>link=&#8221;https:\/\/youtu.be\/kSW9b8nAglg&#8221;<\/p>\n<p>&#8220;RUEDA DE PRENSA&#8221;<\/p>\n","protected":false},"excerpt":{"rendered":"<p>El t\u00e9cnico segoviano ha anunciado hoy su decisi\u00f3n de dejar el club tras haber cumplido con los objetivos.<\/p>\n","protected":false},"author":2,"featured_media":3766,"comment_status":"open","ping_status":"open","sticky":false,"template":"","format":"standard","meta":{"_et_pb_use_builder":"","_et_pb_old_content":"","_et_gb_content_width":"","footnotes":""},"categories":[44,8,446,27],"tags":[476,478,479,585],"class_list":["post-3765","post","type-post","status-publish","format-standard","has-post-thumbnail","hentry","category-elkarrizketak","category-endesa-liga","category-hemeroteka","category-kluba","tag-gbc-eu-eu","tag-gipuzkoa-basket-eu-2","tag-liga-endesa-eu-2","tag-porfi-fisac-eu-2"],"yoast_head":"<!-- This site is optimized with the Yoast SEO plugin v27.5 - https:\/\/yoast.com\/product\/yoast-seo-wordpress\/ -->\n<title>DESPEDIDA DE PORFI FISAC: \u201cSIENTO QUE HE COMPLETADO EL CICLO\u201d |\u00a0 Gipuzkoa Basket<\/title>\n<meta name=\"description\" content=\"Gipuzkoa.Gipuzkoa Basket Club |\u00a0Los triples nos vuelven locos, \u00bfa ti no? | 943 444 428 \u00b7 gipuzkoabasket@gipuzkoabasket.com\" \/>\n<meta name=\"robots\" content=\"index, follow, max-snippet:-1, max-image-preview:large, max-video-preview:-1\" \/>\n<link rel=\"canonical\" href=\"https:\/\/gipuzkoabasket.com\/eu\/despedida-de-porfi-fisac-siento-que-he-completado-el-ciclo\/\" \/>\n<meta property=\"og:locale\" content=\"eu_ES\" \/>\n<meta property=\"og:type\" content=\"article\" \/>\n<meta property=\"og:title\" content=\"DESPEDIDA DE PORFI FISAC: \u201cSIENTO QUE HE COMPLETADO EL CICLO\u201d |\u00a0 Gipuzkoa Basket\" \/>\n<meta property=\"og:description\" content=\"Gipuzkoa.Gipuzkoa Basket Club |\u00a0Los triples nos vuelven locos, \u00bfa ti no? | 943 444 428 \u00b7 gipuzkoabasket@gipuzkoabasket.com\" \/>\n<meta property=\"og:url\" content=\"https:\/\/gipuzkoabasket.com\/eu\/despedida-de-porfi-fisac-siento-que-he-completado-el-ciclo\/\" \/>\n<meta property=\"og:site_name\" content=\"Gipuzkoa Basket Club\" \/>\n<meta property=\"article:published_time\" content=\"2018-05-30T09:16:06+00:00\" \/>\n<meta property=\"article:modified_time\" content=\"2023-11-20T17:29:53+00:00\" \/>\n<meta property=\"og:image\" content=\"https:\/\/gipuzkoabasket.com\/wp-content\/uploads\/2018\/05\/despedidafisac.jpg\" \/>\n\t<meta property=\"og:image:width\" content=\"676\" \/>\n\t<meta property=\"og:image:height\" content=\"399\" \/>\n\t<meta property=\"og:image:type\" content=\"image\/jpeg\" \/>\n<meta name=\"author\" content=\"Gipuzkoa Basket\" \/>\n<meta name=\"twitter:card\" content=\"summary_large_image\" \/>\n<meta name=\"twitter:label1\" content=\"Written by\" \/>\n\t<meta name=\"twitter:data1\" content=\"Gipuzkoa Basket\" \/>\n\t<meta name=\"twitter:label2\" content=\"Est. reading time\" \/>\n\t<meta name=\"twitter:data2\" content=\"1 minute\" \/>\n<script type=\"application\/ld+json\" class=\"yoast-schema-graph\">{\"@context\":\"https:\\\/\\\/schema.org\",\"@graph\":[{\"@type\":\"Article\",\"@id\":\"https:\\\/\\\/gipuzkoabasket.com\\\/eu\\\/despedida-de-porfi-fisac-siento-que-he-completado-el-ciclo\\\/#article\",\"isPartOf\":{\"@id\":\"https:\\\/\\\/gipuzkoabasket.com\\\/eu\\\/despedida-de-porfi-fisac-siento-que-he-completado-el-ciclo\\\/\"},\"author\":{\"name\":\"Gipuzkoa Basket\",\"@id\":\"https:\\\/\\\/gipuzkoabasket.com\\\/eu\\\/#\\\/schema\\\/person\\\/bd3551d543ad11d210e99773b69631a0\"},\"headline\":\"DESPEDIDA DE PORFI FISAC: \u201cSIENTO QUE HE COMPLETADO EL CICLO\u201d\",\"datePublished\":\"2018-05-30T09:16:06+00:00\",\"dateModified\":\"2023-11-20T17:29:53+00:00\",\"mainEntityOfPage\":{\"@id\":\"https:\\\/\\\/gipuzkoabasket.com\\\/eu\\\/despedida-de-porfi-fisac-siento-que-he-completado-el-ciclo\\\/\"},\"wordCount\":219,\"commentCount\":0,\"publisher\":{\"@id\":\"https:\\\/\\\/gipuzkoabasket.com\\\/eu\\\/#organization\"},\"image\":{\"@id\":\"https:\\\/\\\/gipuzkoabasket.com\\\/eu\\\/despedida-de-porfi-fisac-siento-que-he-completado-el-ciclo\\\/#primaryimage\"},\"thumbnailUrl\":\"https:\\\/\\\/gipuzkoabasket.com\\\/wp-content\\\/uploads\\\/2018\\\/05\\\/despedidafisac.jpg\",\"keywords\":[\"GBC\",\"Gipuzkoa Basket\",\"Liga Endesa\",\"Porfi Fisac\"],\"articleSection\":[\"Elkarrizketak\",\"Endesa Liga\",\"Hemeroteka\",\"Kluba\"],\"inLanguage\":\"eu-ES\",\"potentialAction\":[{\"@type\":\"CommentAction\",\"name\":\"Comment\",\"target\":[\"https:\\\/\\\/gipuzkoabasket.com\\\/eu\\\/despedida-de-porfi-fisac-siento-que-he-completado-el-ciclo\\\/#respond\"]}]},{\"@type\":\"WebPage\",\"@id\":\"https:\\\/\\\/gipuzkoabasket.com\\\/eu\\\/despedida-de-porfi-fisac-siento-que-he-completado-el-ciclo\\\/\",\"url\":\"https:\\\/\\\/gipuzkoabasket.com\\\/eu\\\/despedida-de-porfi-fisac-siento-que-he-completado-el-ciclo\\\/\",\"name\":\"DESPEDIDA DE PORFI FISAC: \u201cSIENTO QUE HE COMPLETADO EL CICLO\u201d |\u00a0 Gipuzkoa Basket\",\"isPartOf\":{\"@id\":\"https:\\\/\\\/gipuzkoabasket.com\\\/eu\\\/#website\"},\"primaryImageOfPage\":{\"@id\":\"https:\\\/\\\/gipuzkoabasket.com\\\/eu\\\/despedida-de-porfi-fisac-siento-que-he-completado-el-ciclo\\\/#primaryimage\"},\"image\":{\"@id\":\"https:\\\/\\\/gipuzkoabasket.com\\\/eu\\\/despedida-de-porfi-fisac-siento-que-he-completado-el-ciclo\\\/#primaryimage\"},\"thumbnailUrl\":\"https:\\\/\\\/gipuzkoabasket.com\\\/wp-content\\\/uploads\\\/2018\\\/05\\\/despedidafisac.jpg\",\"datePublished\":\"2018-05-30T09:16:06+00:00\",\"dateModified\":\"2023-11-20T17:29:53+00:00\",\"description\":\"Gipuzkoa.Gipuzkoa Basket Club |\u00a0Los triples nos vuelven locos, \u00bfa ti no? | 943 444 428 \u00b7 gipuzkoabasket@gipuzkoabasket.com\",\"breadcrumb\":{\"@id\":\"https:\\\/\\\/gipuzkoabasket.com\\\/eu\\\/despedida-de-porfi-fisac-siento-que-he-completado-el-ciclo\\\/#breadcrumb\"},\"inLanguage\":\"eu-ES\",\"potentialAction\":[{\"@type\":\"ReadAction\",\"target\":[\"https:\\\/\\\/gipuzkoabasket.com\\\/eu\\\/despedida-de-porfi-fisac-siento-que-he-completado-el-ciclo\\\/\"]}]},{\"@type\":\"ImageObject\",\"inLanguage\":\"eu-ES\",\"@id\":\"https:\\\/\\\/gipuzkoabasket.com\\\/eu\\\/despedida-de-porfi-fisac-siento-que-he-completado-el-ciclo\\\/#primaryimage\",\"url\":\"https:\\\/\\\/gipuzkoabasket.com\\\/wp-content\\\/uploads\\\/2018\\\/05\\\/despedidafisac.jpg\",\"contentUrl\":\"https:\\\/\\\/gipuzkoabasket.com\\\/wp-content\\\/uploads\\\/2018\\\/05\\\/despedidafisac.jpg\",\"width\":676,\"height\":399},{\"@type\":\"BreadcrumbList\",\"@id\":\"https:\\\/\\\/gipuzkoabasket.com\\\/eu\\\/despedida-de-porfi-fisac-siento-que-he-completado-el-ciclo\\\/#breadcrumb\",\"itemListElement\":[{\"@type\":\"ListItem\",\"position\":1,\"name\":\"Portada\",\"item\":\"https:\\\/\\\/gipuzkoabasket.com\\\/eu\\\/\"},{\"@type\":\"ListItem\",\"position\":2,\"name\":\"DESPEDIDA DE PORFI FISAC: \u201cSIENTO QUE HE COMPLETADO EL CICLO\u201d\"}]},{\"@type\":\"WebSite\",\"@id\":\"https:\\\/\\\/gipuzkoabasket.com\\\/eu\\\/#website\",\"url\":\"https:\\\/\\\/gipuzkoabasket.com\\\/eu\\\/\",\"name\":\"Gipuzkoa Basket Club\",\"description\":\"Toda la actualidad del club\",\"publisher\":{\"@id\":\"https:\\\/\\\/gipuzkoabasket.com\\\/eu\\\/#organization\"},\"potentialAction\":[{\"@type\":\"SearchAction\",\"target\":{\"@type\":\"EntryPoint\",\"urlTemplate\":\"https:\\\/\\\/gipuzkoabasket.com\\\/eu\\\/?s={search_term_string}\"},\"query-input\":{\"@type\":\"PropertyValueSpecification\",\"valueRequired\":true,\"valueName\":\"search_term_string\"}}],\"inLanguage\":\"eu-ES\"},{\"@type\":\"Organization\",\"@id\":\"https:\\\/\\\/gipuzkoabasket.com\\\/eu\\\/#organization\",\"name\":\"Gipuzkoa Basket Club\",\"alternateName\":\"Gipuzkoa Basket\",\"url\":\"https:\\\/\\\/gipuzkoabasket.com\\\/eu\\\/\",\"logo\":{\"@type\":\"ImageObject\",\"inLanguage\":\"eu-ES\",\"@id\":\"https:\\\/\\\/gipuzkoabasket.com\\\/eu\\\/#\\\/schema\\\/logo\\\/image\\\/\",\"url\":\"https:\\\/\\\/gipuzkoabasket.com\\\/wp-content\\\/uploads\\\/2023\\\/07\\\/LOGO-GBC-300x300-1.png\",\"contentUrl\":\"https:\\\/\\\/gipuzkoabasket.com\\\/wp-content\\\/uploads\\\/2023\\\/07\\\/LOGO-GBC-300x300-1.png\",\"width\":300,\"height\":300,\"caption\":\"Gipuzkoa Basket Club\"},\"image\":{\"@id\":\"https:\\\/\\\/gipuzkoabasket.com\\\/eu\\\/#\\\/schema\\\/logo\\\/image\\\/\"}},{\"@type\":\"Person\",\"@id\":\"https:\\\/\\\/gipuzkoabasket.com\\\/eu\\\/#\\\/schema\\\/person\\\/bd3551d543ad11d210e99773b69631a0\",\"name\":\"Gipuzkoa Basket\",\"image\":{\"@type\":\"ImageObject\",\"inLanguage\":\"eu-ES\",\"@id\":\"https:\\\/\\\/secure.gravatar.com\\\/avatar\\\/e5b959b6b0321efa5df7c766774c837369fb264465d34f031005235bf80ef231?s=96&d=mm&r=g\",\"url\":\"https:\\\/\\\/secure.gravatar.com\\\/avatar\\\/e5b959b6b0321efa5df7c766774c837369fb264465d34f031005235bf80ef231?s=96&d=mm&r=g\",\"contentUrl\":\"https:\\\/\\\/secure.gravatar.com\\\/avatar\\\/e5b959b6b0321efa5df7c766774c837369fb264465d34f031005235bf80ef231?s=96&d=mm&r=g\",\"caption\":\"Gipuzkoa Basket\"},\"url\":\"https:\\\/\\\/gipuzkoabasket.com\\\/eu\\\/author\\\/gipuzkoa-basket\\\/\"}]}<\/script>\n<!-- \/ Yoast SEO plugin. -->","yoast_head_json":{"title":"DESPEDIDA DE PORFI FISAC: \u201cSIENTO QUE HE COMPLETADO EL CICLO\u201d |\u00a0 Gipuzkoa Basket","description":"Gipuzkoa.Gipuzkoa Basket Club |\u00a0Los triples nos vuelven locos, \u00bfa ti no? | 943 444 428 \u00b7 gipuzkoabasket@gipuzkoabasket.com","robots":{"index":"index","follow":"follow","max-snippet":"max-snippet:-1","max-image-preview":"max-image-preview:large","max-video-preview":"max-video-preview:-1"},"canonical":"https:\/\/gipuzkoabasket.com\/eu\/despedida-de-porfi-fisac-siento-que-he-completado-el-ciclo\/","og_locale":"eu_ES","og_type":"article","og_title":"DESPEDIDA DE PORFI FISAC: \u201cSIENTO QUE HE COMPLETADO EL CICLO\u201d |\u00a0 Gipuzkoa Basket","og_description":"Gipuzkoa.Gipuzkoa Basket Club |\u00a0Los triples nos vuelven locos, \u00bfa ti no? | 943 444 428 \u00b7 gipuzkoabasket@gipuzkoabasket.com","og_url":"https:\/\/gipuzkoabasket.com\/eu\/despedida-de-porfi-fisac-siento-que-he-completado-el-ciclo\/","og_site_name":"Gipuzkoa Basket Club","article_published_time":"2018-05-30T09:16:06+00:00","article_modified_time":"2023-11-20T17:29:53+00:00","og_image":[{"width":676,"height":399,"url":"https:\/\/gipuzkoabasket.com\/wp-content\/uploads\/2018\/05\/despedidafisac.jpg","type":"image\/jpeg"}],"author":"Gipuzkoa Basket","twitter_card":"summary_large_image","twitter_misc":{"Written by":"Gipuzkoa Basket","Est. reading time":"1 minute"},"schema":{"@context":"https:\/\/schema.org","@graph":[{"@type":"Article","@id":"https:\/\/gipuzkoabasket.com\/eu\/despedida-de-porfi-fisac-siento-que-he-completado-el-ciclo\/#article","isPartOf":{"@id":"https:\/\/gipuzkoabasket.com\/eu\/despedida-de-porfi-fisac-siento-que-he-completado-el-ciclo\/"},"author":{"name":"Gipuzkoa Basket","@id":"https:\/\/gipuzkoabasket.com\/eu\/#\/schema\/person\/bd3551d543ad11d210e99773b69631a0"},"headline":"DESPEDIDA DE PORFI FISAC: \u201cSIENTO QUE HE COMPLETADO EL CICLO\u201d","datePublished":"2018-05-30T09:16:06+00:00","dateModified":"2023-11-20T17:29:53+00:00","mainEntityOfPage":{"@id":"https:\/\/gipuzkoabasket.com\/eu\/despedida-de-porfi-fisac-siento-que-he-completado-el-ciclo\/"},"wordCount":219,"commentCount":0,"publisher":{"@id":"https:\/\/gipuzkoabasket.com\/eu\/#organization"},"image":{"@id":"https:\/\/gipuzkoabasket.com\/eu\/despedida-de-porfi-fisac-siento-que-he-completado-el-ciclo\/#primaryimage"},"thumbnailUrl":"https:\/\/gipuzkoabasket.com\/wp-content\/uploads\/2018\/05\/despedidafisac.jpg","keywords":["GBC","Gipuzkoa Basket","Liga Endesa","Porfi Fisac"],"articleSection":["Elkarrizketak","Endesa Liga","Hemeroteka","Kluba"],"inLanguage":"eu-ES","potentialAction":[{"@type":"CommentAction","name":"Comment","target":["https:\/\/gipuzkoabasket.com\/eu\/despedida-de-porfi-fisac-siento-que-he-completado-el-ciclo\/#respond"]}]},{"@type":"WebPage","@id":"https:\/\/gipuzkoabasket.com\/eu\/despedida-de-porfi-fisac-siento-que-he-completado-el-ciclo\/","url":"https:\/\/gipuzkoabasket.com\/eu\/despedida-de-porfi-fisac-siento-que-he-completado-el-ciclo\/","name":"DESPEDIDA DE PORFI FISAC: \u201cSIENTO QUE HE COMPLETADO EL CICLO\u201d |\u00a0 Gipuzkoa Basket","isPartOf":{"@id":"https:\/\/gipuzkoabasket.com\/eu\/#website"},"primaryImageOfPage":{"@id":"https:\/\/gipuzkoabasket.com\/eu\/despedida-de-porfi-fisac-siento-que-he-completado-el-ciclo\/#primaryimage"},"image":{"@id":"https:\/\/gipuzkoabasket.com\/eu\/despedida-de-porfi-fisac-siento-que-he-completado-el-ciclo\/#primaryimage"},"thumbnailUrl":"https:\/\/gipuzkoabasket.com\/wp-content\/uploads\/2018\/05\/despedidafisac.jpg","datePublished":"2018-05-30T09:16:06+00:00","dateModified":"2023-11-20T17:29:53+00:00","description":"Gipuzkoa.Gipuzkoa Basket Club |\u00a0Los triples nos vuelven locos, \u00bfa ti no? | 943 444 428 \u00b7 gipuzkoabasket@gipuzkoabasket.com","breadcrumb":{"@id":"https:\/\/gipuzkoabasket.com\/eu\/despedida-de-porfi-fisac-siento-que-he-completado-el-ciclo\/#breadcrumb"},"inLanguage":"eu-ES","potentialAction":[{"@type":"ReadAction","target":["https:\/\/gipuzkoabasket.com\/eu\/despedida-de-porfi-fisac-siento-que-he-completado-el-ciclo\/"]}]},{"@type":"ImageObject","inLanguage":"eu-ES","@id":"https:\/\/gipuzkoabasket.com\/eu\/despedida-de-porfi-fisac-siento-que-he-completado-el-ciclo\/#primaryimage","url":"https:\/\/gipuzkoabasket.com\/wp-content\/uploads\/2018\/05\/despedidafisac.jpg","contentUrl":"https:\/\/gipuzkoabasket.com\/wp-content\/uploads\/2018\/05\/despedidafisac.jpg","width":676,"height":399},{"@type":"BreadcrumbList","@id":"https:\/\/gipuzkoabasket.com\/eu\/despedida-de-porfi-fisac-siento-que-he-completado-el-ciclo\/#breadcrumb","itemListElement":[{"@type":"ListItem","position":1,"name":"Portada","item":"https:\/\/gipuzkoabasket.com\/eu\/"},{"@type":"ListItem","position":2,"name":"DESPEDIDA DE PORFI FISAC: \u201cSIENTO QUE HE COMPLETADO EL CICLO\u201d"}]},{"@type":"WebSite","@id":"https:\/\/gipuzkoabasket.com\/eu\/#website","url":"https:\/\/gipuzkoabasket.com\/eu\/","name":"Gipuzkoa Basket Club","description":"Toda la actualidad del club","publisher":{"@id":"https:\/\/gipuzkoabasket.com\/eu\/#organization"},"potentialAction":[{"@type":"SearchAction","target":{"@type":"EntryPoint","urlTemplate":"https:\/\/gipuzkoabasket.com\/eu\/?s={search_term_string}"},"query-input":{"@type":"PropertyValueSpecification","valueRequired":true,"valueName":"search_term_string"}}],"inLanguage":"eu-ES"},{"@type":"Organization","@id":"https:\/\/gipuzkoabasket.com\/eu\/#organization","name":"Gipuzkoa Basket Club","alternateName":"Gipuzkoa Basket","url":"https:\/\/gipuzkoabasket.com\/eu\/","logo":{"@type":"ImageObject","inLanguage":"eu-ES","@id":"https:\/\/gipuzkoabasket.com\/eu\/#\/schema\/logo\/image\/","url":"https:\/\/gipuzkoabasket.com\/wp-content\/uploads\/2023\/07\/LOGO-GBC-300x300-1.png","contentUrl":"https:\/\/gipuzkoabasket.com\/wp-content\/uploads\/2023\/07\/LOGO-GBC-300x300-1.png","width":300,"height":300,"caption":"Gipuzkoa Basket Club"},"image":{"@id":"https:\/\/gipuzkoabasket.com\/eu\/#\/schema\/logo\/image\/"}},{"@type":"Person","@id":"https:\/\/gipuzkoabasket.com\/eu\/#\/schema\/person\/bd3551d543ad11d210e99773b69631a0","name":"Gipuzkoa Basket","image":{"@type":"ImageObject","inLanguage":"eu-ES","@id":"https:\/\/secure.gravatar.com\/avatar\/e5b959b6b0321efa5df7c766774c837369fb264465d34f031005235bf80ef231?s=96&d=mm&r=g","url":"https:\/\/secure.gravatar.com\/avatar\/e5b959b6b0321efa5df7c766774c837369fb264465d34f031005235bf80ef231?s=96&d=mm&r=g","contentUrl":"https:\/\/secure.gravatar.com\/avatar\/e5b959b6b0321efa5df7c766774c837369fb264465d34f031005235bf80ef231?s=96&d=mm&r=g","caption":"Gipuzkoa Basket"},"url":"https:\/\/gipuzkoabasket.com\/eu\/author\/gipuzkoa-basket\/"}]}},"_links":{"self":[{"href":"https:\/\/gipuzkoabasket.com\/eu\/wp-json\/wp\/v2\/posts\/3765","targetHints":{"allow":["GET"]}}],"collection":[{"href":"https:\/\/gipuzkoabasket.com\/eu\/wp-json\/wp\/v2\/posts"}],"about":[{"href":"https:\/\/gipuzkoabasket.com\/eu\/wp-json\/wp\/v2\/types\/post"}],"author":[{"embeddable":true,"href":"https:\/\/gipuzkoabasket.com\/eu\/wp-json\/wp\/v2\/users\/2"}],"replies":[{"embeddable":true,"href":"https:\/\/gipuzkoabasket.com\/eu\/wp-json\/wp\/v2\/comments?post=3765"}],"version-history":[{"count":1,"href":"https:\/\/gipuzkoabasket.com\/eu\/wp-json\/wp\/v2\/posts\/3765\/revisions"}],"predecessor-version":[{"id":21831,"href":"https:\/\/gipuzkoabasket.com\/eu\/wp-json\/wp\/v2\/posts\/3765\/revisions\/21831"}],"wp:featuredmedia":[{"embeddable":true,"href":"https:\/\/gipuzkoabasket.com\/eu\/wp-json\/wp\/v2\/media\/3766"}],"wp:attachment":[{"href":"https:\/\/gipuzkoabasket.com\/eu\/wp-json\/wp\/v2\/media?parent=3765"}],"wp:term":[{"taxonomy":"category","embeddable":true,"href":"https:\/\/gipuzkoabasket.com\/eu\/wp-json\/wp\/v2\/categories?post=3765"},{"taxonomy":"post_tag","embeddable":true,"href":"https:\/\/gipuzkoabasket.com\/eu\/wp-json\/wp\/v2\/tags?post=3765"}],"curies":[{"name":"wp","href":"https:\/\/api.w.org\/{rel}","templated":true}]}}