{"id":3770,"date":"2018-05-31T12:51:49","date_gmt":"2018-05-31T10:51:49","guid":{"rendered":"https:\/\/www.gipuzkoabasket.com\/?p=3770\/"},"modified":"2023-11-20T18:29:52","modified_gmt":"2023-11-20T17:29:52","slug":"positiva-valoracion-de-la-temporada-en-el-desayuno-con-los-medios","status":"publish","type":"post","link":"https:\/\/gipuzkoabasket.com\/eu\/positiva-valoracion-de-la-temporada-en-el-desayuno-con-los-medios\/","title":{"rendered":"POSITIVA VALORACI\u00d3N DE LA TEMPORADA EN EL DESAYUNO CON LOS MEDIOS"},"content":{"rendered":"<p>Esta ma\u00f1ana el Consejo del Gipuzkoa Basket ha celebrado el habitual desayuno con la prensa en el Hotel Silken Amara Plaza para hacer un balance de la temporada. El vicepresidente, Nacho Nu\u00f1ez, ha destacado la gran temporada que ha realizado el equipo con 13 victorias y consiguiendo el record de anotaci\u00f3n del equipo. \u00a0Ha apuntado tambi\u00e9n la importancia de que en Gipuzkoa haya Liga Endesa se\u00f1alando adem\u00e1s la estabilidad del club, que espera tener este a\u00f1o un peque\u00f1o super\u00e1vit, aunque ha reconocido que el pr\u00f3ximo a\u00f1o el equipo ser\u00e1 de nuevo probablemente uno de los que tenga menor presupuesto en la competici\u00f3n.<\/p>\n<p>Posteriormente Nu\u00f1ez ha \u00a0querido agradecer a la afici\u00f3n, a las instituciones, a los jugadores, entrenadores y especialmente a Porfi Fisac su implicaci\u00f3n esta temporada, reconociendo que \u201clo conseguido es impresionante\u201d.<\/p>\n<p>El reto actual del club sigue siendo mantener un proyecto sostenible esperando un aumento de patrocinadores y abonados que supongan mayores ingresos. A corto plazo la b\u00fasqueda de nuevo entrenador es uno de los objetivos prioritarios del club. El vicepresidente ha destacado que el perfil de t\u00e9cnico ser\u00e1 alguien que siga implicado con la cantera, realice un baloncesto atractivo y se ajuste al presupuesto del club.<\/p>\n","protected":false},"excerpt":{"rendered":"<p>El GBC ha ofrecido un desayuno a los medios de comunicaci\u00f3n en el que ha valorado el presente curso.<\/p>\n","protected":false},"author":2,"featured_media":3771,"comment_status":"open","ping_status":"open","sticky":false,"template":"","format":"standard","meta":{"_et_pb_use_builder":"","_et_pb_old_content":"","_et_gb_content_width":"","footnotes":""},"categories":[8,446,27],"tags":[474,476,477,478,479],"class_list":["post-3770","post","type-post","status-publish","format-standard","has-post-thumbnail","hentry","category-endesa-liga","category-hemeroteka","category-kluba","tag-donostia-eu-2","tag-gbc-eu-eu","tag-gipuzkoa-eu-eu","tag-gipuzkoa-basket-eu-2","tag-liga-endesa-eu-2"],"yoast_head":"<!-- This site is optimized with the Yoast SEO plugin v27.5 - https:\/\/yoast.com\/product\/yoast-seo-wordpress\/ -->\n<title>POSITIVA VALORACI\u00d3N DE LA TEMPORADA EN EL DESAYUNO CON LOS MEDIOS |\u00a0 Gipuzkoa Basket<\/title>\n<meta name=\"description\" content=\"Gipuzkoa.Gipuzkoa Basket Club |\u00a0Los triples nos vuelven locos, \u00bfa ti no? | 943 444 428 \u00b7 gipuzkoabasket@gipuzkoabasket.com\" \/>\n<meta name=\"robots\" content=\"index, follow, max-snippet:-1, max-image-preview:large, max-video-preview:-1\" \/>\n<link rel=\"canonical\" href=\"https:\/\/gipuzkoabasket.com\/eu\/positiva-valoracion-de-la-temporada-en-el-desayuno-con-los-medios\/\" \/>\n<meta property=\"og:locale\" content=\"eu_ES\" \/>\n<meta property=\"og:type\" content=\"article\" \/>\n<meta property=\"og:title\" content=\"POSITIVA VALORACI\u00d3N DE LA TEMPORADA EN EL DESAYUNO CON LOS MEDIOS |\u00a0 Gipuzkoa Basket\" \/>\n<meta property=\"og:description\" content=\"Gipuzkoa.Gipuzkoa Basket Club |\u00a0Los triples nos vuelven locos, \u00bfa ti no? | 943 444 428 \u00b7 gipuzkoabasket@gipuzkoabasket.com\" \/>\n<meta property=\"og:url\" content=\"https:\/\/gipuzkoabasket.com\/eu\/positiva-valoracion-de-la-temporada-en-el-desayuno-con-los-medios\/\" \/>\n<meta property=\"og:site_name\" content=\"Gipuzkoa Basket Club\" \/>\n<meta property=\"article:published_time\" content=\"2018-05-31T10:51:49+00:00\" \/>\n<meta property=\"article:modified_time\" content=\"2023-11-20T17:29:52+00:00\" \/>\n<meta property=\"og:image\" content=\"https:\/\/gipuzkoabasket.com\/wp-content\/uploads\/2018\/05\/desayunoprensa.jpg\" \/>\n\t<meta property=\"og:image:width\" content=\"676\" \/>\n\t<meta property=\"og:image:height\" content=\"399\" \/>\n\t<meta property=\"og:image:type\" content=\"image\/jpeg\" \/>\n<meta name=\"author\" content=\"Gipuzkoa Basket\" \/>\n<meta name=\"twitter:card\" content=\"summary_large_image\" \/>\n<meta name=\"twitter:label1\" content=\"Written by\" \/>\n\t<meta name=\"twitter:data1\" content=\"Gipuzkoa Basket\" \/>\n\t<meta name=\"twitter:label2\" content=\"Est. reading time\" \/>\n\t<meta name=\"twitter:data2\" content=\"1 minute\" \/>\n<script type=\"application\/ld+json\" class=\"yoast-schema-graph\">{\"@context\":\"https:\\\/\\\/schema.org\",\"@graph\":[{\"@type\":\"Article\",\"@id\":\"https:\\\/\\\/gipuzkoabasket.com\\\/eu\\\/positiva-valoracion-de-la-temporada-en-el-desayuno-con-los-medios\\\/#article\",\"isPartOf\":{\"@id\":\"https:\\\/\\\/gipuzkoabasket.com\\\/eu\\\/positiva-valoracion-de-la-temporada-en-el-desayuno-con-los-medios\\\/\"},\"author\":{\"name\":\"Gipuzkoa Basket\",\"@id\":\"https:\\\/\\\/gipuzkoabasket.com\\\/eu\\\/#\\\/schema\\\/person\\\/bd3551d543ad11d210e99773b69631a0\"},\"headline\":\"POSITIVA VALORACI\u00d3N DE LA TEMPORADA EN EL DESAYUNO CON LOS MEDIOS\",\"datePublished\":\"2018-05-31T10:51:49+00:00\",\"dateModified\":\"2023-11-20T17:29:52+00:00\",\"mainEntityOfPage\":{\"@id\":\"https:\\\/\\\/gipuzkoabasket.com\\\/eu\\\/positiva-valoracion-de-la-temporada-en-el-desayuno-con-los-medios\\\/\"},\"wordCount\":226,\"commentCount\":0,\"publisher\":{\"@id\":\"https:\\\/\\\/gipuzkoabasket.com\\\/eu\\\/#organization\"},\"image\":{\"@id\":\"https:\\\/\\\/gipuzkoabasket.com\\\/eu\\\/positiva-valoracion-de-la-temporada-en-el-desayuno-con-los-medios\\\/#primaryimage\"},\"thumbnailUrl\":\"https:\\\/\\\/gipuzkoabasket.com\\\/wp-content\\\/uploads\\\/2018\\\/05\\\/desayunoprensa.jpg\",\"keywords\":[\"Donostia\",\"GBC\",\"Gipuzkoa\",\"Gipuzkoa Basket\",\"Liga Endesa\"],\"articleSection\":[\"Endesa Liga\",\"Hemeroteka\",\"Kluba\"],\"inLanguage\":\"eu-ES\",\"potentialAction\":[{\"@type\":\"CommentAction\",\"name\":\"Comment\",\"target\":[\"https:\\\/\\\/gipuzkoabasket.com\\\/eu\\\/positiva-valoracion-de-la-temporada-en-el-desayuno-con-los-medios\\\/#respond\"]}]},{\"@type\":\"WebPage\",\"@id\":\"https:\\\/\\\/gipuzkoabasket.com\\\/eu\\\/positiva-valoracion-de-la-temporada-en-el-desayuno-con-los-medios\\\/\",\"url\":\"https:\\\/\\\/gipuzkoabasket.com\\\/eu\\\/positiva-valoracion-de-la-temporada-en-el-desayuno-con-los-medios\\\/\",\"name\":\"POSITIVA VALORACI\u00d3N DE LA TEMPORADA EN EL DESAYUNO CON LOS MEDIOS |\u00a0 Gipuzkoa Basket\",\"isPartOf\":{\"@id\":\"https:\\\/\\\/gipuzkoabasket.com\\\/eu\\\/#website\"},\"primaryImageOfPage\":{\"@id\":\"https:\\\/\\\/gipuzkoabasket.com\\\/eu\\\/positiva-valoracion-de-la-temporada-en-el-desayuno-con-los-medios\\\/#primaryimage\"},\"image\":{\"@id\":\"https:\\\/\\\/gipuzkoabasket.com\\\/eu\\\/positiva-valoracion-de-la-temporada-en-el-desayuno-con-los-medios\\\/#primaryimage\"},\"thumbnailUrl\":\"https:\\\/\\\/gipuzkoabasket.com\\\/wp-content\\\/uploads\\\/2018\\\/05\\\/desayunoprensa.jpg\",\"datePublished\":\"2018-05-31T10:51:49+00:00\",\"dateModified\":\"2023-11-20T17:29:52+00:00\",\"description\":\"Gipuzkoa.Gipuzkoa Basket Club |\u00a0Los triples nos vuelven locos, \u00bfa ti no? | 943 444 428 \u00b7 gipuzkoabasket@gipuzkoabasket.com\",\"breadcrumb\":{\"@id\":\"https:\\\/\\\/gipuzkoabasket.com\\\/eu\\\/positiva-valoracion-de-la-temporada-en-el-desayuno-con-los-medios\\\/#breadcrumb\"},\"inLanguage\":\"eu-ES\",\"potentialAction\":[{\"@type\":\"ReadAction\",\"target\":[\"https:\\\/\\\/gipuzkoabasket.com\\\/eu\\\/positiva-valoracion-de-la-temporada-en-el-desayuno-con-los-medios\\\/\"]}]},{\"@type\":\"ImageObject\",\"inLanguage\":\"eu-ES\",\"@id\":\"https:\\\/\\\/gipuzkoabasket.com\\\/eu\\\/positiva-valoracion-de-la-temporada-en-el-desayuno-con-los-medios\\\/#primaryimage\",\"url\":\"https:\\\/\\\/gipuzkoabasket.com\\\/wp-content\\\/uploads\\\/2018\\\/05\\\/desayunoprensa.jpg\",\"contentUrl\":\"https:\\\/\\\/gipuzkoabasket.com\\\/wp-content\\\/uploads\\\/2018\\\/05\\\/desayunoprensa.jpg\",\"width\":676,\"height\":399},{\"@type\":\"BreadcrumbList\",\"@id\":\"https:\\\/\\\/gipuzkoabasket.com\\\/eu\\\/positiva-valoracion-de-la-temporada-en-el-desayuno-con-los-medios\\\/#breadcrumb\",\"itemListElement\":[{\"@type\":\"ListItem\",\"position\":1,\"name\":\"Portada\",\"item\":\"https:\\\/\\\/gipuzkoabasket.com\\\/eu\\\/\"},{\"@type\":\"ListItem\",\"position\":2,\"name\":\"POSITIVA VALORACI\u00d3N DE LA TEMPORADA EN EL DESAYUNO CON LOS MEDIOS\"}]},{\"@type\":\"WebSite\",\"@id\":\"https:\\\/\\\/gipuzkoabasket.com\\\/eu\\\/#website\",\"url\":\"https:\\\/\\\/gipuzkoabasket.com\\\/eu\\\/\",\"name\":\"Gipuzkoa Basket Club\",\"description\":\"Toda la actualidad del club\",\"publisher\":{\"@id\":\"https:\\\/\\\/gipuzkoabasket.com\\\/eu\\\/#organization\"},\"potentialAction\":[{\"@type\":\"SearchAction\",\"target\":{\"@type\":\"EntryPoint\",\"urlTemplate\":\"https:\\\/\\\/gipuzkoabasket.com\\\/eu\\\/?s={search_term_string}\"},\"query-input\":{\"@type\":\"PropertyValueSpecification\",\"valueRequired\":true,\"valueName\":\"search_term_string\"}}],\"inLanguage\":\"eu-ES\"},{\"@type\":\"Organization\",\"@id\":\"https:\\\/\\\/gipuzkoabasket.com\\\/eu\\\/#organization\",\"name\":\"Gipuzkoa Basket Club\",\"alternateName\":\"Gipuzkoa Basket\",\"url\":\"https:\\\/\\\/gipuzkoabasket.com\\\/eu\\\/\",\"logo\":{\"@type\":\"ImageObject\",\"inLanguage\":\"eu-ES\",\"@id\":\"https:\\\/\\\/gipuzkoabasket.com\\\/eu\\\/#\\\/schema\\\/logo\\\/image\\\/\",\"url\":\"https:\\\/\\\/gipuzkoabasket.com\\\/wp-content\\\/uploads\\\/2023\\\/07\\\/LOGO-GBC-300x300-1.png\",\"contentUrl\":\"https:\\\/\\\/gipuzkoabasket.com\\\/wp-content\\\/uploads\\\/2023\\\/07\\\/LOGO-GBC-300x300-1.png\",\"width\":300,\"height\":300,\"caption\":\"Gipuzkoa Basket Club\"},\"image\":{\"@id\":\"https:\\\/\\\/gipuzkoabasket.com\\\/eu\\\/#\\\/schema\\\/logo\\\/image\\\/\"}},{\"@type\":\"Person\",\"@id\":\"https:\\\/\\\/gipuzkoabasket.com\\\/eu\\\/#\\\/schema\\\/person\\\/bd3551d543ad11d210e99773b69631a0\",\"name\":\"Gipuzkoa Basket\",\"image\":{\"@type\":\"ImageObject\",\"inLanguage\":\"eu-ES\",\"@id\":\"https:\\\/\\\/secure.gravatar.com\\\/avatar\\\/e5b959b6b0321efa5df7c766774c837369fb264465d34f031005235bf80ef231?s=96&d=mm&r=g\",\"url\":\"https:\\\/\\\/secure.gravatar.com\\\/avatar\\\/e5b959b6b0321efa5df7c766774c837369fb264465d34f031005235bf80ef231?s=96&d=mm&r=g\",\"contentUrl\":\"https:\\\/\\\/secure.gravatar.com\\\/avatar\\\/e5b959b6b0321efa5df7c766774c837369fb264465d34f031005235bf80ef231?s=96&d=mm&r=g\",\"caption\":\"Gipuzkoa Basket\"},\"url\":\"https:\\\/\\\/gipuzkoabasket.com\\\/eu\\\/author\\\/gipuzkoa-basket\\\/\"}]}<\/script>\n<!-- \/ Yoast SEO plugin. -->","yoast_head_json":{"title":"POSITIVA VALORACI\u00d3N DE LA TEMPORADA EN EL DESAYUNO CON LOS MEDIOS |\u00a0 Gipuzkoa Basket","description":"Gipuzkoa.Gipuzkoa Basket Club |\u00a0Los triples nos vuelven locos, \u00bfa ti no? | 943 444 428 \u00b7 gipuzkoabasket@gipuzkoabasket.com","robots":{"index":"index","follow":"follow","max-snippet":"max-snippet:-1","max-image-preview":"max-image-preview:large","max-video-preview":"max-video-preview:-1"},"canonical":"https:\/\/gipuzkoabasket.com\/eu\/positiva-valoracion-de-la-temporada-en-el-desayuno-con-los-medios\/","og_locale":"eu_ES","og_type":"article","og_title":"POSITIVA VALORACI\u00d3N DE LA TEMPORADA EN EL DESAYUNO CON LOS MEDIOS |\u00a0 Gipuzkoa Basket","og_description":"Gipuzkoa.Gipuzkoa Basket Club |\u00a0Los triples nos vuelven locos, \u00bfa ti no? | 943 444 428 \u00b7 gipuzkoabasket@gipuzkoabasket.com","og_url":"https:\/\/gipuzkoabasket.com\/eu\/positiva-valoracion-de-la-temporada-en-el-desayuno-con-los-medios\/","og_site_name":"Gipuzkoa Basket Club","article_published_time":"2018-05-31T10:51:49+00:00","article_modified_time":"2023-11-20T17:29:52+00:00","og_image":[{"width":676,"height":399,"url":"https:\/\/gipuzkoabasket.com\/wp-content\/uploads\/2018\/05\/desayunoprensa.jpg","type":"image\/jpeg"}],"author":"Gipuzkoa Basket","twitter_card":"summary_large_image","twitter_misc":{"Written by":"Gipuzkoa Basket","Est. reading time":"1 minute"},"schema":{"@context":"https:\/\/schema.org","@graph":[{"@type":"Article","@id":"https:\/\/gipuzkoabasket.com\/eu\/positiva-valoracion-de-la-temporada-en-el-desayuno-con-los-medios\/#article","isPartOf":{"@id":"https:\/\/gipuzkoabasket.com\/eu\/positiva-valoracion-de-la-temporada-en-el-desayuno-con-los-medios\/"},"author":{"name":"Gipuzkoa Basket","@id":"https:\/\/gipuzkoabasket.com\/eu\/#\/schema\/person\/bd3551d543ad11d210e99773b69631a0"},"headline":"POSITIVA VALORACI\u00d3N DE LA TEMPORADA EN EL DESAYUNO CON LOS MEDIOS","datePublished":"2018-05-31T10:51:49+00:00","dateModified":"2023-11-20T17:29:52+00:00","mainEntityOfPage":{"@id":"https:\/\/gipuzkoabasket.com\/eu\/positiva-valoracion-de-la-temporada-en-el-desayuno-con-los-medios\/"},"wordCount":226,"commentCount":0,"publisher":{"@id":"https:\/\/gipuzkoabasket.com\/eu\/#organization"},"image":{"@id":"https:\/\/gipuzkoabasket.com\/eu\/positiva-valoracion-de-la-temporada-en-el-desayuno-con-los-medios\/#primaryimage"},"thumbnailUrl":"https:\/\/gipuzkoabasket.com\/wp-content\/uploads\/2018\/05\/desayunoprensa.jpg","keywords":["Donostia","GBC","Gipuzkoa","Gipuzkoa Basket","Liga Endesa"],"articleSection":["Endesa Liga","Hemeroteka","Kluba"],"inLanguage":"eu-ES","potentialAction":[{"@type":"CommentAction","name":"Comment","target":["https:\/\/gipuzkoabasket.com\/eu\/positiva-valoracion-de-la-temporada-en-el-desayuno-con-los-medios\/#respond"]}]},{"@type":"WebPage","@id":"https:\/\/gipuzkoabasket.com\/eu\/positiva-valoracion-de-la-temporada-en-el-desayuno-con-los-medios\/","url":"https:\/\/gipuzkoabasket.com\/eu\/positiva-valoracion-de-la-temporada-en-el-desayuno-con-los-medios\/","name":"POSITIVA VALORACI\u00d3N DE LA TEMPORADA EN EL DESAYUNO CON LOS MEDIOS |\u00a0 Gipuzkoa Basket","isPartOf":{"@id":"https:\/\/gipuzkoabasket.com\/eu\/#website"},"primaryImageOfPage":{"@id":"https:\/\/gipuzkoabasket.com\/eu\/positiva-valoracion-de-la-temporada-en-el-desayuno-con-los-medios\/#primaryimage"},"image":{"@id":"https:\/\/gipuzkoabasket.com\/eu\/positiva-valoracion-de-la-temporada-en-el-desayuno-con-los-medios\/#primaryimage"},"thumbnailUrl":"https:\/\/gipuzkoabasket.com\/wp-content\/uploads\/2018\/05\/desayunoprensa.jpg","datePublished":"2018-05-31T10:51:49+00:00","dateModified":"2023-11-20T17:29:52+00:00","description":"Gipuzkoa.Gipuzkoa Basket Club |\u00a0Los triples nos vuelven locos, \u00bfa ti no? | 943 444 428 \u00b7 gipuzkoabasket@gipuzkoabasket.com","breadcrumb":{"@id":"https:\/\/gipuzkoabasket.com\/eu\/positiva-valoracion-de-la-temporada-en-el-desayuno-con-los-medios\/#breadcrumb"},"inLanguage":"eu-ES","potentialAction":[{"@type":"ReadAction","target":["https:\/\/gipuzkoabasket.com\/eu\/positiva-valoracion-de-la-temporada-en-el-desayuno-con-los-medios\/"]}]},{"@type":"ImageObject","inLanguage":"eu-ES","@id":"https:\/\/gipuzkoabasket.com\/eu\/positiva-valoracion-de-la-temporada-en-el-desayuno-con-los-medios\/#primaryimage","url":"https:\/\/gipuzkoabasket.com\/wp-content\/uploads\/2018\/05\/desayunoprensa.jpg","contentUrl":"https:\/\/gipuzkoabasket.com\/wp-content\/uploads\/2018\/05\/desayunoprensa.jpg","width":676,"height":399},{"@type":"BreadcrumbList","@id":"https:\/\/gipuzkoabasket.com\/eu\/positiva-valoracion-de-la-temporada-en-el-desayuno-con-los-medios\/#breadcrumb","itemListElement":[{"@type":"ListItem","position":1,"name":"Portada","item":"https:\/\/gipuzkoabasket.com\/eu\/"},{"@type":"ListItem","position":2,"name":"POSITIVA VALORACI\u00d3N DE LA TEMPORADA EN EL DESAYUNO CON LOS MEDIOS"}]},{"@type":"WebSite","@id":"https:\/\/gipuzkoabasket.com\/eu\/#website","url":"https:\/\/gipuzkoabasket.com\/eu\/","name":"Gipuzkoa Basket Club","description":"Toda la actualidad del club","publisher":{"@id":"https:\/\/gipuzkoabasket.com\/eu\/#organization"},"potentialAction":[{"@type":"SearchAction","target":{"@type":"EntryPoint","urlTemplate":"https:\/\/gipuzkoabasket.com\/eu\/?s={search_term_string}"},"query-input":{"@type":"PropertyValueSpecification","valueRequired":true,"valueName":"search_term_string"}}],"inLanguage":"eu-ES"},{"@type":"Organization","@id":"https:\/\/gipuzkoabasket.com\/eu\/#organization","name":"Gipuzkoa Basket Club","alternateName":"Gipuzkoa Basket","url":"https:\/\/gipuzkoabasket.com\/eu\/","logo":{"@type":"ImageObject","inLanguage":"eu-ES","@id":"https:\/\/gipuzkoabasket.com\/eu\/#\/schema\/logo\/image\/","url":"https:\/\/gipuzkoabasket.com\/wp-content\/uploads\/2023\/07\/LOGO-GBC-300x300-1.png","contentUrl":"https:\/\/gipuzkoabasket.com\/wp-content\/uploads\/2023\/07\/LOGO-GBC-300x300-1.png","width":300,"height":300,"caption":"Gipuzkoa Basket Club"},"image":{"@id":"https:\/\/gipuzkoabasket.com\/eu\/#\/schema\/logo\/image\/"}},{"@type":"Person","@id":"https:\/\/gipuzkoabasket.com\/eu\/#\/schema\/person\/bd3551d543ad11d210e99773b69631a0","name":"Gipuzkoa Basket","image":{"@type":"ImageObject","inLanguage":"eu-ES","@id":"https:\/\/secure.gravatar.com\/avatar\/e5b959b6b0321efa5df7c766774c837369fb264465d34f031005235bf80ef231?s=96&d=mm&r=g","url":"https:\/\/secure.gravatar.com\/avatar\/e5b959b6b0321efa5df7c766774c837369fb264465d34f031005235bf80ef231?s=96&d=mm&r=g","contentUrl":"https:\/\/secure.gravatar.com\/avatar\/e5b959b6b0321efa5df7c766774c837369fb264465d34f031005235bf80ef231?s=96&d=mm&r=g","caption":"Gipuzkoa Basket"},"url":"https:\/\/gipuzkoabasket.com\/eu\/author\/gipuzkoa-basket\/"}]}},"_links":{"self":[{"href":"https:\/\/gipuzkoabasket.com\/eu\/wp-json\/wp\/v2\/posts\/3770","targetHints":{"allow":["GET"]}}],"collection":[{"href":"https:\/\/gipuzkoabasket.com\/eu\/wp-json\/wp\/v2\/posts"}],"about":[{"href":"https:\/\/gipuzkoabasket.com\/eu\/wp-json\/wp\/v2\/types\/post"}],"author":[{"embeddable":true,"href":"https:\/\/gipuzkoabasket.com\/eu\/wp-json\/wp\/v2\/users\/2"}],"replies":[{"embeddable":true,"href":"https:\/\/gipuzkoabasket.com\/eu\/wp-json\/wp\/v2\/comments?post=3770"}],"version-history":[{"count":1,"href":"https:\/\/gipuzkoabasket.com\/eu\/wp-json\/wp\/v2\/posts\/3770\/revisions"}],"predecessor-version":[{"id":21830,"href":"https:\/\/gipuzkoabasket.com\/eu\/wp-json\/wp\/v2\/posts\/3770\/revisions\/21830"}],"wp:featuredmedia":[{"embeddable":true,"href":"https:\/\/gipuzkoabasket.com\/eu\/wp-json\/wp\/v2\/media\/3771"}],"wp:attachment":[{"href":"https:\/\/gipuzkoabasket.com\/eu\/wp-json\/wp\/v2\/media?parent=3770"}],"wp:term":[{"taxonomy":"category","embeddable":true,"href":"https:\/\/gipuzkoabasket.com\/eu\/wp-json\/wp\/v2\/categories?post=3770"},{"taxonomy":"post_tag","embeddable":true,"href":"https:\/\/gipuzkoabasket.com\/eu\/wp-json\/wp\/v2\/tags?post=3770"}],"curies":[{"name":"wp","href":"https:\/\/api.w.org\/{rel}","templated":true}]}}