{"id":3809,"date":"2018-06-25T13:13:54","date_gmt":"2018-06-25T11:13:54","guid":{"rendered":"https:\/\/www.gipuzkoabasket.com\/?p=3809\/"},"modified":"2023-11-20T18:31:28","modified_gmt":"2023-11-20T17:31:28","slug":"sergio-valdeolmillos-no-lo-he-dudado-estoy-encantado-de-poder-estar-aqui","status":"publish","type":"post","link":"https:\/\/gipuzkoabasket.com\/eu\/sergio-valdeolmillos-no-lo-he-dudado-estoy-encantado-de-poder-estar-aqui\/","title":{"rendered":"SERGIO VALDEOLMILLOS: \u201cNO LO HE DUDADO, ESTOY ENCANTADO DE PODER ESTAR AQU\u00cd\u201d"},"content":{"rendered":"<p>Esta ma\u00f1ana la sala de prensa del Donostia Arena ha acogido la rueda de prensa de presentaci\u00f3n de Sergio Valdeolmillos como nuevo t\u00e9cnico del Delteco Gipuzkoa Basket para la pr\u00f3xima temporada.<\/p>\n<p>El t\u00e9cnico ha sido presentado por Nekane Arzallus, que ha comenzado su comparecencia dando la bienvenida al nuevo t\u00e9cnico del que ha remarcado que \u201ces una persona que viene con ilusi\u00f3n, hambre y muchas ganas\u201d y que espera que de sumano sigamos ilusionando a la gente en Illunbe.<\/p>\n<p>Posteriormente ha tomado la palabra el nuevo t\u00e9cnico que ha afirmado estar muy ilusionado con su llegada al GBC afirmando que \u201ces un magnifico sitio para trabajar\u201d. Llega de ser entrenador ayudante la pasada temporada de la que destaca ha adquirido nuevos conocimientos para poderlos proyectar en el equipo. Afirma que \u201ces muy dif\u00edcil hoy en d\u00eda entrenar en ACB\u201d pero que espera continuar el proyecto que se ha realizado durante la pasada temporada, intentado construir un equipo competitivo que est\u00e9 a la altura.<\/p>\n<p>link=&#8221;https:\/\/youtu.be\/UwjCdEVW_Pg&#8221;<\/p>\n","protected":false},"excerpt":{"rendered":"<p>El t\u00e9cnico ha sido presentado oficialmente hoy en rueda de prensa de mano de la presidenta Nekane Arzallus.<\/p>\n","protected":false},"author":2,"featured_media":3810,"comment_status":"open","ping_status":"open","sticky":false,"template":"","format":"standard","meta":{"_et_pb_use_builder":"","_et_pb_old_content":"","_et_gb_content_width":"","footnotes":""},"categories":[44,8,446,27],"tags":[474,475,476,477,478,479,548,565,546],"class_list":["post-3809","post","type-post","status-publish","format-standard","has-post-thumbnail","hentry","category-elkarrizketak","category-endesa-liga","category-hemeroteka","category-kluba","tag-donostia-eu-2","tag-donostia-arena-eu-2","tag-gbc-eu-eu","tag-gipuzkoa-eu-eu","tag-gipuzkoa-basket-eu-2","tag-liga-endesa-eu-2","tag-nekane-arzallus-eu-2","tag-presentacion-eu-2","tag-sergio-valdeolmillos-eu-2"],"yoast_head":"<!-- This site is optimized with the Yoast SEO plugin v27.5 - https:\/\/yoast.com\/product\/yoast-seo-wordpress\/ -->\n<title>SERGIO VALDEOLMILLOS: \u201cNO LO HE DUDADO, ESTOY ENCANTADO DE PODER ESTAR AQU\u00cd\u201d |\u00a0 Gipuzkoa Basket<\/title>\n<meta name=\"description\" content=\"Gipuzkoa.Gipuzkoa Basket Club |\u00a0Los triples nos vuelven locos, \u00bfa ti no? | 943 444 428 \u00b7 gipuzkoabasket@gipuzkoabasket.com\" \/>\n<meta name=\"robots\" content=\"index, follow, max-snippet:-1, max-image-preview:large, max-video-preview:-1\" \/>\n<link rel=\"canonical\" href=\"https:\/\/gipuzkoabasket.com\/eu\/sergio-valdeolmillos-no-lo-he-dudado-estoy-encantado-de-poder-estar-aqui\/\" \/>\n<meta property=\"og:locale\" content=\"eu_ES\" \/>\n<meta property=\"og:type\" content=\"article\" \/>\n<meta property=\"og:title\" content=\"SERGIO VALDEOLMILLOS: \u201cNO LO HE DUDADO, ESTOY ENCANTADO DE PODER ESTAR AQU\u00cd\u201d |\u00a0 Gipuzkoa Basket\" \/>\n<meta property=\"og:description\" content=\"Gipuzkoa.Gipuzkoa Basket Club |\u00a0Los triples nos vuelven locos, \u00bfa ti no? | 943 444 428 \u00b7 gipuzkoabasket@gipuzkoabasket.com\" \/>\n<meta property=\"og:url\" content=\"https:\/\/gipuzkoabasket.com\/eu\/sergio-valdeolmillos-no-lo-he-dudado-estoy-encantado-de-poder-estar-aqui\/\" \/>\n<meta property=\"og:site_name\" content=\"Gipuzkoa Basket Club\" \/>\n<meta property=\"article:published_time\" content=\"2018-06-25T11:13:54+00:00\" \/>\n<meta property=\"article:modified_time\" content=\"2023-11-20T17:31:28+00:00\" \/>\n<meta property=\"og:image\" content=\"https:\/\/gipuzkoabasket.com\/wp-content\/uploads\/2018\/06\/VALDEOLMILLOS.jpg\" \/>\n\t<meta property=\"og:image:width\" content=\"676\" \/>\n\t<meta property=\"og:image:height\" content=\"399\" \/>\n\t<meta property=\"og:image:type\" content=\"image\/jpeg\" \/>\n<meta name=\"author\" content=\"Gipuzkoa Basket\" \/>\n<meta name=\"twitter:card\" content=\"summary_large_image\" \/>\n<meta name=\"twitter:label1\" content=\"Written by\" \/>\n\t<meta name=\"twitter:data1\" content=\"Gipuzkoa Basket\" \/>\n\t<meta name=\"twitter:label2\" content=\"Est. reading time\" \/>\n\t<meta name=\"twitter:data2\" content=\"1 minute\" \/>\n<script type=\"application\/ld+json\" class=\"yoast-schema-graph\">{\"@context\":\"https:\\\/\\\/schema.org\",\"@graph\":[{\"@type\":\"Article\",\"@id\":\"https:\\\/\\\/gipuzkoabasket.com\\\/eu\\\/sergio-valdeolmillos-no-lo-he-dudado-estoy-encantado-de-poder-estar-aqui\\\/#article\",\"isPartOf\":{\"@id\":\"https:\\\/\\\/gipuzkoabasket.com\\\/eu\\\/sergio-valdeolmillos-no-lo-he-dudado-estoy-encantado-de-poder-estar-aqui\\\/\"},\"author\":{\"name\":\"Gipuzkoa Basket\",\"@id\":\"https:\\\/\\\/gipuzkoabasket.com\\\/eu\\\/#\\\/schema\\\/person\\\/bd3551d543ad11d210e99773b69631a0\"},\"headline\":\"SERGIO VALDEOLMILLOS: \u201cNO LO HE DUDADO, ESTOY ENCANTADO DE PODER ESTAR AQU\u00cd\u201d\",\"datePublished\":\"2018-06-25T11:13:54+00:00\",\"dateModified\":\"2023-11-20T17:31:28+00:00\",\"mainEntityOfPage\":{\"@id\":\"https:\\\/\\\/gipuzkoabasket.com\\\/eu\\\/sergio-valdeolmillos-no-lo-he-dudado-estoy-encantado-de-poder-estar-aqui\\\/\"},\"wordCount\":191,\"commentCount\":0,\"publisher\":{\"@id\":\"https:\\\/\\\/gipuzkoabasket.com\\\/eu\\\/#organization\"},\"image\":{\"@id\":\"https:\\\/\\\/gipuzkoabasket.com\\\/eu\\\/sergio-valdeolmillos-no-lo-he-dudado-estoy-encantado-de-poder-estar-aqui\\\/#primaryimage\"},\"thumbnailUrl\":\"https:\\\/\\\/gipuzkoabasket.com\\\/wp-content\\\/uploads\\\/2018\\\/06\\\/VALDEOLMILLOS.jpg\",\"keywords\":[\"Donostia\",\"Donostia Arena\",\"GBC\",\"Gipuzkoa\",\"Gipuzkoa Basket\",\"Liga Endesa\",\"Nekane Arzallus\",\"Presentaci\u00f3n\",\"Sergio Valdeolmillos\"],\"articleSection\":[\"Elkarrizketak\",\"Endesa Liga\",\"Hemeroteka\",\"Kluba\"],\"inLanguage\":\"eu-ES\",\"potentialAction\":[{\"@type\":\"CommentAction\",\"name\":\"Comment\",\"target\":[\"https:\\\/\\\/gipuzkoabasket.com\\\/eu\\\/sergio-valdeolmillos-no-lo-he-dudado-estoy-encantado-de-poder-estar-aqui\\\/#respond\"]}]},{\"@type\":\"WebPage\",\"@id\":\"https:\\\/\\\/gipuzkoabasket.com\\\/eu\\\/sergio-valdeolmillos-no-lo-he-dudado-estoy-encantado-de-poder-estar-aqui\\\/\",\"url\":\"https:\\\/\\\/gipuzkoabasket.com\\\/eu\\\/sergio-valdeolmillos-no-lo-he-dudado-estoy-encantado-de-poder-estar-aqui\\\/\",\"name\":\"SERGIO VALDEOLMILLOS: \u201cNO LO HE DUDADO, ESTOY ENCANTADO DE PODER ESTAR AQU\u00cd\u201d |\u00a0 Gipuzkoa Basket\",\"isPartOf\":{\"@id\":\"https:\\\/\\\/gipuzkoabasket.com\\\/eu\\\/#website\"},\"primaryImageOfPage\":{\"@id\":\"https:\\\/\\\/gipuzkoabasket.com\\\/eu\\\/sergio-valdeolmillos-no-lo-he-dudado-estoy-encantado-de-poder-estar-aqui\\\/#primaryimage\"},\"image\":{\"@id\":\"https:\\\/\\\/gipuzkoabasket.com\\\/eu\\\/sergio-valdeolmillos-no-lo-he-dudado-estoy-encantado-de-poder-estar-aqui\\\/#primaryimage\"},\"thumbnailUrl\":\"https:\\\/\\\/gipuzkoabasket.com\\\/wp-content\\\/uploads\\\/2018\\\/06\\\/VALDEOLMILLOS.jpg\",\"datePublished\":\"2018-06-25T11:13:54+00:00\",\"dateModified\":\"2023-11-20T17:31:28+00:00\",\"description\":\"Gipuzkoa.Gipuzkoa Basket Club |\u00a0Los triples nos vuelven locos, \u00bfa ti no? | 943 444 428 \u00b7 gipuzkoabasket@gipuzkoabasket.com\",\"breadcrumb\":{\"@id\":\"https:\\\/\\\/gipuzkoabasket.com\\\/eu\\\/sergio-valdeolmillos-no-lo-he-dudado-estoy-encantado-de-poder-estar-aqui\\\/#breadcrumb\"},\"inLanguage\":\"eu-ES\",\"potentialAction\":[{\"@type\":\"ReadAction\",\"target\":[\"https:\\\/\\\/gipuzkoabasket.com\\\/eu\\\/sergio-valdeolmillos-no-lo-he-dudado-estoy-encantado-de-poder-estar-aqui\\\/\"]}]},{\"@type\":\"ImageObject\",\"inLanguage\":\"eu-ES\",\"@id\":\"https:\\\/\\\/gipuzkoabasket.com\\\/eu\\\/sergio-valdeolmillos-no-lo-he-dudado-estoy-encantado-de-poder-estar-aqui\\\/#primaryimage\",\"url\":\"https:\\\/\\\/gipuzkoabasket.com\\\/wp-content\\\/uploads\\\/2018\\\/06\\\/VALDEOLMILLOS.jpg\",\"contentUrl\":\"https:\\\/\\\/gipuzkoabasket.com\\\/wp-content\\\/uploads\\\/2018\\\/06\\\/VALDEOLMILLOS.jpg\",\"width\":676,\"height\":399},{\"@type\":\"BreadcrumbList\",\"@id\":\"https:\\\/\\\/gipuzkoabasket.com\\\/eu\\\/sergio-valdeolmillos-no-lo-he-dudado-estoy-encantado-de-poder-estar-aqui\\\/#breadcrumb\",\"itemListElement\":[{\"@type\":\"ListItem\",\"position\":1,\"name\":\"Portada\",\"item\":\"https:\\\/\\\/gipuzkoabasket.com\\\/eu\\\/\"},{\"@type\":\"ListItem\",\"position\":2,\"name\":\"SERGIO VALDEOLMILLOS: \u201cNO LO HE DUDADO, ESTOY ENCANTADO DE PODER ESTAR AQU\u00cd\u201d\"}]},{\"@type\":\"WebSite\",\"@id\":\"https:\\\/\\\/gipuzkoabasket.com\\\/eu\\\/#website\",\"url\":\"https:\\\/\\\/gipuzkoabasket.com\\\/eu\\\/\",\"name\":\"Gipuzkoa Basket Club\",\"description\":\"Toda la actualidad del club\",\"publisher\":{\"@id\":\"https:\\\/\\\/gipuzkoabasket.com\\\/eu\\\/#organization\"},\"potentialAction\":[{\"@type\":\"SearchAction\",\"target\":{\"@type\":\"EntryPoint\",\"urlTemplate\":\"https:\\\/\\\/gipuzkoabasket.com\\\/eu\\\/?s={search_term_string}\"},\"query-input\":{\"@type\":\"PropertyValueSpecification\",\"valueRequired\":true,\"valueName\":\"search_term_string\"}}],\"inLanguage\":\"eu-ES\"},{\"@type\":\"Organization\",\"@id\":\"https:\\\/\\\/gipuzkoabasket.com\\\/eu\\\/#organization\",\"name\":\"Gipuzkoa Basket Club\",\"alternateName\":\"Gipuzkoa Basket\",\"url\":\"https:\\\/\\\/gipuzkoabasket.com\\\/eu\\\/\",\"logo\":{\"@type\":\"ImageObject\",\"inLanguage\":\"eu-ES\",\"@id\":\"https:\\\/\\\/gipuzkoabasket.com\\\/eu\\\/#\\\/schema\\\/logo\\\/image\\\/\",\"url\":\"https:\\\/\\\/gipuzkoabasket.com\\\/wp-content\\\/uploads\\\/2023\\\/07\\\/LOGO-GBC-300x300-1.png\",\"contentUrl\":\"https:\\\/\\\/gipuzkoabasket.com\\\/wp-content\\\/uploads\\\/2023\\\/07\\\/LOGO-GBC-300x300-1.png\",\"width\":300,\"height\":300,\"caption\":\"Gipuzkoa Basket Club\"},\"image\":{\"@id\":\"https:\\\/\\\/gipuzkoabasket.com\\\/eu\\\/#\\\/schema\\\/logo\\\/image\\\/\"}},{\"@type\":\"Person\",\"@id\":\"https:\\\/\\\/gipuzkoabasket.com\\\/eu\\\/#\\\/schema\\\/person\\\/bd3551d543ad11d210e99773b69631a0\",\"name\":\"Gipuzkoa Basket\",\"image\":{\"@type\":\"ImageObject\",\"inLanguage\":\"eu-ES\",\"@id\":\"https:\\\/\\\/secure.gravatar.com\\\/avatar\\\/e5b959b6b0321efa5df7c766774c837369fb264465d34f031005235bf80ef231?s=96&d=mm&r=g\",\"url\":\"https:\\\/\\\/secure.gravatar.com\\\/avatar\\\/e5b959b6b0321efa5df7c766774c837369fb264465d34f031005235bf80ef231?s=96&d=mm&r=g\",\"contentUrl\":\"https:\\\/\\\/secure.gravatar.com\\\/avatar\\\/e5b959b6b0321efa5df7c766774c837369fb264465d34f031005235bf80ef231?s=96&d=mm&r=g\",\"caption\":\"Gipuzkoa Basket\"},\"url\":\"https:\\\/\\\/gipuzkoabasket.com\\\/eu\\\/author\\\/gipuzkoa-basket\\\/\"}]}<\/script>\n<!-- \/ Yoast SEO plugin. -->","yoast_head_json":{"title":"SERGIO VALDEOLMILLOS: \u201cNO LO HE DUDADO, ESTOY ENCANTADO DE PODER ESTAR AQU\u00cd\u201d |\u00a0 Gipuzkoa Basket","description":"Gipuzkoa.Gipuzkoa Basket Club |\u00a0Los triples nos vuelven locos, \u00bfa ti no? | 943 444 428 \u00b7 gipuzkoabasket@gipuzkoabasket.com","robots":{"index":"index","follow":"follow","max-snippet":"max-snippet:-1","max-image-preview":"max-image-preview:large","max-video-preview":"max-video-preview:-1"},"canonical":"https:\/\/gipuzkoabasket.com\/eu\/sergio-valdeolmillos-no-lo-he-dudado-estoy-encantado-de-poder-estar-aqui\/","og_locale":"eu_ES","og_type":"article","og_title":"SERGIO VALDEOLMILLOS: \u201cNO LO HE DUDADO, ESTOY ENCANTADO DE PODER ESTAR AQU\u00cd\u201d |\u00a0 Gipuzkoa Basket","og_description":"Gipuzkoa.Gipuzkoa Basket Club |\u00a0Los triples nos vuelven locos, \u00bfa ti no? | 943 444 428 \u00b7 gipuzkoabasket@gipuzkoabasket.com","og_url":"https:\/\/gipuzkoabasket.com\/eu\/sergio-valdeolmillos-no-lo-he-dudado-estoy-encantado-de-poder-estar-aqui\/","og_site_name":"Gipuzkoa Basket Club","article_published_time":"2018-06-25T11:13:54+00:00","article_modified_time":"2023-11-20T17:31:28+00:00","og_image":[{"width":676,"height":399,"url":"https:\/\/gipuzkoabasket.com\/wp-content\/uploads\/2018\/06\/VALDEOLMILLOS.jpg","type":"image\/jpeg"}],"author":"Gipuzkoa Basket","twitter_card":"summary_large_image","twitter_misc":{"Written by":"Gipuzkoa Basket","Est. reading time":"1 minute"},"schema":{"@context":"https:\/\/schema.org","@graph":[{"@type":"Article","@id":"https:\/\/gipuzkoabasket.com\/eu\/sergio-valdeolmillos-no-lo-he-dudado-estoy-encantado-de-poder-estar-aqui\/#article","isPartOf":{"@id":"https:\/\/gipuzkoabasket.com\/eu\/sergio-valdeolmillos-no-lo-he-dudado-estoy-encantado-de-poder-estar-aqui\/"},"author":{"name":"Gipuzkoa Basket","@id":"https:\/\/gipuzkoabasket.com\/eu\/#\/schema\/person\/bd3551d543ad11d210e99773b69631a0"},"headline":"SERGIO VALDEOLMILLOS: \u201cNO LO HE DUDADO, ESTOY ENCANTADO DE PODER ESTAR AQU\u00cd\u201d","datePublished":"2018-06-25T11:13:54+00:00","dateModified":"2023-11-20T17:31:28+00:00","mainEntityOfPage":{"@id":"https:\/\/gipuzkoabasket.com\/eu\/sergio-valdeolmillos-no-lo-he-dudado-estoy-encantado-de-poder-estar-aqui\/"},"wordCount":191,"commentCount":0,"publisher":{"@id":"https:\/\/gipuzkoabasket.com\/eu\/#organization"},"image":{"@id":"https:\/\/gipuzkoabasket.com\/eu\/sergio-valdeolmillos-no-lo-he-dudado-estoy-encantado-de-poder-estar-aqui\/#primaryimage"},"thumbnailUrl":"https:\/\/gipuzkoabasket.com\/wp-content\/uploads\/2018\/06\/VALDEOLMILLOS.jpg","keywords":["Donostia","Donostia Arena","GBC","Gipuzkoa","Gipuzkoa Basket","Liga Endesa","Nekane Arzallus","Presentaci\u00f3n","Sergio Valdeolmillos"],"articleSection":["Elkarrizketak","Endesa Liga","Hemeroteka","Kluba"],"inLanguage":"eu-ES","potentialAction":[{"@type":"CommentAction","name":"Comment","target":["https:\/\/gipuzkoabasket.com\/eu\/sergio-valdeolmillos-no-lo-he-dudado-estoy-encantado-de-poder-estar-aqui\/#respond"]}]},{"@type":"WebPage","@id":"https:\/\/gipuzkoabasket.com\/eu\/sergio-valdeolmillos-no-lo-he-dudado-estoy-encantado-de-poder-estar-aqui\/","url":"https:\/\/gipuzkoabasket.com\/eu\/sergio-valdeolmillos-no-lo-he-dudado-estoy-encantado-de-poder-estar-aqui\/","name":"SERGIO VALDEOLMILLOS: \u201cNO LO HE DUDADO, ESTOY ENCANTADO DE PODER ESTAR AQU\u00cd\u201d |\u00a0 Gipuzkoa Basket","isPartOf":{"@id":"https:\/\/gipuzkoabasket.com\/eu\/#website"},"primaryImageOfPage":{"@id":"https:\/\/gipuzkoabasket.com\/eu\/sergio-valdeolmillos-no-lo-he-dudado-estoy-encantado-de-poder-estar-aqui\/#primaryimage"},"image":{"@id":"https:\/\/gipuzkoabasket.com\/eu\/sergio-valdeolmillos-no-lo-he-dudado-estoy-encantado-de-poder-estar-aqui\/#primaryimage"},"thumbnailUrl":"https:\/\/gipuzkoabasket.com\/wp-content\/uploads\/2018\/06\/VALDEOLMILLOS.jpg","datePublished":"2018-06-25T11:13:54+00:00","dateModified":"2023-11-20T17:31:28+00:00","description":"Gipuzkoa.Gipuzkoa Basket Club |\u00a0Los triples nos vuelven locos, \u00bfa ti no? | 943 444 428 \u00b7 gipuzkoabasket@gipuzkoabasket.com","breadcrumb":{"@id":"https:\/\/gipuzkoabasket.com\/eu\/sergio-valdeolmillos-no-lo-he-dudado-estoy-encantado-de-poder-estar-aqui\/#breadcrumb"},"inLanguage":"eu-ES","potentialAction":[{"@type":"ReadAction","target":["https:\/\/gipuzkoabasket.com\/eu\/sergio-valdeolmillos-no-lo-he-dudado-estoy-encantado-de-poder-estar-aqui\/"]}]},{"@type":"ImageObject","inLanguage":"eu-ES","@id":"https:\/\/gipuzkoabasket.com\/eu\/sergio-valdeolmillos-no-lo-he-dudado-estoy-encantado-de-poder-estar-aqui\/#primaryimage","url":"https:\/\/gipuzkoabasket.com\/wp-content\/uploads\/2018\/06\/VALDEOLMILLOS.jpg","contentUrl":"https:\/\/gipuzkoabasket.com\/wp-content\/uploads\/2018\/06\/VALDEOLMILLOS.jpg","width":676,"height":399},{"@type":"BreadcrumbList","@id":"https:\/\/gipuzkoabasket.com\/eu\/sergio-valdeolmillos-no-lo-he-dudado-estoy-encantado-de-poder-estar-aqui\/#breadcrumb","itemListElement":[{"@type":"ListItem","position":1,"name":"Portada","item":"https:\/\/gipuzkoabasket.com\/eu\/"},{"@type":"ListItem","position":2,"name":"SERGIO VALDEOLMILLOS: \u201cNO LO HE DUDADO, ESTOY ENCANTADO DE PODER ESTAR AQU\u00cd\u201d"}]},{"@type":"WebSite","@id":"https:\/\/gipuzkoabasket.com\/eu\/#website","url":"https:\/\/gipuzkoabasket.com\/eu\/","name":"Gipuzkoa Basket Club","description":"Toda la actualidad del club","publisher":{"@id":"https:\/\/gipuzkoabasket.com\/eu\/#organization"},"potentialAction":[{"@type":"SearchAction","target":{"@type":"EntryPoint","urlTemplate":"https:\/\/gipuzkoabasket.com\/eu\/?s={search_term_string}"},"query-input":{"@type":"PropertyValueSpecification","valueRequired":true,"valueName":"search_term_string"}}],"inLanguage":"eu-ES"},{"@type":"Organization","@id":"https:\/\/gipuzkoabasket.com\/eu\/#organization","name":"Gipuzkoa Basket Club","alternateName":"Gipuzkoa Basket","url":"https:\/\/gipuzkoabasket.com\/eu\/","logo":{"@type":"ImageObject","inLanguage":"eu-ES","@id":"https:\/\/gipuzkoabasket.com\/eu\/#\/schema\/logo\/image\/","url":"https:\/\/gipuzkoabasket.com\/wp-content\/uploads\/2023\/07\/LOGO-GBC-300x300-1.png","contentUrl":"https:\/\/gipuzkoabasket.com\/wp-content\/uploads\/2023\/07\/LOGO-GBC-300x300-1.png","width":300,"height":300,"caption":"Gipuzkoa Basket Club"},"image":{"@id":"https:\/\/gipuzkoabasket.com\/eu\/#\/schema\/logo\/image\/"}},{"@type":"Person","@id":"https:\/\/gipuzkoabasket.com\/eu\/#\/schema\/person\/bd3551d543ad11d210e99773b69631a0","name":"Gipuzkoa Basket","image":{"@type":"ImageObject","inLanguage":"eu-ES","@id":"https:\/\/secure.gravatar.com\/avatar\/e5b959b6b0321efa5df7c766774c837369fb264465d34f031005235bf80ef231?s=96&d=mm&r=g","url":"https:\/\/secure.gravatar.com\/avatar\/e5b959b6b0321efa5df7c766774c837369fb264465d34f031005235bf80ef231?s=96&d=mm&r=g","contentUrl":"https:\/\/secure.gravatar.com\/avatar\/e5b959b6b0321efa5df7c766774c837369fb264465d34f031005235bf80ef231?s=96&d=mm&r=g","caption":"Gipuzkoa Basket"},"url":"https:\/\/gipuzkoabasket.com\/eu\/author\/gipuzkoa-basket\/"}]}},"_links":{"self":[{"href":"https:\/\/gipuzkoabasket.com\/eu\/wp-json\/wp\/v2\/posts\/3809","targetHints":{"allow":["GET"]}}],"collection":[{"href":"https:\/\/gipuzkoabasket.com\/eu\/wp-json\/wp\/v2\/posts"}],"about":[{"href":"https:\/\/gipuzkoabasket.com\/eu\/wp-json\/wp\/v2\/types\/post"}],"author":[{"embeddable":true,"href":"https:\/\/gipuzkoabasket.com\/eu\/wp-json\/wp\/v2\/users\/2"}],"replies":[{"embeddable":true,"href":"https:\/\/gipuzkoabasket.com\/eu\/wp-json\/wp\/v2\/comments?post=3809"}],"version-history":[{"count":1,"href":"https:\/\/gipuzkoabasket.com\/eu\/wp-json\/wp\/v2\/posts\/3809\/revisions"}],"predecessor-version":[{"id":21827,"href":"https:\/\/gipuzkoabasket.com\/eu\/wp-json\/wp\/v2\/posts\/3809\/revisions\/21827"}],"wp:featuredmedia":[{"embeddable":true,"href":"https:\/\/gipuzkoabasket.com\/eu\/wp-json\/wp\/v2\/media\/3810"}],"wp:attachment":[{"href":"https:\/\/gipuzkoabasket.com\/eu\/wp-json\/wp\/v2\/media?parent=3809"}],"wp:term":[{"taxonomy":"category","embeddable":true,"href":"https:\/\/gipuzkoabasket.com\/eu\/wp-json\/wp\/v2\/categories?post=3809"},{"taxonomy":"post_tag","embeddable":true,"href":"https:\/\/gipuzkoabasket.com\/eu\/wp-json\/wp\/v2\/tags?post=3809"}],"curies":[{"name":"wp","href":"https:\/\/api.w.org\/{rel}","templated":true}]}}