{"id":3984,"date":"2018-08-17T19:01:19","date_gmt":"2018-08-17T17:01:19","guid":{"rendered":"https:\/\/www.gipuzkoabasket.com\/?p=3984\/"},"modified":"2023-11-20T18:31:17","modified_gmt":"2023-11-20T17:31:17","slug":"beqa-burjanadze-se-incoropora-al-delteco-gbc-por-una-temporada","status":"publish","type":"post","link":"https:\/\/gipuzkoabasket.com\/eu\/beqa-burjanadze-se-incoropora-al-delteco-gbc-por-una-temporada\/","title":{"rendered":"BEQA BURJANADZE SE INCOROPORA AL DELTECO GBC POR UNA TEMPORADA"},"content":{"rendered":"<p><em>El jugador georgiano vestir\u00e1 los colores del Gipuzkoa Basket<\/em><\/p>\n<p>Beqa burjanadze (1994) p\u00edvot de 2,01m de altura llega desde el Morabanc Andorra d\u00f3nde ha estado las dos \u00faltimas temporadas. En su primera temporada en el conjunto andorrano promedi\u00f3 10,3 puntos (56% de acierto en tiros de 2, 42% en tiros de 3 y un 82% en tiros libres), 4.2 rebotes, y 12.7 de valoraci\u00f3n en 20 minutos.<\/p>\n<p>El jugador de Georgia lleg\u00f3 a Espa\u00f1a con tan solo 16 a\u00f1os a la cantera del CB Sevilla con el que debut\u00f3 ese mismo a\u00f1o en la ACB. En Sevilla estuvo 4 temporadas, d\u00f3nde jugo en la Liga Endesa las temporadas 12-13 y 13-14. Tras su paso por Sevilla recal\u00f3 en las filas del Leyma B\u00e1squet Coru\u00f1a con el que jug\u00f3 en Leb ORO las temporadas 14-15 y 15-16. En esa \u00faltima temporada promedi\u00f3 16,4 puntos, 7 rebotes con una valoraci\u00f3n de 17,4 que le llev\u00f3 a convertirse en una de las sensaciones de la Leb Oro esa temporada.<\/p>\n<p>&nbsp;<\/p>\n","protected":false},"excerpt":{"rendered":"<p>El jugador georgiano vestir\u00e1 los colores del Gipuzkoa Basket<\/p>\n","protected":false},"author":2,"featured_media":3985,"comment_status":"open","ping_status":"open","sticky":false,"template":"","format":"standard","meta":{"_et_pb_use_builder":"","_et_pb_old_content":"","_et_gb_content_width":"","footnotes":""},"categories":[8,446],"tags":[474,476,477,478,479],"class_list":["post-3984","post","type-post","status-publish","format-standard","has-post-thumbnail","hentry","category-endesa-liga","category-hemeroteka","tag-donostia-eu-2","tag-gbc-eu-eu","tag-gipuzkoa-eu-eu","tag-gipuzkoa-basket-eu-2","tag-liga-endesa-eu-2"],"yoast_head":"<!-- This site is optimized with the Yoast SEO plugin v27.5 - https:\/\/yoast.com\/product\/yoast-seo-wordpress\/ -->\n<title>BEQA BURJANADZE SE INCOROPORA AL DELTECO GBC POR UNA TEMPORADA |\u00a0 Gipuzkoa Basket<\/title>\n<meta name=\"description\" content=\"Gipuzkoa.Gipuzkoa Basket Club |\u00a0Los triples nos vuelven locos, \u00bfa ti no? | 943 444 428 \u00b7 gipuzkoabasket@gipuzkoabasket.com\" \/>\n<meta name=\"robots\" content=\"index, follow, max-snippet:-1, max-image-preview:large, max-video-preview:-1\" \/>\n<link rel=\"canonical\" href=\"https:\/\/gipuzkoabasket.com\/eu\/beqa-burjanadze-se-incoropora-al-delteco-gbc-por-una-temporada\/\" \/>\n<meta property=\"og:locale\" content=\"eu_ES\" \/>\n<meta property=\"og:type\" content=\"article\" \/>\n<meta property=\"og:title\" content=\"BEQA BURJANADZE SE INCOROPORA AL DELTECO GBC POR UNA TEMPORADA |\u00a0 Gipuzkoa Basket\" \/>\n<meta property=\"og:description\" content=\"Gipuzkoa.Gipuzkoa Basket Club |\u00a0Los triples nos vuelven locos, \u00bfa ti no? | 943 444 428 \u00b7 gipuzkoabasket@gipuzkoabasket.com\" \/>\n<meta property=\"og:url\" content=\"https:\/\/gipuzkoabasket.com\/eu\/beqa-burjanadze-se-incoropora-al-delteco-gbc-por-una-temporada\/\" \/>\n<meta property=\"og:site_name\" content=\"Gipuzkoa Basket Club\" \/>\n<meta property=\"article:published_time\" content=\"2018-08-17T17:01:19+00:00\" \/>\n<meta property=\"article:modified_time\" content=\"2023-11-20T17:31:17+00:00\" \/>\n<meta property=\"og:image\" content=\"https:\/\/gipuzkoabasket.com\/wp-content\/uploads\/2018\/08\/BURJANADZE-web.jpg\" \/>\n\t<meta property=\"og:image:width\" content=\"676\" \/>\n\t<meta property=\"og:image:height\" content=\"399\" \/>\n\t<meta property=\"og:image:type\" content=\"image\/jpeg\" \/>\n<meta name=\"author\" content=\"Gipuzkoa Basket\" \/>\n<meta name=\"twitter:card\" content=\"summary_large_image\" \/>\n<meta name=\"twitter:label1\" content=\"Written by\" \/>\n\t<meta name=\"twitter:data1\" content=\"Gipuzkoa Basket\" \/>\n\t<meta name=\"twitter:label2\" content=\"Est. reading time\" \/>\n\t<meta name=\"twitter:data2\" content=\"1 minute\" \/>\n<script type=\"application\/ld+json\" class=\"yoast-schema-graph\">{\"@context\":\"https:\\\/\\\/schema.org\",\"@graph\":[{\"@type\":\"Article\",\"@id\":\"https:\\\/\\\/gipuzkoabasket.com\\\/eu\\\/beqa-burjanadze-se-incoropora-al-delteco-gbc-por-una-temporada\\\/#article\",\"isPartOf\":{\"@id\":\"https:\\\/\\\/gipuzkoabasket.com\\\/eu\\\/beqa-burjanadze-se-incoropora-al-delteco-gbc-por-una-temporada\\\/\"},\"author\":{\"name\":\"Gipuzkoa Basket\",\"@id\":\"https:\\\/\\\/gipuzkoabasket.com\\\/eu\\\/#\\\/schema\\\/person\\\/bd3551d543ad11d210e99773b69631a0\"},\"headline\":\"BEQA BURJANADZE SE INCOROPORA AL DELTECO GBC POR UNA TEMPORADA\",\"datePublished\":\"2018-08-17T17:01:19+00:00\",\"dateModified\":\"2023-11-20T17:31:17+00:00\",\"mainEntityOfPage\":{\"@id\":\"https:\\\/\\\/gipuzkoabasket.com\\\/eu\\\/beqa-burjanadze-se-incoropora-al-delteco-gbc-por-una-temporada\\\/\"},\"wordCount\":172,\"commentCount\":0,\"publisher\":{\"@id\":\"https:\\\/\\\/gipuzkoabasket.com\\\/eu\\\/#organization\"},\"image\":{\"@id\":\"https:\\\/\\\/gipuzkoabasket.com\\\/eu\\\/beqa-burjanadze-se-incoropora-al-delteco-gbc-por-una-temporada\\\/#primaryimage\"},\"thumbnailUrl\":\"https:\\\/\\\/gipuzkoabasket.com\\\/wp-content\\\/uploads\\\/2018\\\/08\\\/BURJANADZE-web.jpg\",\"keywords\":[\"Donostia\",\"GBC\",\"Gipuzkoa\",\"Gipuzkoa Basket\",\"Liga Endesa\"],\"articleSection\":[\"Endesa Liga\",\"Hemeroteka\"],\"inLanguage\":\"eu-ES\",\"potentialAction\":[{\"@type\":\"CommentAction\",\"name\":\"Comment\",\"target\":[\"https:\\\/\\\/gipuzkoabasket.com\\\/eu\\\/beqa-burjanadze-se-incoropora-al-delteco-gbc-por-una-temporada\\\/#respond\"]}]},{\"@type\":\"WebPage\",\"@id\":\"https:\\\/\\\/gipuzkoabasket.com\\\/eu\\\/beqa-burjanadze-se-incoropora-al-delteco-gbc-por-una-temporada\\\/\",\"url\":\"https:\\\/\\\/gipuzkoabasket.com\\\/eu\\\/beqa-burjanadze-se-incoropora-al-delteco-gbc-por-una-temporada\\\/\",\"name\":\"BEQA BURJANADZE SE INCOROPORA AL DELTECO GBC POR UNA TEMPORADA |\u00a0 Gipuzkoa Basket\",\"isPartOf\":{\"@id\":\"https:\\\/\\\/gipuzkoabasket.com\\\/eu\\\/#website\"},\"primaryImageOfPage\":{\"@id\":\"https:\\\/\\\/gipuzkoabasket.com\\\/eu\\\/beqa-burjanadze-se-incoropora-al-delteco-gbc-por-una-temporada\\\/#primaryimage\"},\"image\":{\"@id\":\"https:\\\/\\\/gipuzkoabasket.com\\\/eu\\\/beqa-burjanadze-se-incoropora-al-delteco-gbc-por-una-temporada\\\/#primaryimage\"},\"thumbnailUrl\":\"https:\\\/\\\/gipuzkoabasket.com\\\/wp-content\\\/uploads\\\/2018\\\/08\\\/BURJANADZE-web.jpg\",\"datePublished\":\"2018-08-17T17:01:19+00:00\",\"dateModified\":\"2023-11-20T17:31:17+00:00\",\"description\":\"Gipuzkoa.Gipuzkoa Basket Club |\u00a0Los triples nos vuelven locos, \u00bfa ti no? | 943 444 428 \u00b7 gipuzkoabasket@gipuzkoabasket.com\",\"breadcrumb\":{\"@id\":\"https:\\\/\\\/gipuzkoabasket.com\\\/eu\\\/beqa-burjanadze-se-incoropora-al-delteco-gbc-por-una-temporada\\\/#breadcrumb\"},\"inLanguage\":\"eu-ES\",\"potentialAction\":[{\"@type\":\"ReadAction\",\"target\":[\"https:\\\/\\\/gipuzkoabasket.com\\\/eu\\\/beqa-burjanadze-se-incoropora-al-delteco-gbc-por-una-temporada\\\/\"]}]},{\"@type\":\"ImageObject\",\"inLanguage\":\"eu-ES\",\"@id\":\"https:\\\/\\\/gipuzkoabasket.com\\\/eu\\\/beqa-burjanadze-se-incoropora-al-delteco-gbc-por-una-temporada\\\/#primaryimage\",\"url\":\"https:\\\/\\\/gipuzkoabasket.com\\\/wp-content\\\/uploads\\\/2018\\\/08\\\/BURJANADZE-web.jpg\",\"contentUrl\":\"https:\\\/\\\/gipuzkoabasket.com\\\/wp-content\\\/uploads\\\/2018\\\/08\\\/BURJANADZE-web.jpg\",\"width\":676,\"height\":399},{\"@type\":\"BreadcrumbList\",\"@id\":\"https:\\\/\\\/gipuzkoabasket.com\\\/eu\\\/beqa-burjanadze-se-incoropora-al-delteco-gbc-por-una-temporada\\\/#breadcrumb\",\"itemListElement\":[{\"@type\":\"ListItem\",\"position\":1,\"name\":\"Portada\",\"item\":\"https:\\\/\\\/gipuzkoabasket.com\\\/eu\\\/\"},{\"@type\":\"ListItem\",\"position\":2,\"name\":\"BEQA BURJANADZE SE INCOROPORA AL DELTECO GBC POR UNA TEMPORADA\"}]},{\"@type\":\"WebSite\",\"@id\":\"https:\\\/\\\/gipuzkoabasket.com\\\/eu\\\/#website\",\"url\":\"https:\\\/\\\/gipuzkoabasket.com\\\/eu\\\/\",\"name\":\"Gipuzkoa Basket Club\",\"description\":\"Toda la actualidad del club\",\"publisher\":{\"@id\":\"https:\\\/\\\/gipuzkoabasket.com\\\/eu\\\/#organization\"},\"potentialAction\":[{\"@type\":\"SearchAction\",\"target\":{\"@type\":\"EntryPoint\",\"urlTemplate\":\"https:\\\/\\\/gipuzkoabasket.com\\\/eu\\\/?s={search_term_string}\"},\"query-input\":{\"@type\":\"PropertyValueSpecification\",\"valueRequired\":true,\"valueName\":\"search_term_string\"}}],\"inLanguage\":\"eu-ES\"},{\"@type\":\"Organization\",\"@id\":\"https:\\\/\\\/gipuzkoabasket.com\\\/eu\\\/#organization\",\"name\":\"Gipuzkoa Basket Club\",\"alternateName\":\"Gipuzkoa Basket\",\"url\":\"https:\\\/\\\/gipuzkoabasket.com\\\/eu\\\/\",\"logo\":{\"@type\":\"ImageObject\",\"inLanguage\":\"eu-ES\",\"@id\":\"https:\\\/\\\/gipuzkoabasket.com\\\/eu\\\/#\\\/schema\\\/logo\\\/image\\\/\",\"url\":\"https:\\\/\\\/gipuzkoabasket.com\\\/wp-content\\\/uploads\\\/2023\\\/07\\\/LOGO-GBC-300x300-1.png\",\"contentUrl\":\"https:\\\/\\\/gipuzkoabasket.com\\\/wp-content\\\/uploads\\\/2023\\\/07\\\/LOGO-GBC-300x300-1.png\",\"width\":300,\"height\":300,\"caption\":\"Gipuzkoa Basket Club\"},\"image\":{\"@id\":\"https:\\\/\\\/gipuzkoabasket.com\\\/eu\\\/#\\\/schema\\\/logo\\\/image\\\/\"}},{\"@type\":\"Person\",\"@id\":\"https:\\\/\\\/gipuzkoabasket.com\\\/eu\\\/#\\\/schema\\\/person\\\/bd3551d543ad11d210e99773b69631a0\",\"name\":\"Gipuzkoa Basket\",\"image\":{\"@type\":\"ImageObject\",\"inLanguage\":\"eu-ES\",\"@id\":\"https:\\\/\\\/secure.gravatar.com\\\/avatar\\\/e5b959b6b0321efa5df7c766774c837369fb264465d34f031005235bf80ef231?s=96&d=mm&r=g\",\"url\":\"https:\\\/\\\/secure.gravatar.com\\\/avatar\\\/e5b959b6b0321efa5df7c766774c837369fb264465d34f031005235bf80ef231?s=96&d=mm&r=g\",\"contentUrl\":\"https:\\\/\\\/secure.gravatar.com\\\/avatar\\\/e5b959b6b0321efa5df7c766774c837369fb264465d34f031005235bf80ef231?s=96&d=mm&r=g\",\"caption\":\"Gipuzkoa Basket\"},\"url\":\"https:\\\/\\\/gipuzkoabasket.com\\\/eu\\\/author\\\/gipuzkoa-basket\\\/\"}]}<\/script>\n<!-- \/ Yoast SEO plugin. -->","yoast_head_json":{"title":"BEQA BURJANADZE SE INCOROPORA AL DELTECO GBC POR UNA TEMPORADA |\u00a0 Gipuzkoa Basket","description":"Gipuzkoa.Gipuzkoa Basket Club |\u00a0Los triples nos vuelven locos, \u00bfa ti no? | 943 444 428 \u00b7 gipuzkoabasket@gipuzkoabasket.com","robots":{"index":"index","follow":"follow","max-snippet":"max-snippet:-1","max-image-preview":"max-image-preview:large","max-video-preview":"max-video-preview:-1"},"canonical":"https:\/\/gipuzkoabasket.com\/eu\/beqa-burjanadze-se-incoropora-al-delteco-gbc-por-una-temporada\/","og_locale":"eu_ES","og_type":"article","og_title":"BEQA BURJANADZE SE INCOROPORA AL DELTECO GBC POR UNA TEMPORADA |\u00a0 Gipuzkoa Basket","og_description":"Gipuzkoa.Gipuzkoa Basket Club |\u00a0Los triples nos vuelven locos, \u00bfa ti no? | 943 444 428 \u00b7 gipuzkoabasket@gipuzkoabasket.com","og_url":"https:\/\/gipuzkoabasket.com\/eu\/beqa-burjanadze-se-incoropora-al-delteco-gbc-por-una-temporada\/","og_site_name":"Gipuzkoa Basket Club","article_published_time":"2018-08-17T17:01:19+00:00","article_modified_time":"2023-11-20T17:31:17+00:00","og_image":[{"width":676,"height":399,"url":"https:\/\/gipuzkoabasket.com\/wp-content\/uploads\/2018\/08\/BURJANADZE-web.jpg","type":"image\/jpeg"}],"author":"Gipuzkoa Basket","twitter_card":"summary_large_image","twitter_misc":{"Written by":"Gipuzkoa Basket","Est. reading time":"1 minute"},"schema":{"@context":"https:\/\/schema.org","@graph":[{"@type":"Article","@id":"https:\/\/gipuzkoabasket.com\/eu\/beqa-burjanadze-se-incoropora-al-delteco-gbc-por-una-temporada\/#article","isPartOf":{"@id":"https:\/\/gipuzkoabasket.com\/eu\/beqa-burjanadze-se-incoropora-al-delteco-gbc-por-una-temporada\/"},"author":{"name":"Gipuzkoa Basket","@id":"https:\/\/gipuzkoabasket.com\/eu\/#\/schema\/person\/bd3551d543ad11d210e99773b69631a0"},"headline":"BEQA BURJANADZE SE INCOROPORA AL DELTECO GBC POR UNA TEMPORADA","datePublished":"2018-08-17T17:01:19+00:00","dateModified":"2023-11-20T17:31:17+00:00","mainEntityOfPage":{"@id":"https:\/\/gipuzkoabasket.com\/eu\/beqa-burjanadze-se-incoropora-al-delteco-gbc-por-una-temporada\/"},"wordCount":172,"commentCount":0,"publisher":{"@id":"https:\/\/gipuzkoabasket.com\/eu\/#organization"},"image":{"@id":"https:\/\/gipuzkoabasket.com\/eu\/beqa-burjanadze-se-incoropora-al-delteco-gbc-por-una-temporada\/#primaryimage"},"thumbnailUrl":"https:\/\/gipuzkoabasket.com\/wp-content\/uploads\/2018\/08\/BURJANADZE-web.jpg","keywords":["Donostia","GBC","Gipuzkoa","Gipuzkoa Basket","Liga Endesa"],"articleSection":["Endesa Liga","Hemeroteka"],"inLanguage":"eu-ES","potentialAction":[{"@type":"CommentAction","name":"Comment","target":["https:\/\/gipuzkoabasket.com\/eu\/beqa-burjanadze-se-incoropora-al-delteco-gbc-por-una-temporada\/#respond"]}]},{"@type":"WebPage","@id":"https:\/\/gipuzkoabasket.com\/eu\/beqa-burjanadze-se-incoropora-al-delteco-gbc-por-una-temporada\/","url":"https:\/\/gipuzkoabasket.com\/eu\/beqa-burjanadze-se-incoropora-al-delteco-gbc-por-una-temporada\/","name":"BEQA BURJANADZE SE INCOROPORA AL DELTECO GBC POR UNA TEMPORADA |\u00a0 Gipuzkoa Basket","isPartOf":{"@id":"https:\/\/gipuzkoabasket.com\/eu\/#website"},"primaryImageOfPage":{"@id":"https:\/\/gipuzkoabasket.com\/eu\/beqa-burjanadze-se-incoropora-al-delteco-gbc-por-una-temporada\/#primaryimage"},"image":{"@id":"https:\/\/gipuzkoabasket.com\/eu\/beqa-burjanadze-se-incoropora-al-delteco-gbc-por-una-temporada\/#primaryimage"},"thumbnailUrl":"https:\/\/gipuzkoabasket.com\/wp-content\/uploads\/2018\/08\/BURJANADZE-web.jpg","datePublished":"2018-08-17T17:01:19+00:00","dateModified":"2023-11-20T17:31:17+00:00","description":"Gipuzkoa.Gipuzkoa Basket Club |\u00a0Los triples nos vuelven locos, \u00bfa ti no? | 943 444 428 \u00b7 gipuzkoabasket@gipuzkoabasket.com","breadcrumb":{"@id":"https:\/\/gipuzkoabasket.com\/eu\/beqa-burjanadze-se-incoropora-al-delteco-gbc-por-una-temporada\/#breadcrumb"},"inLanguage":"eu-ES","potentialAction":[{"@type":"ReadAction","target":["https:\/\/gipuzkoabasket.com\/eu\/beqa-burjanadze-se-incoropora-al-delteco-gbc-por-una-temporada\/"]}]},{"@type":"ImageObject","inLanguage":"eu-ES","@id":"https:\/\/gipuzkoabasket.com\/eu\/beqa-burjanadze-se-incoropora-al-delteco-gbc-por-una-temporada\/#primaryimage","url":"https:\/\/gipuzkoabasket.com\/wp-content\/uploads\/2018\/08\/BURJANADZE-web.jpg","contentUrl":"https:\/\/gipuzkoabasket.com\/wp-content\/uploads\/2018\/08\/BURJANADZE-web.jpg","width":676,"height":399},{"@type":"BreadcrumbList","@id":"https:\/\/gipuzkoabasket.com\/eu\/beqa-burjanadze-se-incoropora-al-delteco-gbc-por-una-temporada\/#breadcrumb","itemListElement":[{"@type":"ListItem","position":1,"name":"Portada","item":"https:\/\/gipuzkoabasket.com\/eu\/"},{"@type":"ListItem","position":2,"name":"BEQA BURJANADZE SE INCOROPORA AL DELTECO GBC POR UNA TEMPORADA"}]},{"@type":"WebSite","@id":"https:\/\/gipuzkoabasket.com\/eu\/#website","url":"https:\/\/gipuzkoabasket.com\/eu\/","name":"Gipuzkoa Basket Club","description":"Toda la actualidad del club","publisher":{"@id":"https:\/\/gipuzkoabasket.com\/eu\/#organization"},"potentialAction":[{"@type":"SearchAction","target":{"@type":"EntryPoint","urlTemplate":"https:\/\/gipuzkoabasket.com\/eu\/?s={search_term_string}"},"query-input":{"@type":"PropertyValueSpecification","valueRequired":true,"valueName":"search_term_string"}}],"inLanguage":"eu-ES"},{"@type":"Organization","@id":"https:\/\/gipuzkoabasket.com\/eu\/#organization","name":"Gipuzkoa Basket Club","alternateName":"Gipuzkoa Basket","url":"https:\/\/gipuzkoabasket.com\/eu\/","logo":{"@type":"ImageObject","inLanguage":"eu-ES","@id":"https:\/\/gipuzkoabasket.com\/eu\/#\/schema\/logo\/image\/","url":"https:\/\/gipuzkoabasket.com\/wp-content\/uploads\/2023\/07\/LOGO-GBC-300x300-1.png","contentUrl":"https:\/\/gipuzkoabasket.com\/wp-content\/uploads\/2023\/07\/LOGO-GBC-300x300-1.png","width":300,"height":300,"caption":"Gipuzkoa Basket Club"},"image":{"@id":"https:\/\/gipuzkoabasket.com\/eu\/#\/schema\/logo\/image\/"}},{"@type":"Person","@id":"https:\/\/gipuzkoabasket.com\/eu\/#\/schema\/person\/bd3551d543ad11d210e99773b69631a0","name":"Gipuzkoa Basket","image":{"@type":"ImageObject","inLanguage":"eu-ES","@id":"https:\/\/secure.gravatar.com\/avatar\/e5b959b6b0321efa5df7c766774c837369fb264465d34f031005235bf80ef231?s=96&d=mm&r=g","url":"https:\/\/secure.gravatar.com\/avatar\/e5b959b6b0321efa5df7c766774c837369fb264465d34f031005235bf80ef231?s=96&d=mm&r=g","contentUrl":"https:\/\/secure.gravatar.com\/avatar\/e5b959b6b0321efa5df7c766774c837369fb264465d34f031005235bf80ef231?s=96&d=mm&r=g","caption":"Gipuzkoa Basket"},"url":"https:\/\/gipuzkoabasket.com\/eu\/author\/gipuzkoa-basket\/"}]}},"_links":{"self":[{"href":"https:\/\/gipuzkoabasket.com\/eu\/wp-json\/wp\/v2\/posts\/3984","targetHints":{"allow":["GET"]}}],"collection":[{"href":"https:\/\/gipuzkoabasket.com\/eu\/wp-json\/wp\/v2\/posts"}],"about":[{"href":"https:\/\/gipuzkoabasket.com\/eu\/wp-json\/wp\/v2\/types\/post"}],"author":[{"embeddable":true,"href":"https:\/\/gipuzkoabasket.com\/eu\/wp-json\/wp\/v2\/users\/2"}],"replies":[{"embeddable":true,"href":"https:\/\/gipuzkoabasket.com\/eu\/wp-json\/wp\/v2\/comments?post=3984"}],"version-history":[{"count":1,"href":"https:\/\/gipuzkoabasket.com\/eu\/wp-json\/wp\/v2\/posts\/3984\/revisions"}],"predecessor-version":[{"id":21812,"href":"https:\/\/gipuzkoabasket.com\/eu\/wp-json\/wp\/v2\/posts\/3984\/revisions\/21812"}],"wp:featuredmedia":[{"embeddable":true,"href":"https:\/\/gipuzkoabasket.com\/eu\/wp-json\/wp\/v2\/media\/3985"}],"wp:attachment":[{"href":"https:\/\/gipuzkoabasket.com\/eu\/wp-json\/wp\/v2\/media?parent=3984"}],"wp:term":[{"taxonomy":"category","embeddable":true,"href":"https:\/\/gipuzkoabasket.com\/eu\/wp-json\/wp\/v2\/categories?post=3984"},{"taxonomy":"post_tag","embeddable":true,"href":"https:\/\/gipuzkoabasket.com\/eu\/wp-json\/wp\/v2\/tags?post=3984"}],"curies":[{"name":"wp","href":"https:\/\/api.w.org\/{rel}","templated":true}]}}