{"id":4140,"date":"2018-09-10T18:38:43","date_gmt":"2018-09-10T16:38:43","guid":{"rendered":"https:\/\/www.gipuzkoabasket.com\/?p=4140\/"},"modified":"2023-11-20T18:31:07","modified_gmt":"2023-11-20T17:31:07","slug":"jorge-gutierrez-no-le-tengo-miedo-al-reto-de-jugar-en-acb","status":"publish","type":"post","link":"https:\/\/gipuzkoabasket.com\/eu\/jorge-gutierrez-no-le-tengo-miedo-al-reto-de-jugar-en-acb\/","title":{"rendered":"JORGE GUTIERREZ \u201cNO LE TENGO MIEDO AL RETO DE JUGAR EN ACB\u201d"},"content":{"rendered":"<p><em>Acompa\u00f1ado de la presidenta Nekane Arzallus, Jorge Guti\u00e9rrez ha sido presentado hoy en las instalaciones de la empresa Lanik.<\/em><\/p>\n<p>Las primeras palabras del jugador mexicano han sido de agradecimiento \u201cestoy muy contento de estar y tener la oportunidad de representar al equipo. Es una liga muy buena, la segunda liga del mundo. Conozco al coach de la selecci\u00f3n, el me conoce, se lo que puedo hacer y lo que quiere. Estoy contento de estar en esta ciudad, no he tenido tiempo de conocerla pero he le\u00eddo que es una de las mejores ciudades de Europa y que se come muy bien\u201d.<\/p>\n<p>Sobre su carrera comentaba \u201che tenido la oportunidad de jugar en unas ligas muy buenas, la ACB es una liga muy potente con equipos muy buenos y con jugadores muy buenos y eso a m\u00ed me emociona. No le tengo miedo al reto, tenemos un equipo joven que necesita experiencia y aqu\u00ed estoy yo para apoyar en lo que yo pueda. El grupo es un grupo unido que va a competir, objetivo ganar cada d\u00eda mejoramos y esperamos tener una buena temporada\u201d.<\/p>\n<p>Para Gutierrez esta ser\u00e1 su primera temporada en la ACB, \u201ces una liga en la que siempre he querido jugar, despu\u00e9s de la NBA es la segunda mejor liga del mundo, fue una decisi\u00f3n f\u00e1cil. Adem\u00e1s de que conozco muy bien al entrenador, que creo que ese es un paso bueno, si llegas a un equipo donde no conoces al entrenador y el sistema es m\u00e1s dif\u00edcil de aprender, fue parte de tomar esa decisi\u00f3n\u201d. Sobre la importancia que le da Valdeolmillos a la defensa comentaba \u201cEs muy importante, yo no tengo ning\u00fan problema con eso, el mejor ataque es la defensa, si t\u00fa puedes parar el ataque puedes construir tu propio ataque\u201d.<\/p>\n<p>Sobre su a\u00f1o en Italia contaba \u201cfue una buena temporada el a\u00f1o pasado en conjunto\u00a0 y en lo personal, pero ahora vengo a ayudar y a aportar experiencia. Yo s\u00e9 lo que puedo hacer y el coach Valdeolmillos sabe lo que puedo hacer y lo que necesite el equipo y lo que yo pueda hacer lo voy a hacer\u201d.<\/p>\n<p>El mexicano lleg\u00f3 el pasado mi\u00e9rcoles a Donostia \u201cacabo de llegar, casi no he podido descansar, pero en una semana estar\u00e9 para jugar. La meta ahora es seguir entrenando y seguir mejorando, no suelo ponerme metas a largo plazo, cada d\u00eda es importante\u201d. No ha podido disputar ning\u00fan partido del Circuito Movistar el pasado fin de semana pero estuvo apoyando al equipo en Tarragona \u201cel equipo mostr\u00f3 mucha pasi\u00f3n y ganas de competir. En este tipo de deportes si no tienes ganas de competir no hay necesidad de estar en la cancha, entonces para mi lo poco que he visto es que compiten que tienen ganas de mejorar y de ganar\u201d.<\/p>\n","protected":false},"excerpt":{"rendered":"<p>Acompa\u00f1ado de la presidenta Nekane Arzallus, Jorge Guti\u00e9rrez ha sido presentado hoy en las instalaciones de la empresa Lanik.<\/p>\n","protected":false},"author":2,"featured_media":4141,"comment_status":"open","ping_status":"open","sticky":false,"template":"","format":"standard","meta":{"_et_pb_use_builder":"","_et_pb_old_content":"","_et_gb_content_width":"","footnotes":""},"categories":[44,8,446],"tags":[474,475,476,477,478],"class_list":["post-4140","post","type-post","status-publish","format-standard","has-post-thumbnail","hentry","category-elkarrizketak","category-endesa-liga","category-hemeroteka","tag-donostia-eu-2","tag-donostia-arena-eu-2","tag-gbc-eu-eu","tag-gipuzkoa-eu-eu","tag-gipuzkoa-basket-eu-2"],"yoast_head":"<!-- This site is optimized with the Yoast SEO plugin v27.5 - https:\/\/yoast.com\/product\/yoast-seo-wordpress\/ -->\n<title>JORGE GUTIERREZ \u201cNO LE TENGO MIEDO AL RETO DE JUGAR EN ACB\u201d |\u00a0 Gipuzkoa Basket<\/title>\n<meta name=\"description\" content=\"Gipuzkoa.Gipuzkoa Basket Club |\u00a0Los triples nos vuelven locos, \u00bfa ti no? | 943 444 428 \u00b7 gipuzkoabasket@gipuzkoabasket.com\" \/>\n<meta name=\"robots\" content=\"index, follow, max-snippet:-1, max-image-preview:large, max-video-preview:-1\" \/>\n<link rel=\"canonical\" href=\"https:\/\/gipuzkoabasket.com\/eu\/jorge-gutierrez-no-le-tengo-miedo-al-reto-de-jugar-en-acb\/\" \/>\n<meta property=\"og:locale\" content=\"eu_ES\" \/>\n<meta property=\"og:type\" content=\"article\" \/>\n<meta property=\"og:title\" content=\"JORGE GUTIERREZ \u201cNO LE TENGO MIEDO AL RETO DE JUGAR EN ACB\u201d |\u00a0 Gipuzkoa Basket\" \/>\n<meta property=\"og:description\" content=\"Gipuzkoa.Gipuzkoa Basket Club |\u00a0Los triples nos vuelven locos, \u00bfa ti no? | 943 444 428 \u00b7 gipuzkoabasket@gipuzkoabasket.com\" \/>\n<meta property=\"og:url\" content=\"https:\/\/gipuzkoabasket.com\/eu\/jorge-gutierrez-no-le-tengo-miedo-al-reto-de-jugar-en-acb\/\" \/>\n<meta property=\"og:site_name\" content=\"Gipuzkoa Basket Club\" \/>\n<meta property=\"article:published_time\" content=\"2018-09-10T16:38:43+00:00\" \/>\n<meta property=\"article:modified_time\" content=\"2023-11-20T17:31:07+00:00\" \/>\n<meta property=\"og:image\" content=\"https:\/\/gipuzkoabasket.com\/wp-content\/uploads\/2018\/09\/gutierrez-web.jpg\" \/>\n\t<meta property=\"og:image:width\" content=\"676\" \/>\n\t<meta property=\"og:image:height\" content=\"399\" \/>\n\t<meta property=\"og:image:type\" content=\"image\/jpeg\" \/>\n<meta name=\"author\" content=\"Gipuzkoa Basket\" \/>\n<meta name=\"twitter:card\" content=\"summary_large_image\" \/>\n<meta name=\"twitter:label1\" content=\"Written by\" \/>\n\t<meta name=\"twitter:data1\" content=\"Gipuzkoa Basket\" \/>\n\t<meta name=\"twitter:label2\" content=\"Est. reading time\" \/>\n\t<meta name=\"twitter:data2\" content=\"3 minutes\" \/>\n<script type=\"application\/ld+json\" class=\"yoast-schema-graph\">{\"@context\":\"https:\\\/\\\/schema.org\",\"@graph\":[{\"@type\":\"Article\",\"@id\":\"https:\\\/\\\/gipuzkoabasket.com\\\/eu\\\/jorge-gutierrez-no-le-tengo-miedo-al-reto-de-jugar-en-acb\\\/#article\",\"isPartOf\":{\"@id\":\"https:\\\/\\\/gipuzkoabasket.com\\\/eu\\\/jorge-gutierrez-no-le-tengo-miedo-al-reto-de-jugar-en-acb\\\/\"},\"author\":{\"name\":\"Gipuzkoa Basket\",\"@id\":\"https:\\\/\\\/gipuzkoabasket.com\\\/eu\\\/#\\\/schema\\\/person\\\/bd3551d543ad11d210e99773b69631a0\"},\"headline\":\"JORGE GUTIERREZ \u201cNO LE TENGO MIEDO AL RETO DE JUGAR EN ACB\u201d\",\"datePublished\":\"2018-09-10T16:38:43+00:00\",\"dateModified\":\"2023-11-20T17:31:07+00:00\",\"mainEntityOfPage\":{\"@id\":\"https:\\\/\\\/gipuzkoabasket.com\\\/eu\\\/jorge-gutierrez-no-le-tengo-miedo-al-reto-de-jugar-en-acb\\\/\"},\"wordCount\":497,\"commentCount\":0,\"publisher\":{\"@id\":\"https:\\\/\\\/gipuzkoabasket.com\\\/eu\\\/#organization\"},\"image\":{\"@id\":\"https:\\\/\\\/gipuzkoabasket.com\\\/eu\\\/jorge-gutierrez-no-le-tengo-miedo-al-reto-de-jugar-en-acb\\\/#primaryimage\"},\"thumbnailUrl\":\"https:\\\/\\\/gipuzkoabasket.com\\\/wp-content\\\/uploads\\\/2018\\\/09\\\/gutierrez-web.jpg\",\"keywords\":[\"Donostia\",\"Donostia Arena\",\"GBC\",\"Gipuzkoa\",\"Gipuzkoa Basket\"],\"articleSection\":[\"Elkarrizketak\",\"Endesa Liga\",\"Hemeroteka\"],\"inLanguage\":\"eu-ES\",\"potentialAction\":[{\"@type\":\"CommentAction\",\"name\":\"Comment\",\"target\":[\"https:\\\/\\\/gipuzkoabasket.com\\\/eu\\\/jorge-gutierrez-no-le-tengo-miedo-al-reto-de-jugar-en-acb\\\/#respond\"]}]},{\"@type\":\"WebPage\",\"@id\":\"https:\\\/\\\/gipuzkoabasket.com\\\/eu\\\/jorge-gutierrez-no-le-tengo-miedo-al-reto-de-jugar-en-acb\\\/\",\"url\":\"https:\\\/\\\/gipuzkoabasket.com\\\/eu\\\/jorge-gutierrez-no-le-tengo-miedo-al-reto-de-jugar-en-acb\\\/\",\"name\":\"JORGE GUTIERREZ \u201cNO LE TENGO MIEDO AL RETO DE JUGAR EN ACB\u201d |\u00a0 Gipuzkoa Basket\",\"isPartOf\":{\"@id\":\"https:\\\/\\\/gipuzkoabasket.com\\\/eu\\\/#website\"},\"primaryImageOfPage\":{\"@id\":\"https:\\\/\\\/gipuzkoabasket.com\\\/eu\\\/jorge-gutierrez-no-le-tengo-miedo-al-reto-de-jugar-en-acb\\\/#primaryimage\"},\"image\":{\"@id\":\"https:\\\/\\\/gipuzkoabasket.com\\\/eu\\\/jorge-gutierrez-no-le-tengo-miedo-al-reto-de-jugar-en-acb\\\/#primaryimage\"},\"thumbnailUrl\":\"https:\\\/\\\/gipuzkoabasket.com\\\/wp-content\\\/uploads\\\/2018\\\/09\\\/gutierrez-web.jpg\",\"datePublished\":\"2018-09-10T16:38:43+00:00\",\"dateModified\":\"2023-11-20T17:31:07+00:00\",\"description\":\"Gipuzkoa.Gipuzkoa Basket Club |\u00a0Los triples nos vuelven locos, \u00bfa ti no? | 943 444 428 \u00b7 gipuzkoabasket@gipuzkoabasket.com\",\"breadcrumb\":{\"@id\":\"https:\\\/\\\/gipuzkoabasket.com\\\/eu\\\/jorge-gutierrez-no-le-tengo-miedo-al-reto-de-jugar-en-acb\\\/#breadcrumb\"},\"inLanguage\":\"eu-ES\",\"potentialAction\":[{\"@type\":\"ReadAction\",\"target\":[\"https:\\\/\\\/gipuzkoabasket.com\\\/eu\\\/jorge-gutierrez-no-le-tengo-miedo-al-reto-de-jugar-en-acb\\\/\"]}]},{\"@type\":\"ImageObject\",\"inLanguage\":\"eu-ES\",\"@id\":\"https:\\\/\\\/gipuzkoabasket.com\\\/eu\\\/jorge-gutierrez-no-le-tengo-miedo-al-reto-de-jugar-en-acb\\\/#primaryimage\",\"url\":\"https:\\\/\\\/gipuzkoabasket.com\\\/wp-content\\\/uploads\\\/2018\\\/09\\\/gutierrez-web.jpg\",\"contentUrl\":\"https:\\\/\\\/gipuzkoabasket.com\\\/wp-content\\\/uploads\\\/2018\\\/09\\\/gutierrez-web.jpg\",\"width\":676,\"height\":399},{\"@type\":\"BreadcrumbList\",\"@id\":\"https:\\\/\\\/gipuzkoabasket.com\\\/eu\\\/jorge-gutierrez-no-le-tengo-miedo-al-reto-de-jugar-en-acb\\\/#breadcrumb\",\"itemListElement\":[{\"@type\":\"ListItem\",\"position\":1,\"name\":\"Portada\",\"item\":\"https:\\\/\\\/gipuzkoabasket.com\\\/eu\\\/\"},{\"@type\":\"ListItem\",\"position\":2,\"name\":\"JORGE GUTIERREZ \u201cNO LE TENGO MIEDO AL RETO DE JUGAR EN ACB\u201d\"}]},{\"@type\":\"WebSite\",\"@id\":\"https:\\\/\\\/gipuzkoabasket.com\\\/eu\\\/#website\",\"url\":\"https:\\\/\\\/gipuzkoabasket.com\\\/eu\\\/\",\"name\":\"Gipuzkoa Basket Club\",\"description\":\"Toda la actualidad del club\",\"publisher\":{\"@id\":\"https:\\\/\\\/gipuzkoabasket.com\\\/eu\\\/#organization\"},\"potentialAction\":[{\"@type\":\"SearchAction\",\"target\":{\"@type\":\"EntryPoint\",\"urlTemplate\":\"https:\\\/\\\/gipuzkoabasket.com\\\/eu\\\/?s={search_term_string}\"},\"query-input\":{\"@type\":\"PropertyValueSpecification\",\"valueRequired\":true,\"valueName\":\"search_term_string\"}}],\"inLanguage\":\"eu-ES\"},{\"@type\":\"Organization\",\"@id\":\"https:\\\/\\\/gipuzkoabasket.com\\\/eu\\\/#organization\",\"name\":\"Gipuzkoa Basket Club\",\"alternateName\":\"Gipuzkoa Basket\",\"url\":\"https:\\\/\\\/gipuzkoabasket.com\\\/eu\\\/\",\"logo\":{\"@type\":\"ImageObject\",\"inLanguage\":\"eu-ES\",\"@id\":\"https:\\\/\\\/gipuzkoabasket.com\\\/eu\\\/#\\\/schema\\\/logo\\\/image\\\/\",\"url\":\"https:\\\/\\\/gipuzkoabasket.com\\\/wp-content\\\/uploads\\\/2023\\\/07\\\/LOGO-GBC-300x300-1.png\",\"contentUrl\":\"https:\\\/\\\/gipuzkoabasket.com\\\/wp-content\\\/uploads\\\/2023\\\/07\\\/LOGO-GBC-300x300-1.png\",\"width\":300,\"height\":300,\"caption\":\"Gipuzkoa Basket Club\"},\"image\":{\"@id\":\"https:\\\/\\\/gipuzkoabasket.com\\\/eu\\\/#\\\/schema\\\/logo\\\/image\\\/\"}},{\"@type\":\"Person\",\"@id\":\"https:\\\/\\\/gipuzkoabasket.com\\\/eu\\\/#\\\/schema\\\/person\\\/bd3551d543ad11d210e99773b69631a0\",\"name\":\"Gipuzkoa Basket\",\"image\":{\"@type\":\"ImageObject\",\"inLanguage\":\"eu-ES\",\"@id\":\"https:\\\/\\\/secure.gravatar.com\\\/avatar\\\/e5b959b6b0321efa5df7c766774c837369fb264465d34f031005235bf80ef231?s=96&d=mm&r=g\",\"url\":\"https:\\\/\\\/secure.gravatar.com\\\/avatar\\\/e5b959b6b0321efa5df7c766774c837369fb264465d34f031005235bf80ef231?s=96&d=mm&r=g\",\"contentUrl\":\"https:\\\/\\\/secure.gravatar.com\\\/avatar\\\/e5b959b6b0321efa5df7c766774c837369fb264465d34f031005235bf80ef231?s=96&d=mm&r=g\",\"caption\":\"Gipuzkoa Basket\"},\"url\":\"https:\\\/\\\/gipuzkoabasket.com\\\/eu\\\/author\\\/gipuzkoa-basket\\\/\"}]}<\/script>\n<!-- \/ Yoast SEO plugin. -->","yoast_head_json":{"title":"JORGE GUTIERREZ \u201cNO LE TENGO MIEDO AL RETO DE JUGAR EN ACB\u201d |\u00a0 Gipuzkoa Basket","description":"Gipuzkoa.Gipuzkoa Basket Club |\u00a0Los triples nos vuelven locos, \u00bfa ti no? | 943 444 428 \u00b7 gipuzkoabasket@gipuzkoabasket.com","robots":{"index":"index","follow":"follow","max-snippet":"max-snippet:-1","max-image-preview":"max-image-preview:large","max-video-preview":"max-video-preview:-1"},"canonical":"https:\/\/gipuzkoabasket.com\/eu\/jorge-gutierrez-no-le-tengo-miedo-al-reto-de-jugar-en-acb\/","og_locale":"eu_ES","og_type":"article","og_title":"JORGE GUTIERREZ \u201cNO LE TENGO MIEDO AL RETO DE JUGAR EN ACB\u201d |\u00a0 Gipuzkoa Basket","og_description":"Gipuzkoa.Gipuzkoa Basket Club |\u00a0Los triples nos vuelven locos, \u00bfa ti no? | 943 444 428 \u00b7 gipuzkoabasket@gipuzkoabasket.com","og_url":"https:\/\/gipuzkoabasket.com\/eu\/jorge-gutierrez-no-le-tengo-miedo-al-reto-de-jugar-en-acb\/","og_site_name":"Gipuzkoa Basket Club","article_published_time":"2018-09-10T16:38:43+00:00","article_modified_time":"2023-11-20T17:31:07+00:00","og_image":[{"width":676,"height":399,"url":"https:\/\/gipuzkoabasket.com\/wp-content\/uploads\/2018\/09\/gutierrez-web.jpg","type":"image\/jpeg"}],"author":"Gipuzkoa Basket","twitter_card":"summary_large_image","twitter_misc":{"Written by":"Gipuzkoa Basket","Est. reading time":"3 minutes"},"schema":{"@context":"https:\/\/schema.org","@graph":[{"@type":"Article","@id":"https:\/\/gipuzkoabasket.com\/eu\/jorge-gutierrez-no-le-tengo-miedo-al-reto-de-jugar-en-acb\/#article","isPartOf":{"@id":"https:\/\/gipuzkoabasket.com\/eu\/jorge-gutierrez-no-le-tengo-miedo-al-reto-de-jugar-en-acb\/"},"author":{"name":"Gipuzkoa Basket","@id":"https:\/\/gipuzkoabasket.com\/eu\/#\/schema\/person\/bd3551d543ad11d210e99773b69631a0"},"headline":"JORGE GUTIERREZ \u201cNO LE TENGO MIEDO AL RETO DE JUGAR EN ACB\u201d","datePublished":"2018-09-10T16:38:43+00:00","dateModified":"2023-11-20T17:31:07+00:00","mainEntityOfPage":{"@id":"https:\/\/gipuzkoabasket.com\/eu\/jorge-gutierrez-no-le-tengo-miedo-al-reto-de-jugar-en-acb\/"},"wordCount":497,"commentCount":0,"publisher":{"@id":"https:\/\/gipuzkoabasket.com\/eu\/#organization"},"image":{"@id":"https:\/\/gipuzkoabasket.com\/eu\/jorge-gutierrez-no-le-tengo-miedo-al-reto-de-jugar-en-acb\/#primaryimage"},"thumbnailUrl":"https:\/\/gipuzkoabasket.com\/wp-content\/uploads\/2018\/09\/gutierrez-web.jpg","keywords":["Donostia","Donostia Arena","GBC","Gipuzkoa","Gipuzkoa Basket"],"articleSection":["Elkarrizketak","Endesa Liga","Hemeroteka"],"inLanguage":"eu-ES","potentialAction":[{"@type":"CommentAction","name":"Comment","target":["https:\/\/gipuzkoabasket.com\/eu\/jorge-gutierrez-no-le-tengo-miedo-al-reto-de-jugar-en-acb\/#respond"]}]},{"@type":"WebPage","@id":"https:\/\/gipuzkoabasket.com\/eu\/jorge-gutierrez-no-le-tengo-miedo-al-reto-de-jugar-en-acb\/","url":"https:\/\/gipuzkoabasket.com\/eu\/jorge-gutierrez-no-le-tengo-miedo-al-reto-de-jugar-en-acb\/","name":"JORGE GUTIERREZ \u201cNO LE TENGO MIEDO AL RETO DE JUGAR EN ACB\u201d |\u00a0 Gipuzkoa Basket","isPartOf":{"@id":"https:\/\/gipuzkoabasket.com\/eu\/#website"},"primaryImageOfPage":{"@id":"https:\/\/gipuzkoabasket.com\/eu\/jorge-gutierrez-no-le-tengo-miedo-al-reto-de-jugar-en-acb\/#primaryimage"},"image":{"@id":"https:\/\/gipuzkoabasket.com\/eu\/jorge-gutierrez-no-le-tengo-miedo-al-reto-de-jugar-en-acb\/#primaryimage"},"thumbnailUrl":"https:\/\/gipuzkoabasket.com\/wp-content\/uploads\/2018\/09\/gutierrez-web.jpg","datePublished":"2018-09-10T16:38:43+00:00","dateModified":"2023-11-20T17:31:07+00:00","description":"Gipuzkoa.Gipuzkoa Basket Club |\u00a0Los triples nos vuelven locos, \u00bfa ti no? | 943 444 428 \u00b7 gipuzkoabasket@gipuzkoabasket.com","breadcrumb":{"@id":"https:\/\/gipuzkoabasket.com\/eu\/jorge-gutierrez-no-le-tengo-miedo-al-reto-de-jugar-en-acb\/#breadcrumb"},"inLanguage":"eu-ES","potentialAction":[{"@type":"ReadAction","target":["https:\/\/gipuzkoabasket.com\/eu\/jorge-gutierrez-no-le-tengo-miedo-al-reto-de-jugar-en-acb\/"]}]},{"@type":"ImageObject","inLanguage":"eu-ES","@id":"https:\/\/gipuzkoabasket.com\/eu\/jorge-gutierrez-no-le-tengo-miedo-al-reto-de-jugar-en-acb\/#primaryimage","url":"https:\/\/gipuzkoabasket.com\/wp-content\/uploads\/2018\/09\/gutierrez-web.jpg","contentUrl":"https:\/\/gipuzkoabasket.com\/wp-content\/uploads\/2018\/09\/gutierrez-web.jpg","width":676,"height":399},{"@type":"BreadcrumbList","@id":"https:\/\/gipuzkoabasket.com\/eu\/jorge-gutierrez-no-le-tengo-miedo-al-reto-de-jugar-en-acb\/#breadcrumb","itemListElement":[{"@type":"ListItem","position":1,"name":"Portada","item":"https:\/\/gipuzkoabasket.com\/eu\/"},{"@type":"ListItem","position":2,"name":"JORGE GUTIERREZ \u201cNO LE TENGO MIEDO AL RETO DE JUGAR EN ACB\u201d"}]},{"@type":"WebSite","@id":"https:\/\/gipuzkoabasket.com\/eu\/#website","url":"https:\/\/gipuzkoabasket.com\/eu\/","name":"Gipuzkoa Basket Club","description":"Toda la actualidad del club","publisher":{"@id":"https:\/\/gipuzkoabasket.com\/eu\/#organization"},"potentialAction":[{"@type":"SearchAction","target":{"@type":"EntryPoint","urlTemplate":"https:\/\/gipuzkoabasket.com\/eu\/?s={search_term_string}"},"query-input":{"@type":"PropertyValueSpecification","valueRequired":true,"valueName":"search_term_string"}}],"inLanguage":"eu-ES"},{"@type":"Organization","@id":"https:\/\/gipuzkoabasket.com\/eu\/#organization","name":"Gipuzkoa Basket Club","alternateName":"Gipuzkoa Basket","url":"https:\/\/gipuzkoabasket.com\/eu\/","logo":{"@type":"ImageObject","inLanguage":"eu-ES","@id":"https:\/\/gipuzkoabasket.com\/eu\/#\/schema\/logo\/image\/","url":"https:\/\/gipuzkoabasket.com\/wp-content\/uploads\/2023\/07\/LOGO-GBC-300x300-1.png","contentUrl":"https:\/\/gipuzkoabasket.com\/wp-content\/uploads\/2023\/07\/LOGO-GBC-300x300-1.png","width":300,"height":300,"caption":"Gipuzkoa Basket Club"},"image":{"@id":"https:\/\/gipuzkoabasket.com\/eu\/#\/schema\/logo\/image\/"}},{"@type":"Person","@id":"https:\/\/gipuzkoabasket.com\/eu\/#\/schema\/person\/bd3551d543ad11d210e99773b69631a0","name":"Gipuzkoa Basket","image":{"@type":"ImageObject","inLanguage":"eu-ES","@id":"https:\/\/secure.gravatar.com\/avatar\/e5b959b6b0321efa5df7c766774c837369fb264465d34f031005235bf80ef231?s=96&d=mm&r=g","url":"https:\/\/secure.gravatar.com\/avatar\/e5b959b6b0321efa5df7c766774c837369fb264465d34f031005235bf80ef231?s=96&d=mm&r=g","contentUrl":"https:\/\/secure.gravatar.com\/avatar\/e5b959b6b0321efa5df7c766774c837369fb264465d34f031005235bf80ef231?s=96&d=mm&r=g","caption":"Gipuzkoa Basket"},"url":"https:\/\/gipuzkoabasket.com\/eu\/author\/gipuzkoa-basket\/"}]}},"_links":{"self":[{"href":"https:\/\/gipuzkoabasket.com\/eu\/wp-json\/wp\/v2\/posts\/4140","targetHints":{"allow":["GET"]}}],"collection":[{"href":"https:\/\/gipuzkoabasket.com\/eu\/wp-json\/wp\/v2\/posts"}],"about":[{"href":"https:\/\/gipuzkoabasket.com\/eu\/wp-json\/wp\/v2\/types\/post"}],"author":[{"embeddable":true,"href":"https:\/\/gipuzkoabasket.com\/eu\/wp-json\/wp\/v2\/users\/2"}],"replies":[{"embeddable":true,"href":"https:\/\/gipuzkoabasket.com\/eu\/wp-json\/wp\/v2\/comments?post=4140"}],"version-history":[{"count":1,"href":"https:\/\/gipuzkoabasket.com\/eu\/wp-json\/wp\/v2\/posts\/4140\/revisions"}],"predecessor-version":[{"id":21800,"href":"https:\/\/gipuzkoabasket.com\/eu\/wp-json\/wp\/v2\/posts\/4140\/revisions\/21800"}],"wp:featuredmedia":[{"embeddable":true,"href":"https:\/\/gipuzkoabasket.com\/eu\/wp-json\/wp\/v2\/media\/4141"}],"wp:attachment":[{"href":"https:\/\/gipuzkoabasket.com\/eu\/wp-json\/wp\/v2\/media?parent=4140"}],"wp:term":[{"taxonomy":"category","embeddable":true,"href":"https:\/\/gipuzkoabasket.com\/eu\/wp-json\/wp\/v2\/categories?post=4140"},{"taxonomy":"post_tag","embeddable":true,"href":"https:\/\/gipuzkoabasket.com\/eu\/wp-json\/wp\/v2\/tags?post=4140"}],"curies":[{"name":"wp","href":"https:\/\/api.w.org\/{rel}","templated":true}]}}