{"id":4239,"date":"2018-09-28T10:37:25","date_gmt":"2018-09-28T08:37:25","guid":{"rendered":"https:\/\/www.gipuzkoabasket.com\/?p=4239\/"},"modified":"2023-11-20T18:31:04","modified_gmt":"2023-11-20T17:31:04","slug":"delteco-gbc-montakit-fuenlabrada-2","status":"publish","type":"post","link":"https:\/\/gipuzkoabasket.com\/eu\/delteco-gbc-montakit-fuenlabrada-2\/","title":{"rendered":"DELTECO GBC \u2013 MONTAKIT FUENLABRADA"},"content":{"rendered":"<p><em>La Liga Endesa arranca para el Delteco GBC este domingo en el Donostia Arena (12.30h).<\/em><\/p>\n<p>Tras varias semanas intensas de preparaci\u00f3n arranca ya este domingo la Liga Endesa en el Donostia Arena. Despu\u00e9s de una gran temporada el a\u00f1o pasado, en la que el equipo disfrut\u00f3 e hizo disfrutar a la afici\u00f3n, el Delteco GBC ha hecho un esfuerzo en construir un equipo que ilusione a la afici\u00f3n para esta temporada.<\/p>\n<p>Este domingo comienza el verdadero reto para los de Sergio Valdeolmillos, que llega con la ilusi\u00f3n de la primera vez aunque con m\u00e1s de 26\u00a0 a\u00f1os de experiencia. A las 12:30h del domingo dar\u00e1 comienzo a una intensa marat\u00f3n de 34 jornadas en la que el Delteco GBC pelear\u00e1 por demostrar su mejor versi\u00f3n.<\/p>\n<p>El primer rival es un equipo duro al que enfrentarse. El Montakit Fuenlabrada de Agust\u00ed Julbe, llega tras ser uno de los equipos m\u00e1s destacados la pasada campa\u00f1a. Con una situaci\u00f3n parecida a la del Delteco GBC el Montakit Fuenlabrada ha cambiado de entrenador y renovado casi la mitad de la plantilla.<\/p>\n<p><strong>CURIOSIDADES<\/strong><\/p>\n<p><em>&#8211;\u00a0<\/em>Daniel Clark se mide al Delteco GBC, su equipo de la pasada campa\u00f1a, situaci\u00f3n contraria a la que vivir\u00e1 <strong>Blagota Sekulic<\/strong>.<\/p>\n<p><strong>ARBITROS<\/strong><\/p>\n<p>-PEREZ P\u00c9REZ, Miguel \u00c1ngel<\/p>\n<p>&#8211; BULTO, Vicente<\/p>\n<p>&#8211; TORRES, Javier<\/p>\n","protected":false},"excerpt":{"rendered":"<p>La Liga Endesa arranca para el Delteco GBC este domingo en el Donostia Arena (12.30h).<\/p>\n","protected":false},"author":2,"featured_media":4245,"comment_status":"open","ping_status":"open","sticky":false,"template":"","format":"standard","meta":{"_et_pb_use_builder":"","_et_pb_old_content":"","_et_gb_content_width":"","footnotes":""},"categories":[49,8,446],"tags":[474,475,476,477,478,479,481],"class_list":["post-4239","post","type-post","status-publish","format-standard","has-post-thumbnail","hentry","category-aurrekoa","category-endesa-liga","category-hemeroteka","tag-donostia-eu-2","tag-donostia-arena-eu-2","tag-gbc-eu-eu","tag-gipuzkoa-eu-eu","tag-gipuzkoa-basket-eu-2","tag-liga-endesa-eu-2","tag-partido-eu-eu"],"yoast_head":"<!-- This site is optimized with the Yoast SEO plugin v27.5 - https:\/\/yoast.com\/product\/yoast-seo-wordpress\/ -->\n<title>DELTECO GBC \u2013 MONTAKIT FUENLABRADA |\u00a0 Gipuzkoa Basket<\/title>\n<meta name=\"description\" content=\"Gipuzkoa.Gipuzkoa Basket Club |\u00a0Los triples nos vuelven locos, \u00bfa ti no? | 943 444 428 \u00b7 gipuzkoabasket@gipuzkoabasket.com\" \/>\n<meta name=\"robots\" content=\"index, follow, max-snippet:-1, max-image-preview:large, max-video-preview:-1\" \/>\n<link rel=\"canonical\" href=\"https:\/\/gipuzkoabasket.com\/eu\/delteco-gbc-montakit-fuenlabrada-2\/\" \/>\n<meta property=\"og:locale\" content=\"eu_ES\" \/>\n<meta property=\"og:type\" content=\"article\" \/>\n<meta property=\"og:title\" content=\"DELTECO GBC \u2013 MONTAKIT FUENLABRADA |\u00a0 Gipuzkoa Basket\" \/>\n<meta property=\"og:description\" content=\"Gipuzkoa.Gipuzkoa Basket Club |\u00a0Los triples nos vuelven locos, \u00bfa ti no? | 943 444 428 \u00b7 gipuzkoabasket@gipuzkoabasket.com\" \/>\n<meta property=\"og:url\" content=\"https:\/\/gipuzkoabasket.com\/eu\/delteco-gbc-montakit-fuenlabrada-2\/\" \/>\n<meta property=\"og:site_name\" content=\"Gipuzkoa Basket Club\" \/>\n<meta property=\"article:published_time\" content=\"2018-09-28T08:37:25+00:00\" \/>\n<meta property=\"article:modified_time\" content=\"2023-11-20T17:31:04+00:00\" \/>\n<meta property=\"og:image\" content=\"https:\/\/gipuzkoabasket.com\/wp-content\/uploads\/2018\/09\/GBC-1er-partido-septiembre-001-web.jpg\" \/>\n\t<meta property=\"og:image:width\" content=\"676\" \/>\n\t<meta property=\"og:image:height\" content=\"399\" \/>\n\t<meta property=\"og:image:type\" content=\"image\/jpeg\" \/>\n<meta name=\"author\" content=\"Gipuzkoa Basket\" \/>\n<meta name=\"twitter:card\" content=\"summary_large_image\" \/>\n<meta name=\"twitter:label1\" content=\"Written by\" \/>\n\t<meta name=\"twitter:data1\" content=\"Gipuzkoa Basket\" \/>\n\t<meta name=\"twitter:label2\" content=\"Est. reading time\" \/>\n\t<meta name=\"twitter:data2\" content=\"1 minute\" \/>\n<script type=\"application\/ld+json\" class=\"yoast-schema-graph\">{\"@context\":\"https:\\\/\\\/schema.org\",\"@graph\":[{\"@type\":\"Article\",\"@id\":\"https:\\\/\\\/gipuzkoabasket.com\\\/eu\\\/delteco-gbc-montakit-fuenlabrada-2\\\/#article\",\"isPartOf\":{\"@id\":\"https:\\\/\\\/gipuzkoabasket.com\\\/eu\\\/delteco-gbc-montakit-fuenlabrada-2\\\/\"},\"author\":{\"name\":\"Gipuzkoa Basket\",\"@id\":\"https:\\\/\\\/gipuzkoabasket.com\\\/eu\\\/#\\\/schema\\\/person\\\/bd3551d543ad11d210e99773b69631a0\"},\"headline\":\"DELTECO GBC \u2013 MONTAKIT FUENLABRADA\",\"datePublished\":\"2018-09-28T08:37:25+00:00\",\"dateModified\":\"2023-11-20T17:31:04+00:00\",\"mainEntityOfPage\":{\"@id\":\"https:\\\/\\\/gipuzkoabasket.com\\\/eu\\\/delteco-gbc-montakit-fuenlabrada-2\\\/\"},\"wordCount\":229,\"commentCount\":0,\"publisher\":{\"@id\":\"https:\\\/\\\/gipuzkoabasket.com\\\/eu\\\/#organization\"},\"image\":{\"@id\":\"https:\\\/\\\/gipuzkoabasket.com\\\/eu\\\/delteco-gbc-montakit-fuenlabrada-2\\\/#primaryimage\"},\"thumbnailUrl\":\"https:\\\/\\\/gipuzkoabasket.com\\\/wp-content\\\/uploads\\\/2018\\\/09\\\/GBC-1er-partido-septiembre-001-web.jpg\",\"keywords\":[\"Donostia\",\"Donostia Arena\",\"GBC\",\"Gipuzkoa\",\"Gipuzkoa Basket\",\"Liga Endesa\",\"Partido\"],\"articleSection\":[\"Aurrekoa\",\"Endesa Liga\",\"Hemeroteka\"],\"inLanguage\":\"eu-ES\",\"potentialAction\":[{\"@type\":\"CommentAction\",\"name\":\"Comment\",\"target\":[\"https:\\\/\\\/gipuzkoabasket.com\\\/eu\\\/delteco-gbc-montakit-fuenlabrada-2\\\/#respond\"]}]},{\"@type\":\"WebPage\",\"@id\":\"https:\\\/\\\/gipuzkoabasket.com\\\/eu\\\/delteco-gbc-montakit-fuenlabrada-2\\\/\",\"url\":\"https:\\\/\\\/gipuzkoabasket.com\\\/eu\\\/delteco-gbc-montakit-fuenlabrada-2\\\/\",\"name\":\"DELTECO GBC \u2013 MONTAKIT FUENLABRADA |\u00a0 Gipuzkoa Basket\",\"isPartOf\":{\"@id\":\"https:\\\/\\\/gipuzkoabasket.com\\\/eu\\\/#website\"},\"primaryImageOfPage\":{\"@id\":\"https:\\\/\\\/gipuzkoabasket.com\\\/eu\\\/delteco-gbc-montakit-fuenlabrada-2\\\/#primaryimage\"},\"image\":{\"@id\":\"https:\\\/\\\/gipuzkoabasket.com\\\/eu\\\/delteco-gbc-montakit-fuenlabrada-2\\\/#primaryimage\"},\"thumbnailUrl\":\"https:\\\/\\\/gipuzkoabasket.com\\\/wp-content\\\/uploads\\\/2018\\\/09\\\/GBC-1er-partido-septiembre-001-web.jpg\",\"datePublished\":\"2018-09-28T08:37:25+00:00\",\"dateModified\":\"2023-11-20T17:31:04+00:00\",\"description\":\"Gipuzkoa.Gipuzkoa Basket Club |\u00a0Los triples nos vuelven locos, \u00bfa ti no? | 943 444 428 \u00b7 gipuzkoabasket@gipuzkoabasket.com\",\"breadcrumb\":{\"@id\":\"https:\\\/\\\/gipuzkoabasket.com\\\/eu\\\/delteco-gbc-montakit-fuenlabrada-2\\\/#breadcrumb\"},\"inLanguage\":\"eu-ES\",\"potentialAction\":[{\"@type\":\"ReadAction\",\"target\":[\"https:\\\/\\\/gipuzkoabasket.com\\\/eu\\\/delteco-gbc-montakit-fuenlabrada-2\\\/\"]}]},{\"@type\":\"ImageObject\",\"inLanguage\":\"eu-ES\",\"@id\":\"https:\\\/\\\/gipuzkoabasket.com\\\/eu\\\/delteco-gbc-montakit-fuenlabrada-2\\\/#primaryimage\",\"url\":\"https:\\\/\\\/gipuzkoabasket.com\\\/wp-content\\\/uploads\\\/2018\\\/09\\\/GBC-1er-partido-septiembre-001-web.jpg\",\"contentUrl\":\"https:\\\/\\\/gipuzkoabasket.com\\\/wp-content\\\/uploads\\\/2018\\\/09\\\/GBC-1er-partido-septiembre-001-web.jpg\",\"width\":676,\"height\":399},{\"@type\":\"BreadcrumbList\",\"@id\":\"https:\\\/\\\/gipuzkoabasket.com\\\/eu\\\/delteco-gbc-montakit-fuenlabrada-2\\\/#breadcrumb\",\"itemListElement\":[{\"@type\":\"ListItem\",\"position\":1,\"name\":\"Portada\",\"item\":\"https:\\\/\\\/gipuzkoabasket.com\\\/eu\\\/\"},{\"@type\":\"ListItem\",\"position\":2,\"name\":\"DELTECO GBC \u2013 MONTAKIT FUENLABRADA\"}]},{\"@type\":\"WebSite\",\"@id\":\"https:\\\/\\\/gipuzkoabasket.com\\\/eu\\\/#website\",\"url\":\"https:\\\/\\\/gipuzkoabasket.com\\\/eu\\\/\",\"name\":\"Gipuzkoa Basket Club\",\"description\":\"Toda la actualidad del club\",\"publisher\":{\"@id\":\"https:\\\/\\\/gipuzkoabasket.com\\\/eu\\\/#organization\"},\"potentialAction\":[{\"@type\":\"SearchAction\",\"target\":{\"@type\":\"EntryPoint\",\"urlTemplate\":\"https:\\\/\\\/gipuzkoabasket.com\\\/eu\\\/?s={search_term_string}\"},\"query-input\":{\"@type\":\"PropertyValueSpecification\",\"valueRequired\":true,\"valueName\":\"search_term_string\"}}],\"inLanguage\":\"eu-ES\"},{\"@type\":\"Organization\",\"@id\":\"https:\\\/\\\/gipuzkoabasket.com\\\/eu\\\/#organization\",\"name\":\"Gipuzkoa Basket Club\",\"alternateName\":\"Gipuzkoa Basket\",\"url\":\"https:\\\/\\\/gipuzkoabasket.com\\\/eu\\\/\",\"logo\":{\"@type\":\"ImageObject\",\"inLanguage\":\"eu-ES\",\"@id\":\"https:\\\/\\\/gipuzkoabasket.com\\\/eu\\\/#\\\/schema\\\/logo\\\/image\\\/\",\"url\":\"https:\\\/\\\/gipuzkoabasket.com\\\/wp-content\\\/uploads\\\/2023\\\/07\\\/LOGO-GBC-300x300-1.png\",\"contentUrl\":\"https:\\\/\\\/gipuzkoabasket.com\\\/wp-content\\\/uploads\\\/2023\\\/07\\\/LOGO-GBC-300x300-1.png\",\"width\":300,\"height\":300,\"caption\":\"Gipuzkoa Basket Club\"},\"image\":{\"@id\":\"https:\\\/\\\/gipuzkoabasket.com\\\/eu\\\/#\\\/schema\\\/logo\\\/image\\\/\"}},{\"@type\":\"Person\",\"@id\":\"https:\\\/\\\/gipuzkoabasket.com\\\/eu\\\/#\\\/schema\\\/person\\\/bd3551d543ad11d210e99773b69631a0\",\"name\":\"Gipuzkoa Basket\",\"image\":{\"@type\":\"ImageObject\",\"inLanguage\":\"eu-ES\",\"@id\":\"https:\\\/\\\/secure.gravatar.com\\\/avatar\\\/e5b959b6b0321efa5df7c766774c837369fb264465d34f031005235bf80ef231?s=96&d=mm&r=g\",\"url\":\"https:\\\/\\\/secure.gravatar.com\\\/avatar\\\/e5b959b6b0321efa5df7c766774c837369fb264465d34f031005235bf80ef231?s=96&d=mm&r=g\",\"contentUrl\":\"https:\\\/\\\/secure.gravatar.com\\\/avatar\\\/e5b959b6b0321efa5df7c766774c837369fb264465d34f031005235bf80ef231?s=96&d=mm&r=g\",\"caption\":\"Gipuzkoa Basket\"},\"url\":\"https:\\\/\\\/gipuzkoabasket.com\\\/eu\\\/author\\\/gipuzkoa-basket\\\/\"}]}<\/script>\n<!-- \/ Yoast SEO plugin. -->","yoast_head_json":{"title":"DELTECO GBC \u2013 MONTAKIT FUENLABRADA |\u00a0 Gipuzkoa Basket","description":"Gipuzkoa.Gipuzkoa Basket Club |\u00a0Los triples nos vuelven locos, \u00bfa ti no? | 943 444 428 \u00b7 gipuzkoabasket@gipuzkoabasket.com","robots":{"index":"index","follow":"follow","max-snippet":"max-snippet:-1","max-image-preview":"max-image-preview:large","max-video-preview":"max-video-preview:-1"},"canonical":"https:\/\/gipuzkoabasket.com\/eu\/delteco-gbc-montakit-fuenlabrada-2\/","og_locale":"eu_ES","og_type":"article","og_title":"DELTECO GBC \u2013 MONTAKIT FUENLABRADA |\u00a0 Gipuzkoa Basket","og_description":"Gipuzkoa.Gipuzkoa Basket Club |\u00a0Los triples nos vuelven locos, \u00bfa ti no? | 943 444 428 \u00b7 gipuzkoabasket@gipuzkoabasket.com","og_url":"https:\/\/gipuzkoabasket.com\/eu\/delteco-gbc-montakit-fuenlabrada-2\/","og_site_name":"Gipuzkoa Basket Club","article_published_time":"2018-09-28T08:37:25+00:00","article_modified_time":"2023-11-20T17:31:04+00:00","og_image":[{"width":676,"height":399,"url":"https:\/\/gipuzkoabasket.com\/wp-content\/uploads\/2018\/09\/GBC-1er-partido-septiembre-001-web.jpg","type":"image\/jpeg"}],"author":"Gipuzkoa Basket","twitter_card":"summary_large_image","twitter_misc":{"Written by":"Gipuzkoa Basket","Est. reading time":"1 minute"},"schema":{"@context":"https:\/\/schema.org","@graph":[{"@type":"Article","@id":"https:\/\/gipuzkoabasket.com\/eu\/delteco-gbc-montakit-fuenlabrada-2\/#article","isPartOf":{"@id":"https:\/\/gipuzkoabasket.com\/eu\/delteco-gbc-montakit-fuenlabrada-2\/"},"author":{"name":"Gipuzkoa Basket","@id":"https:\/\/gipuzkoabasket.com\/eu\/#\/schema\/person\/bd3551d543ad11d210e99773b69631a0"},"headline":"DELTECO GBC \u2013 MONTAKIT FUENLABRADA","datePublished":"2018-09-28T08:37:25+00:00","dateModified":"2023-11-20T17:31:04+00:00","mainEntityOfPage":{"@id":"https:\/\/gipuzkoabasket.com\/eu\/delteco-gbc-montakit-fuenlabrada-2\/"},"wordCount":229,"commentCount":0,"publisher":{"@id":"https:\/\/gipuzkoabasket.com\/eu\/#organization"},"image":{"@id":"https:\/\/gipuzkoabasket.com\/eu\/delteco-gbc-montakit-fuenlabrada-2\/#primaryimage"},"thumbnailUrl":"https:\/\/gipuzkoabasket.com\/wp-content\/uploads\/2018\/09\/GBC-1er-partido-septiembre-001-web.jpg","keywords":["Donostia","Donostia Arena","GBC","Gipuzkoa","Gipuzkoa Basket","Liga Endesa","Partido"],"articleSection":["Aurrekoa","Endesa Liga","Hemeroteka"],"inLanguage":"eu-ES","potentialAction":[{"@type":"CommentAction","name":"Comment","target":["https:\/\/gipuzkoabasket.com\/eu\/delteco-gbc-montakit-fuenlabrada-2\/#respond"]}]},{"@type":"WebPage","@id":"https:\/\/gipuzkoabasket.com\/eu\/delteco-gbc-montakit-fuenlabrada-2\/","url":"https:\/\/gipuzkoabasket.com\/eu\/delteco-gbc-montakit-fuenlabrada-2\/","name":"DELTECO GBC \u2013 MONTAKIT FUENLABRADA |\u00a0 Gipuzkoa Basket","isPartOf":{"@id":"https:\/\/gipuzkoabasket.com\/eu\/#website"},"primaryImageOfPage":{"@id":"https:\/\/gipuzkoabasket.com\/eu\/delteco-gbc-montakit-fuenlabrada-2\/#primaryimage"},"image":{"@id":"https:\/\/gipuzkoabasket.com\/eu\/delteco-gbc-montakit-fuenlabrada-2\/#primaryimage"},"thumbnailUrl":"https:\/\/gipuzkoabasket.com\/wp-content\/uploads\/2018\/09\/GBC-1er-partido-septiembre-001-web.jpg","datePublished":"2018-09-28T08:37:25+00:00","dateModified":"2023-11-20T17:31:04+00:00","description":"Gipuzkoa.Gipuzkoa Basket Club |\u00a0Los triples nos vuelven locos, \u00bfa ti no? | 943 444 428 \u00b7 gipuzkoabasket@gipuzkoabasket.com","breadcrumb":{"@id":"https:\/\/gipuzkoabasket.com\/eu\/delteco-gbc-montakit-fuenlabrada-2\/#breadcrumb"},"inLanguage":"eu-ES","potentialAction":[{"@type":"ReadAction","target":["https:\/\/gipuzkoabasket.com\/eu\/delteco-gbc-montakit-fuenlabrada-2\/"]}]},{"@type":"ImageObject","inLanguage":"eu-ES","@id":"https:\/\/gipuzkoabasket.com\/eu\/delteco-gbc-montakit-fuenlabrada-2\/#primaryimage","url":"https:\/\/gipuzkoabasket.com\/wp-content\/uploads\/2018\/09\/GBC-1er-partido-septiembre-001-web.jpg","contentUrl":"https:\/\/gipuzkoabasket.com\/wp-content\/uploads\/2018\/09\/GBC-1er-partido-septiembre-001-web.jpg","width":676,"height":399},{"@type":"BreadcrumbList","@id":"https:\/\/gipuzkoabasket.com\/eu\/delteco-gbc-montakit-fuenlabrada-2\/#breadcrumb","itemListElement":[{"@type":"ListItem","position":1,"name":"Portada","item":"https:\/\/gipuzkoabasket.com\/eu\/"},{"@type":"ListItem","position":2,"name":"DELTECO GBC \u2013 MONTAKIT FUENLABRADA"}]},{"@type":"WebSite","@id":"https:\/\/gipuzkoabasket.com\/eu\/#website","url":"https:\/\/gipuzkoabasket.com\/eu\/","name":"Gipuzkoa Basket Club","description":"Toda la actualidad del club","publisher":{"@id":"https:\/\/gipuzkoabasket.com\/eu\/#organization"},"potentialAction":[{"@type":"SearchAction","target":{"@type":"EntryPoint","urlTemplate":"https:\/\/gipuzkoabasket.com\/eu\/?s={search_term_string}"},"query-input":{"@type":"PropertyValueSpecification","valueRequired":true,"valueName":"search_term_string"}}],"inLanguage":"eu-ES"},{"@type":"Organization","@id":"https:\/\/gipuzkoabasket.com\/eu\/#organization","name":"Gipuzkoa Basket Club","alternateName":"Gipuzkoa Basket","url":"https:\/\/gipuzkoabasket.com\/eu\/","logo":{"@type":"ImageObject","inLanguage":"eu-ES","@id":"https:\/\/gipuzkoabasket.com\/eu\/#\/schema\/logo\/image\/","url":"https:\/\/gipuzkoabasket.com\/wp-content\/uploads\/2023\/07\/LOGO-GBC-300x300-1.png","contentUrl":"https:\/\/gipuzkoabasket.com\/wp-content\/uploads\/2023\/07\/LOGO-GBC-300x300-1.png","width":300,"height":300,"caption":"Gipuzkoa Basket Club"},"image":{"@id":"https:\/\/gipuzkoabasket.com\/eu\/#\/schema\/logo\/image\/"}},{"@type":"Person","@id":"https:\/\/gipuzkoabasket.com\/eu\/#\/schema\/person\/bd3551d543ad11d210e99773b69631a0","name":"Gipuzkoa Basket","image":{"@type":"ImageObject","inLanguage":"eu-ES","@id":"https:\/\/secure.gravatar.com\/avatar\/e5b959b6b0321efa5df7c766774c837369fb264465d34f031005235bf80ef231?s=96&d=mm&r=g","url":"https:\/\/secure.gravatar.com\/avatar\/e5b959b6b0321efa5df7c766774c837369fb264465d34f031005235bf80ef231?s=96&d=mm&r=g","contentUrl":"https:\/\/secure.gravatar.com\/avatar\/e5b959b6b0321efa5df7c766774c837369fb264465d34f031005235bf80ef231?s=96&d=mm&r=g","caption":"Gipuzkoa Basket"},"url":"https:\/\/gipuzkoabasket.com\/eu\/author\/gipuzkoa-basket\/"}]}},"_links":{"self":[{"href":"https:\/\/gipuzkoabasket.com\/eu\/wp-json\/wp\/v2\/posts\/4239","targetHints":{"allow":["GET"]}}],"collection":[{"href":"https:\/\/gipuzkoabasket.com\/eu\/wp-json\/wp\/v2\/posts"}],"about":[{"href":"https:\/\/gipuzkoabasket.com\/eu\/wp-json\/wp\/v2\/types\/post"}],"author":[{"embeddable":true,"href":"https:\/\/gipuzkoabasket.com\/eu\/wp-json\/wp\/v2\/users\/2"}],"replies":[{"embeddable":true,"href":"https:\/\/gipuzkoabasket.com\/eu\/wp-json\/wp\/v2\/comments?post=4239"}],"version-history":[{"count":1,"href":"https:\/\/gipuzkoabasket.com\/eu\/wp-json\/wp\/v2\/posts\/4239\/revisions"}],"predecessor-version":[{"id":21794,"href":"https:\/\/gipuzkoabasket.com\/eu\/wp-json\/wp\/v2\/posts\/4239\/revisions\/21794"}],"wp:featuredmedia":[{"embeddable":true,"href":"https:\/\/gipuzkoabasket.com\/eu\/wp-json\/wp\/v2\/media\/4245"}],"wp:attachment":[{"href":"https:\/\/gipuzkoabasket.com\/eu\/wp-json\/wp\/v2\/media?parent=4239"}],"wp:term":[{"taxonomy":"category","embeddable":true,"href":"https:\/\/gipuzkoabasket.com\/eu\/wp-json\/wp\/v2\/categories?post=4239"},{"taxonomy":"post_tag","embeddable":true,"href":"https:\/\/gipuzkoabasket.com\/eu\/wp-json\/wp\/v2\/tags?post=4239"}],"curies":[{"name":"wp","href":"https:\/\/api.w.org\/{rel}","templated":true}]}}