{"id":4776,"date":"2018-11-07T12:32:24","date_gmt":"2018-11-07T10:32:24","guid":{"rendered":"https:\/\/www.gipuzkoabasket.com\/?p=4776\/"},"modified":"2023-11-20T18:32:23","modified_gmt":"2023-11-20T17:32:23","slug":"super-sabado-de-basket","status":"publish","type":"post","link":"https:\/\/gipuzkoabasket.com\/eu\/super-sabado-de-basket\/","title":{"rendered":"S\u00daPER S\u00c1BADO DE BASKET"},"content":{"rendered":"<p>Este s\u00e1bado toca tarde de basket de m\u00e1ximo nivel en Donostia. A las 18.00 horas abre la jornada el IDK Gipuzkoa-Cad\u00ed La Seu de Liga Dia y a las 20.30 horas la cierra el Delteco GBC-San Pablo Burgos de Liga Endesa.<\/p>\n<p>Son dos encuentros importantes para los dos equipos guipuzcoanos y ante rivales muy duros, as\u00ed que el apoyo de la afici\u00f3n resultar\u00e1 fundamental para sacarlos adelante. Por ello unimos fuerzas de cara a este s\u00faper s\u00e1bado con el objetivo de poblar las gradas del Gasca y de Illunbe: los socios del IDK Gipuzkoa podr\u00e1n entrar en Illunbe mostrando su carnet de socios del IDK Gipuzkoa y los abonados del Delteco GBC podr\u00e1n acudir al Gasca mostrando su carnet de abonados del Delteco GBC. Una excelente oportunidad, por tanto, para disfrutar en directo de dos partidazos y empujar hacia el objetivo de una doble victoria.<\/p>\n<p>En el caso de los socios del Delteco GBC que acudan al Gasca, bastar\u00e1 con presentar el abono en la entrada del pabell\u00f3n. En el caso de los socios del IDK Gipuzkoa que vayan a Illunbe, tendr\u00e1n que pasar primero por taquilla, donde se les entregar\u00e1 una entrada para entrar en el pabell\u00f3n.<\/p>\n<p>Los jugadores del Delteco GBC y las jugadoras del IDK Gipuzkoa est\u00e1n preparando con mimo esta doble cita de la que quieren salir fortalecidos. Dani P\u00e9rez e Iva Brkic, los bases de ambos equipos, tienen claro que puede ser un s\u00e1bado grande y van a animar a la afici\u00f3n en un v\u00eddeo con el siguiente mensaje: &#8220;Este s\u00e1bado queremos el doblete de victorias. Os esperamos primero en el Gasca y luego en Illunbe. \u00a1Vamos!&#8221;. El men\u00fa de baloncesto, desde luego, es inmejorable.<\/p>\n<p>link=&#8221;https:\/\/youtu.be\/3mASe2BITUw&#8221;]<\/p>\n","protected":false},"excerpt":{"rendered":"<p>Este s\u00e1bado toca tarde de basket de m\u00e1ximo nivel en Donostia.<\/p>\n","protected":false},"author":2,"featured_media":4777,"comment_status":"open","ping_status":"open","sticky":false,"template":"","format":"standard","meta":{"_et_pb_use_builder":"","_et_pb_old_content":"","_et_gb_content_width":"","footnotes":""},"categories":[8,446],"tags":[472,483,474,475,476,477,478,557,559,560,479],"class_list":["post-4776","post","type-post","status-publish","format-standard","has-post-thumbnail","hentry","category-endesa-liga","category-hemeroteka","tag-aficion-eu-2","tag-delteco-gbc-eu","tag-donostia-eu-2","tag-donostia-arena-eu-2","tag-gbc-eu-eu","tag-gipuzkoa-eu-eu","tag-gipuzkoa-basket-eu-2","tag-idk-gipuzkoa-eu-2","tag-jose-antonio-gasca-eu-2","tag-liga-dia-eu-2","tag-liga-endesa-eu-2"],"yoast_head":"<!-- This site is optimized with the Yoast SEO plugin v27.5 - https:\/\/yoast.com\/product\/yoast-seo-wordpress\/ -->\n<title>S\u00daPER S\u00c1BADO DE BASKET |\u00a0 Gipuzkoa Basket<\/title>\n<meta name=\"description\" content=\"Gipuzkoa.Gipuzkoa Basket Club |\u00a0Los triples nos vuelven locos, \u00bfa ti no? | 943 444 428 \u00b7 gipuzkoabasket@gipuzkoabasket.com\" \/>\n<meta name=\"robots\" content=\"index, follow, max-snippet:-1, max-image-preview:large, max-video-preview:-1\" \/>\n<link rel=\"canonical\" href=\"https:\/\/gipuzkoabasket.com\/eu\/super-sabado-de-basket\/\" \/>\n<meta property=\"og:locale\" content=\"eu_ES\" \/>\n<meta property=\"og:type\" content=\"article\" \/>\n<meta property=\"og:title\" content=\"S\u00daPER S\u00c1BADO DE BASKET |\u00a0 Gipuzkoa Basket\" \/>\n<meta property=\"og:description\" content=\"Gipuzkoa.Gipuzkoa Basket Club |\u00a0Los triples nos vuelven locos, \u00bfa ti no? | 943 444 428 \u00b7 gipuzkoabasket@gipuzkoabasket.com\" \/>\n<meta property=\"og:url\" content=\"https:\/\/gipuzkoabasket.com\/eu\/super-sabado-de-basket\/\" \/>\n<meta property=\"og:site_name\" content=\"Gipuzkoa Basket Club\" \/>\n<meta property=\"article:published_time\" content=\"2018-11-07T10:32:24+00:00\" \/>\n<meta property=\"article:modified_time\" content=\"2023-11-20T17:32:23+00:00\" \/>\n<meta property=\"og:image\" content=\"https:\/\/gipuzkoabasket.com\/wp-content\/uploads\/2018\/11\/Dani-Perez-e-Iva-Brkic-3-WEB.jpg\" \/>\n\t<meta property=\"og:image:width\" content=\"676\" \/>\n\t<meta property=\"og:image:height\" content=\"399\" \/>\n\t<meta property=\"og:image:type\" content=\"image\/jpeg\" \/>\n<meta name=\"author\" content=\"Gipuzkoa Basket\" \/>\n<meta name=\"twitter:card\" content=\"summary_large_image\" \/>\n<meta name=\"twitter:label1\" content=\"Written by\" \/>\n\t<meta name=\"twitter:data1\" content=\"Gipuzkoa Basket\" \/>\n\t<meta name=\"twitter:label2\" content=\"Est. reading time\" \/>\n\t<meta name=\"twitter:data2\" content=\"2 minutes\" \/>\n<script type=\"application\/ld+json\" class=\"yoast-schema-graph\">{\"@context\":\"https:\\\/\\\/schema.org\",\"@graph\":[{\"@type\":\"Article\",\"@id\":\"https:\\\/\\\/gipuzkoabasket.com\\\/eu\\\/super-sabado-de-basket\\\/#article\",\"isPartOf\":{\"@id\":\"https:\\\/\\\/gipuzkoabasket.com\\\/eu\\\/super-sabado-de-basket\\\/\"},\"author\":{\"name\":\"Gipuzkoa Basket\",\"@id\":\"https:\\\/\\\/gipuzkoabasket.com\\\/eu\\\/#\\\/schema\\\/person\\\/bd3551d543ad11d210e99773b69631a0\"},\"headline\":\"S\u00daPER S\u00c1BADO DE BASKET\",\"datePublished\":\"2018-11-07T10:32:24+00:00\",\"dateModified\":\"2023-11-20T17:32:23+00:00\",\"mainEntityOfPage\":{\"@id\":\"https:\\\/\\\/gipuzkoabasket.com\\\/eu\\\/super-sabado-de-basket\\\/\"},\"wordCount\":306,\"commentCount\":0,\"publisher\":{\"@id\":\"https:\\\/\\\/gipuzkoabasket.com\\\/eu\\\/#organization\"},\"image\":{\"@id\":\"https:\\\/\\\/gipuzkoabasket.com\\\/eu\\\/super-sabado-de-basket\\\/#primaryimage\"},\"thumbnailUrl\":\"https:\\\/\\\/gipuzkoabasket.com\\\/wp-content\\\/uploads\\\/2018\\\/11\\\/Dani-Perez-e-Iva-Brkic-3-WEB.jpg\",\"keywords\":[\"Afici\u00f3n\",\"Delteco GBC\",\"Donostia\",\"Donostia Arena\",\"GBC\",\"Gipuzkoa\",\"Gipuzkoa Basket\",\"IDK Gipuzkoa\",\"Jose Antonio Gasca\",\"Liga D\u00eda\",\"Liga Endesa\"],\"articleSection\":[\"Endesa Liga\",\"Hemeroteka\"],\"inLanguage\":\"eu-ES\",\"potentialAction\":[{\"@type\":\"CommentAction\",\"name\":\"Comment\",\"target\":[\"https:\\\/\\\/gipuzkoabasket.com\\\/eu\\\/super-sabado-de-basket\\\/#respond\"]}]},{\"@type\":\"WebPage\",\"@id\":\"https:\\\/\\\/gipuzkoabasket.com\\\/eu\\\/super-sabado-de-basket\\\/\",\"url\":\"https:\\\/\\\/gipuzkoabasket.com\\\/eu\\\/super-sabado-de-basket\\\/\",\"name\":\"S\u00daPER S\u00c1BADO DE BASKET |\u00a0 Gipuzkoa Basket\",\"isPartOf\":{\"@id\":\"https:\\\/\\\/gipuzkoabasket.com\\\/eu\\\/#website\"},\"primaryImageOfPage\":{\"@id\":\"https:\\\/\\\/gipuzkoabasket.com\\\/eu\\\/super-sabado-de-basket\\\/#primaryimage\"},\"image\":{\"@id\":\"https:\\\/\\\/gipuzkoabasket.com\\\/eu\\\/super-sabado-de-basket\\\/#primaryimage\"},\"thumbnailUrl\":\"https:\\\/\\\/gipuzkoabasket.com\\\/wp-content\\\/uploads\\\/2018\\\/11\\\/Dani-Perez-e-Iva-Brkic-3-WEB.jpg\",\"datePublished\":\"2018-11-07T10:32:24+00:00\",\"dateModified\":\"2023-11-20T17:32:23+00:00\",\"description\":\"Gipuzkoa.Gipuzkoa Basket Club |\u00a0Los triples nos vuelven locos, \u00bfa ti no? | 943 444 428 \u00b7 gipuzkoabasket@gipuzkoabasket.com\",\"breadcrumb\":{\"@id\":\"https:\\\/\\\/gipuzkoabasket.com\\\/eu\\\/super-sabado-de-basket\\\/#breadcrumb\"},\"inLanguage\":\"eu-ES\",\"potentialAction\":[{\"@type\":\"ReadAction\",\"target\":[\"https:\\\/\\\/gipuzkoabasket.com\\\/eu\\\/super-sabado-de-basket\\\/\"]}]},{\"@type\":\"ImageObject\",\"inLanguage\":\"eu-ES\",\"@id\":\"https:\\\/\\\/gipuzkoabasket.com\\\/eu\\\/super-sabado-de-basket\\\/#primaryimage\",\"url\":\"https:\\\/\\\/gipuzkoabasket.com\\\/wp-content\\\/uploads\\\/2018\\\/11\\\/Dani-Perez-e-Iva-Brkic-3-WEB.jpg\",\"contentUrl\":\"https:\\\/\\\/gipuzkoabasket.com\\\/wp-content\\\/uploads\\\/2018\\\/11\\\/Dani-Perez-e-Iva-Brkic-3-WEB.jpg\",\"width\":676,\"height\":399},{\"@type\":\"BreadcrumbList\",\"@id\":\"https:\\\/\\\/gipuzkoabasket.com\\\/eu\\\/super-sabado-de-basket\\\/#breadcrumb\",\"itemListElement\":[{\"@type\":\"ListItem\",\"position\":1,\"name\":\"Portada\",\"item\":\"https:\\\/\\\/gipuzkoabasket.com\\\/eu\\\/\"},{\"@type\":\"ListItem\",\"position\":2,\"name\":\"S\u00daPER S\u00c1BADO DE BASKET\"}]},{\"@type\":\"WebSite\",\"@id\":\"https:\\\/\\\/gipuzkoabasket.com\\\/eu\\\/#website\",\"url\":\"https:\\\/\\\/gipuzkoabasket.com\\\/eu\\\/\",\"name\":\"Gipuzkoa Basket Club\",\"description\":\"Toda la actualidad del club\",\"publisher\":{\"@id\":\"https:\\\/\\\/gipuzkoabasket.com\\\/eu\\\/#organization\"},\"potentialAction\":[{\"@type\":\"SearchAction\",\"target\":{\"@type\":\"EntryPoint\",\"urlTemplate\":\"https:\\\/\\\/gipuzkoabasket.com\\\/eu\\\/?s={search_term_string}\"},\"query-input\":{\"@type\":\"PropertyValueSpecification\",\"valueRequired\":true,\"valueName\":\"search_term_string\"}}],\"inLanguage\":\"eu-ES\"},{\"@type\":\"Organization\",\"@id\":\"https:\\\/\\\/gipuzkoabasket.com\\\/eu\\\/#organization\",\"name\":\"Gipuzkoa Basket Club\",\"alternateName\":\"Gipuzkoa Basket\",\"url\":\"https:\\\/\\\/gipuzkoabasket.com\\\/eu\\\/\",\"logo\":{\"@type\":\"ImageObject\",\"inLanguage\":\"eu-ES\",\"@id\":\"https:\\\/\\\/gipuzkoabasket.com\\\/eu\\\/#\\\/schema\\\/logo\\\/image\\\/\",\"url\":\"https:\\\/\\\/gipuzkoabasket.com\\\/wp-content\\\/uploads\\\/2023\\\/07\\\/LOGO-GBC-300x300-1.png\",\"contentUrl\":\"https:\\\/\\\/gipuzkoabasket.com\\\/wp-content\\\/uploads\\\/2023\\\/07\\\/LOGO-GBC-300x300-1.png\",\"width\":300,\"height\":300,\"caption\":\"Gipuzkoa Basket Club\"},\"image\":{\"@id\":\"https:\\\/\\\/gipuzkoabasket.com\\\/eu\\\/#\\\/schema\\\/logo\\\/image\\\/\"}},{\"@type\":\"Person\",\"@id\":\"https:\\\/\\\/gipuzkoabasket.com\\\/eu\\\/#\\\/schema\\\/person\\\/bd3551d543ad11d210e99773b69631a0\",\"name\":\"Gipuzkoa Basket\",\"image\":{\"@type\":\"ImageObject\",\"inLanguage\":\"eu-ES\",\"@id\":\"https:\\\/\\\/secure.gravatar.com\\\/avatar\\\/e5b959b6b0321efa5df7c766774c837369fb264465d34f031005235bf80ef231?s=96&d=mm&r=g\",\"url\":\"https:\\\/\\\/secure.gravatar.com\\\/avatar\\\/e5b959b6b0321efa5df7c766774c837369fb264465d34f031005235bf80ef231?s=96&d=mm&r=g\",\"contentUrl\":\"https:\\\/\\\/secure.gravatar.com\\\/avatar\\\/e5b959b6b0321efa5df7c766774c837369fb264465d34f031005235bf80ef231?s=96&d=mm&r=g\",\"caption\":\"Gipuzkoa Basket\"},\"url\":\"https:\\\/\\\/gipuzkoabasket.com\\\/eu\\\/author\\\/gipuzkoa-basket\\\/\"}]}<\/script>\n<!-- \/ Yoast SEO plugin. -->","yoast_head_json":{"title":"S\u00daPER S\u00c1BADO DE BASKET |\u00a0 Gipuzkoa Basket","description":"Gipuzkoa.Gipuzkoa Basket Club |\u00a0Los triples nos vuelven locos, \u00bfa ti no? | 943 444 428 \u00b7 gipuzkoabasket@gipuzkoabasket.com","robots":{"index":"index","follow":"follow","max-snippet":"max-snippet:-1","max-image-preview":"max-image-preview:large","max-video-preview":"max-video-preview:-1"},"canonical":"https:\/\/gipuzkoabasket.com\/eu\/super-sabado-de-basket\/","og_locale":"eu_ES","og_type":"article","og_title":"S\u00daPER S\u00c1BADO DE BASKET |\u00a0 Gipuzkoa Basket","og_description":"Gipuzkoa.Gipuzkoa Basket Club |\u00a0Los triples nos vuelven locos, \u00bfa ti no? | 943 444 428 \u00b7 gipuzkoabasket@gipuzkoabasket.com","og_url":"https:\/\/gipuzkoabasket.com\/eu\/super-sabado-de-basket\/","og_site_name":"Gipuzkoa Basket Club","article_published_time":"2018-11-07T10:32:24+00:00","article_modified_time":"2023-11-20T17:32:23+00:00","og_image":[{"width":676,"height":399,"url":"https:\/\/gipuzkoabasket.com\/wp-content\/uploads\/2018\/11\/Dani-Perez-e-Iva-Brkic-3-WEB.jpg","type":"image\/jpeg"}],"author":"Gipuzkoa Basket","twitter_card":"summary_large_image","twitter_misc":{"Written by":"Gipuzkoa Basket","Est. reading time":"2 minutes"},"schema":{"@context":"https:\/\/schema.org","@graph":[{"@type":"Article","@id":"https:\/\/gipuzkoabasket.com\/eu\/super-sabado-de-basket\/#article","isPartOf":{"@id":"https:\/\/gipuzkoabasket.com\/eu\/super-sabado-de-basket\/"},"author":{"name":"Gipuzkoa Basket","@id":"https:\/\/gipuzkoabasket.com\/eu\/#\/schema\/person\/bd3551d543ad11d210e99773b69631a0"},"headline":"S\u00daPER S\u00c1BADO DE BASKET","datePublished":"2018-11-07T10:32:24+00:00","dateModified":"2023-11-20T17:32:23+00:00","mainEntityOfPage":{"@id":"https:\/\/gipuzkoabasket.com\/eu\/super-sabado-de-basket\/"},"wordCount":306,"commentCount":0,"publisher":{"@id":"https:\/\/gipuzkoabasket.com\/eu\/#organization"},"image":{"@id":"https:\/\/gipuzkoabasket.com\/eu\/super-sabado-de-basket\/#primaryimage"},"thumbnailUrl":"https:\/\/gipuzkoabasket.com\/wp-content\/uploads\/2018\/11\/Dani-Perez-e-Iva-Brkic-3-WEB.jpg","keywords":["Afici\u00f3n","Delteco GBC","Donostia","Donostia Arena","GBC","Gipuzkoa","Gipuzkoa Basket","IDK Gipuzkoa","Jose Antonio Gasca","Liga D\u00eda","Liga Endesa"],"articleSection":["Endesa Liga","Hemeroteka"],"inLanguage":"eu-ES","potentialAction":[{"@type":"CommentAction","name":"Comment","target":["https:\/\/gipuzkoabasket.com\/eu\/super-sabado-de-basket\/#respond"]}]},{"@type":"WebPage","@id":"https:\/\/gipuzkoabasket.com\/eu\/super-sabado-de-basket\/","url":"https:\/\/gipuzkoabasket.com\/eu\/super-sabado-de-basket\/","name":"S\u00daPER S\u00c1BADO DE BASKET |\u00a0 Gipuzkoa Basket","isPartOf":{"@id":"https:\/\/gipuzkoabasket.com\/eu\/#website"},"primaryImageOfPage":{"@id":"https:\/\/gipuzkoabasket.com\/eu\/super-sabado-de-basket\/#primaryimage"},"image":{"@id":"https:\/\/gipuzkoabasket.com\/eu\/super-sabado-de-basket\/#primaryimage"},"thumbnailUrl":"https:\/\/gipuzkoabasket.com\/wp-content\/uploads\/2018\/11\/Dani-Perez-e-Iva-Brkic-3-WEB.jpg","datePublished":"2018-11-07T10:32:24+00:00","dateModified":"2023-11-20T17:32:23+00:00","description":"Gipuzkoa.Gipuzkoa Basket Club |\u00a0Los triples nos vuelven locos, \u00bfa ti no? | 943 444 428 \u00b7 gipuzkoabasket@gipuzkoabasket.com","breadcrumb":{"@id":"https:\/\/gipuzkoabasket.com\/eu\/super-sabado-de-basket\/#breadcrumb"},"inLanguage":"eu-ES","potentialAction":[{"@type":"ReadAction","target":["https:\/\/gipuzkoabasket.com\/eu\/super-sabado-de-basket\/"]}]},{"@type":"ImageObject","inLanguage":"eu-ES","@id":"https:\/\/gipuzkoabasket.com\/eu\/super-sabado-de-basket\/#primaryimage","url":"https:\/\/gipuzkoabasket.com\/wp-content\/uploads\/2018\/11\/Dani-Perez-e-Iva-Brkic-3-WEB.jpg","contentUrl":"https:\/\/gipuzkoabasket.com\/wp-content\/uploads\/2018\/11\/Dani-Perez-e-Iva-Brkic-3-WEB.jpg","width":676,"height":399},{"@type":"BreadcrumbList","@id":"https:\/\/gipuzkoabasket.com\/eu\/super-sabado-de-basket\/#breadcrumb","itemListElement":[{"@type":"ListItem","position":1,"name":"Portada","item":"https:\/\/gipuzkoabasket.com\/eu\/"},{"@type":"ListItem","position":2,"name":"S\u00daPER S\u00c1BADO DE BASKET"}]},{"@type":"WebSite","@id":"https:\/\/gipuzkoabasket.com\/eu\/#website","url":"https:\/\/gipuzkoabasket.com\/eu\/","name":"Gipuzkoa Basket Club","description":"Toda la actualidad del club","publisher":{"@id":"https:\/\/gipuzkoabasket.com\/eu\/#organization"},"potentialAction":[{"@type":"SearchAction","target":{"@type":"EntryPoint","urlTemplate":"https:\/\/gipuzkoabasket.com\/eu\/?s={search_term_string}"},"query-input":{"@type":"PropertyValueSpecification","valueRequired":true,"valueName":"search_term_string"}}],"inLanguage":"eu-ES"},{"@type":"Organization","@id":"https:\/\/gipuzkoabasket.com\/eu\/#organization","name":"Gipuzkoa Basket Club","alternateName":"Gipuzkoa Basket","url":"https:\/\/gipuzkoabasket.com\/eu\/","logo":{"@type":"ImageObject","inLanguage":"eu-ES","@id":"https:\/\/gipuzkoabasket.com\/eu\/#\/schema\/logo\/image\/","url":"https:\/\/gipuzkoabasket.com\/wp-content\/uploads\/2023\/07\/LOGO-GBC-300x300-1.png","contentUrl":"https:\/\/gipuzkoabasket.com\/wp-content\/uploads\/2023\/07\/LOGO-GBC-300x300-1.png","width":300,"height":300,"caption":"Gipuzkoa Basket Club"},"image":{"@id":"https:\/\/gipuzkoabasket.com\/eu\/#\/schema\/logo\/image\/"}},{"@type":"Person","@id":"https:\/\/gipuzkoabasket.com\/eu\/#\/schema\/person\/bd3551d543ad11d210e99773b69631a0","name":"Gipuzkoa Basket","image":{"@type":"ImageObject","inLanguage":"eu-ES","@id":"https:\/\/secure.gravatar.com\/avatar\/e5b959b6b0321efa5df7c766774c837369fb264465d34f031005235bf80ef231?s=96&d=mm&r=g","url":"https:\/\/secure.gravatar.com\/avatar\/e5b959b6b0321efa5df7c766774c837369fb264465d34f031005235bf80ef231?s=96&d=mm&r=g","contentUrl":"https:\/\/secure.gravatar.com\/avatar\/e5b959b6b0321efa5df7c766774c837369fb264465d34f031005235bf80ef231?s=96&d=mm&r=g","caption":"Gipuzkoa Basket"},"url":"https:\/\/gipuzkoabasket.com\/eu\/author\/gipuzkoa-basket\/"}]}},"_links":{"self":[{"href":"https:\/\/gipuzkoabasket.com\/eu\/wp-json\/wp\/v2\/posts\/4776","targetHints":{"allow":["GET"]}}],"collection":[{"href":"https:\/\/gipuzkoabasket.com\/eu\/wp-json\/wp\/v2\/posts"}],"about":[{"href":"https:\/\/gipuzkoabasket.com\/eu\/wp-json\/wp\/v2\/types\/post"}],"author":[{"embeddable":true,"href":"https:\/\/gipuzkoabasket.com\/eu\/wp-json\/wp\/v2\/users\/2"}],"replies":[{"embeddable":true,"href":"https:\/\/gipuzkoabasket.com\/eu\/wp-json\/wp\/v2\/comments?post=4776"}],"version-history":[{"count":1,"href":"https:\/\/gipuzkoabasket.com\/eu\/wp-json\/wp\/v2\/posts\/4776\/revisions"}],"predecessor-version":[{"id":21762,"href":"https:\/\/gipuzkoabasket.com\/eu\/wp-json\/wp\/v2\/posts\/4776\/revisions\/21762"}],"wp:featuredmedia":[{"embeddable":true,"href":"https:\/\/gipuzkoabasket.com\/eu\/wp-json\/wp\/v2\/media\/4777"}],"wp:attachment":[{"href":"https:\/\/gipuzkoabasket.com\/eu\/wp-json\/wp\/v2\/media?parent=4776"}],"wp:term":[{"taxonomy":"category","embeddable":true,"href":"https:\/\/gipuzkoabasket.com\/eu\/wp-json\/wp\/v2\/categories?post=4776"},{"taxonomy":"post_tag","embeddable":true,"href":"https:\/\/gipuzkoabasket.com\/eu\/wp-json\/wp\/v2\/tags?post=4776"}],"curies":[{"name":"wp","href":"https:\/\/api.w.org\/{rel}","templated":true}]}}