{"id":5205,"date":"2019-02-22T12:23:06","date_gmt":"2019-02-22T10:23:06","guid":{"rendered":"https:\/\/www.gipuzkoabasket.com\/?p=5205\/"},"modified":"2023-11-20T18:31:52","modified_gmt":"2023-11-20T17:31:52","slug":"nacho-nunez-ha-presentado-las-claves-de-la-nueva-etapa-del-gbc","status":"publish","type":"post","link":"https:\/\/gipuzkoabasket.com\/eu\/nacho-nunez-ha-presentado-las-claves-de-la-nueva-etapa-del-gbc\/","title":{"rendered":"NACHO N\u00da\u00d1EZ HA PRESENTADO LAS CLAVES DE LA NUEVA ETAPA DEL GBC"},"content":{"rendered":"<p>Nacho N\u00fa\u00f1ez, nuevo Presidente del Gipuzkoa Basket, ha tomado esta ma\u00f1ana posesi\u00f3n oficial del cargo de manos de su antecesora, Nekane Arzallus.<\/p>\n<p>En su comparecencia, N\u00fa\u00f1ez ha repasado la joven historia del club y ha explicado el proceso por el que tom\u00f3 la decisi\u00f3n de aceptar la Presidencia \u201ccon bastante sentido de la responsabilidad y con ilusi\u00f3n\u201d, con el objetivo de \u201cmejorar construyendo sobre lo que ya hay, que tiene mucho m\u00e9rito\u201d<\/p>\n<p>Esta nueva etapa comienza con la idea de implicar a m\u00e1s gente al proyecto GBC, creando un Consejo Asesor que refuerce las distintas \u00e1reas del Club. Adem\u00e1s, el Club tiene el objetivo de continuar siendo sostenible, tal y como ha sido hasta ahora, pero se sigue haciendo un esfuerzo para incrementar el presupuesto.<\/p>\n<p>Este proceso arranca con la creaci\u00f3n de <em>#YosoyGBC<\/em>, una campa\u00f1a para la implicaci\u00f3n de la sociedad guipuzcoana, a la que el Gipuzkoa Basket quiere recuperar acerc\u00e1ndose m\u00e1s a ella.<\/p>\n<p>Para lograr todas estas metas, N\u00fa\u00f1ez ha comentado tambi\u00e9n que se est\u00e1 trabajando en un plan estrat\u00e9gico para su revitalizaci\u00f3n de cara a 2022.<\/p>\n<p>Tras agradecer la implicaci\u00f3n tanto de los Consejos, como los trabajadores, patrocinadores, medios de comunicaci\u00f3n y dem\u00e1s actores implicados con el Club, el nuevo presidente ha destacado que \u201ccreo en la capacidad de cambio, en no rendirse, en levantarse siempre\u201d.<\/p>\n<p><strong>\u00a0<\/strong><\/p>\n<p><strong><u>LINEAS DEL GBC PARA EL FUTURO<\/u><\/strong><\/p>\n<p><strong>#YosoyGBC:<\/strong> Gipuzkoa Basket quiere involucrar a la sociedad guipuzcoana en el proyecto <strong>Yo soy GBC<\/strong> para crecer todos juntos, de la mano.<\/p>\n<p><strong>Compra Autocartera: <\/strong>El Gipuzkoa Basket se abre, ofreciendo la posibilidad de comprar acciones del Club mediante la venta de autocartera.<\/p>\n<p><strong>Acercamiento al territorio: <\/strong>El Club quiere que todos los rincones de Gipuzkoa sean GBC, sientan GBC y piensen GBC.<\/p>\n<p><strong>Llenar Illunbe: <\/strong>Gipuzkoa Basket quiere conectar con su \u00a0p\u00fablico y conseguir que cada fin de semana vaya m\u00e1s gente a Illunbe.<\/p>\n<p><strong>Proyecto 2022: <\/strong>En la temporada 2021-2022 se cumplir\u00e1n 20 a\u00f1os del Club, por lo que se pondr\u00e1 en marcha un plan estrat\u00e9gico para revitalizarlo.<\/p>\n<p><strong>\u00a0<\/strong><\/p>\n<p><strong><u>CONSEJO ACTUAL<\/u><\/strong><\/p>\n<p>&#8211; Joti D\u00edaz<\/p>\n<p>&#8211; Angel Manterola<\/p>\n<p>&#8211; Josean Ibiricu<\/p>\n<p>&#8211; Germ\u00e1n Cea<\/p>\n<p>&#8211; Borja G\u00f3mez<\/p>\n<p>&#8211; Nekane Arzallus<\/p>\n<p>&nbsp;<\/p>\n<p><strong><u>NUEVO CONSEJO ASESOR<\/u><\/strong><\/p>\n<p><strong>I\u00d1IGO DIAZ DE CERIO<\/strong><\/p>\n<p>Ex futbolista profesional de la Real Sociedad, entre otros clubes. Licenciado en Humanidades y empresa en la Universidad de Deusto. Vinculado siempre al \u00e1mbito de la empresa desde la vertiente de la consultor\u00eda, desde hace 3 a\u00f1os se dedica a la consultor\u00eda deportiva en Piolet Gesti\u00f3n Deportiva, empresa que desarrolla diferentes proyectos en Gipuzkoa con clubes, federaciones y administraci\u00f3n p\u00fablica. Vinculado como socio a diferentes proyectos como Wavegarden y Futboltek. Desarrollar\u00e1 labores de gesti\u00f3n interna y desarrollo de relaciones y proyectos en la provincia.<\/p>\n<p>&nbsp;<\/p>\n<p><strong>AITOR QUEREJETA<\/strong><\/p>\n<p>Licenciado en Derecho, ejerci\u00f3 durante un tiempo como abogado y actualmente dirige una empresa de gesti\u00f3n urban\u00edstica. Fue alcalde de Hondarribia y miembro de las Juntas Generales de Gipuzkoa durante 8 a\u00f1os. Viene para apoyar al Club en las relaciones institucionales.<\/p>\n<p>&nbsp;<\/p>\n<p><strong>GABI SOLA<\/strong><\/p>\n<p>Empresario, casado y orgulloso padre de 3 hijos. Entre otros proyectos dirige una empresa familiar de comunicaci\u00f3n y marketing (Grupo Delta) y reforzar\u00e1 al club en ese sector. Adem\u00e1s es presidente del Rotary Club de San Sebasti\u00e1n<\/p>\n<p>&nbsp;<\/p>\n<p><strong>PATRICIA RODR\u00cdGUEZ<\/strong><\/p>\n<p>Ex directora General del SD Eibar, particip\u00f3 activamente en el crecimiento y desarrollo del club durante su consolidaci\u00f3n en primera divisi\u00f3n. Colaborar\u00e1 en varias \u00e1reas, desde la gesti\u00f3n interna hasta temas financieros.<\/p>\n<p>&nbsp;<\/p>\n<p><strong>JORGE IBA\u00d1EZ <\/strong><\/p>\n<p>Licenciado en Derecho por la Universidad de Deusto y Diplomado en la Especialidad Jur\u00eddico-Econ\u00f3mica. Socio Director del despacho GARRIGUES en Donostia y miembro de su Consejo de Socios hasta septiembre de 2016. Ha participado en numerosos seminarios y conferencias sobre temas legales y fiscales y viene para apoyar al Club en esta \u00e1rea.<\/p>\n<p>&nbsp;<\/p>\n<p><strong>IRUNE ZUBIAURRE<\/strong><\/p>\n<p>Licenciada en Administraci\u00f3n y Direcci\u00f3n de empresas por la Universidad de Deusto .Tiene adem\u00e1s un Master en Direcci\u00f3n de Instalaciones deportivas y otro de Eventos especializado en Protocolo. Ha trabajado en varios departamentos de protocolo de diferentes instituciones estatales, actualmente ejerce como responsable de comunicaci\u00f3n y marketing el Vilari\u00f1o Motorsport.<\/p>\n<p>&nbsp;<\/p>\n<p><strong>PEDRO EPELDE <\/strong><\/p>\n<p>La relaci\u00f3n con el baloncesto guipuzcoano viene de a\u00f1os atr\u00e1s, en los clubs Goierri, Ordizia, Beasain. En los \u00faltimos a\u00f1os como presidente de la Federaci\u00f3n Guipuzcoana y una legislatura como vicepresidente de la Federacion Vasca. Entre sus responsabilidades principales estar\u00e1n cuidar la relaci\u00f3n del Club con la Federaci\u00f3n y otros clubs de Baloncesto de la provincia y apoyar en eventos institucionales del Club.<\/p>\n<p>&nbsp;<\/p>\n<p><strong><u>REFUERZO DE GESTI\u00d3N DE SPORT CORPORATION<\/u><\/strong><\/p>\n<p><strong>CARLOS G\u00d3MEZ DE LA VEGA<br \/>\n<\/strong>Licenciado por la universidad de Missouri Science and Technology, durante dos a\u00f1os ejerci\u00f3 como asistente personal de Pau Gasol. Tras su paso por la agencia de marketing deportivo YouFirstSports, actualmente trabaja para una empresa de gesti\u00f3n deportiva.<\/p>\n<p><strong>ALBERTO P\u00c9REZ<br \/>\n<\/strong>Grado de Business con especialidad en Sport Business en la Universidad de Hannibal &#8211; La grange, USA. Adem\u00e1s es gestor deportivo por la RFEF y coach ejecutivo por AECOP. Actualmente ejerce como director general en Sport Corporation.<\/p>\n","protected":false},"excerpt":{"rendered":"<p>Su presentaci\u00f3n como Presidente del Club ha tenido lugar esta ma\u00f1ana en el Palacio Miramar.<\/p>\n","protected":false},"author":2,"featured_media":5206,"comment_status":"open","ping_status":"open","sticky":false,"template":"","format":"standard","meta":{"_et_pb_use_builder":"","_et_pb_old_content":"","_et_gb_content_width":"","footnotes":""},"categories":[8,446,27],"tags":[],"class_list":["post-5205","post","type-post","status-publish","format-standard","has-post-thumbnail","hentry","category-endesa-liga","category-hemeroteka","category-kluba"],"yoast_head":"<!-- This site is optimized with the Yoast SEO plugin v27.5 - https:\/\/yoast.com\/product\/yoast-seo-wordpress\/ -->\n<title>NACHO N\u00da\u00d1EZ HA PRESENTADO LAS CLAVES DE LA NUEVA ETAPA DEL GBC |\u00a0 Gipuzkoa Basket<\/title>\n<meta name=\"description\" content=\"Gipuzkoa.Gipuzkoa Basket Club |\u00a0Los triples nos vuelven locos, \u00bfa ti no? | 943 444 428 \u00b7 gipuzkoabasket@gipuzkoabasket.com\" \/>\n<meta name=\"robots\" content=\"index, follow, max-snippet:-1, max-image-preview:large, max-video-preview:-1\" \/>\n<link rel=\"canonical\" href=\"https:\/\/gipuzkoabasket.com\/eu\/nacho-nunez-ha-presentado-las-claves-de-la-nueva-etapa-del-gbc\/\" \/>\n<meta property=\"og:locale\" content=\"eu_ES\" \/>\n<meta property=\"og:type\" content=\"article\" \/>\n<meta property=\"og:title\" content=\"NACHO N\u00da\u00d1EZ HA PRESENTADO LAS CLAVES DE LA NUEVA ETAPA DEL GBC |\u00a0 Gipuzkoa Basket\" \/>\n<meta property=\"og:description\" content=\"Gipuzkoa.Gipuzkoa Basket Club |\u00a0Los triples nos vuelven locos, \u00bfa ti no? | 943 444 428 \u00b7 gipuzkoabasket@gipuzkoabasket.com\" \/>\n<meta property=\"og:url\" content=\"https:\/\/gipuzkoabasket.com\/eu\/nacho-nunez-ha-presentado-las-claves-de-la-nueva-etapa-del-gbc\/\" \/>\n<meta property=\"og:site_name\" content=\"Gipuzkoa Basket Club\" \/>\n<meta property=\"article:published_time\" content=\"2019-02-22T10:23:06+00:00\" \/>\n<meta property=\"article:modified_time\" content=\"2023-11-20T17:31:52+00:00\" \/>\n<meta property=\"og:image\" content=\"https:\/\/gipuzkoabasket.com\/wp-content\/uploads\/2019\/02\/NACHOWEB.jpg\" \/>\n\t<meta property=\"og:image:width\" content=\"676\" \/>\n\t<meta property=\"og:image:height\" content=\"399\" \/>\n\t<meta property=\"og:image:type\" content=\"image\/jpeg\" \/>\n<meta name=\"author\" content=\"Gipuzkoa Basket\" \/>\n<meta name=\"twitter:card\" content=\"summary_large_image\" \/>\n<meta name=\"twitter:label1\" content=\"Written by\" \/>\n\t<meta name=\"twitter:data1\" content=\"Gipuzkoa Basket\" \/>\n\t<meta name=\"twitter:label2\" content=\"Est. reading time\" \/>\n\t<meta name=\"twitter:data2\" content=\"4 minutes\" \/>\n<script type=\"application\/ld+json\" class=\"yoast-schema-graph\">{\"@context\":\"https:\\\/\\\/schema.org\",\"@graph\":[{\"@type\":\"Article\",\"@id\":\"https:\\\/\\\/gipuzkoabasket.com\\\/eu\\\/nacho-nunez-ha-presentado-las-claves-de-la-nueva-etapa-del-gbc\\\/#article\",\"isPartOf\":{\"@id\":\"https:\\\/\\\/gipuzkoabasket.com\\\/eu\\\/nacho-nunez-ha-presentado-las-claves-de-la-nueva-etapa-del-gbc\\\/\"},\"author\":{\"name\":\"Gipuzkoa Basket\",\"@id\":\"https:\\\/\\\/gipuzkoabasket.com\\\/eu\\\/#\\\/schema\\\/person\\\/bd3551d543ad11d210e99773b69631a0\"},\"headline\":\"NACHO N\u00da\u00d1EZ HA PRESENTADO LAS CLAVES DE LA NUEVA ETAPA DEL GBC\",\"datePublished\":\"2019-02-22T10:23:06+00:00\",\"dateModified\":\"2023-11-20T17:31:52+00:00\",\"mainEntityOfPage\":{\"@id\":\"https:\\\/\\\/gipuzkoabasket.com\\\/eu\\\/nacho-nunez-ha-presentado-las-claves-de-la-nueva-etapa-del-gbc\\\/\"},\"wordCount\":900,\"commentCount\":0,\"publisher\":{\"@id\":\"https:\\\/\\\/gipuzkoabasket.com\\\/eu\\\/#organization\"},\"image\":{\"@id\":\"https:\\\/\\\/gipuzkoabasket.com\\\/eu\\\/nacho-nunez-ha-presentado-las-claves-de-la-nueva-etapa-del-gbc\\\/#primaryimage\"},\"thumbnailUrl\":\"https:\\\/\\\/gipuzkoabasket.com\\\/wp-content\\\/uploads\\\/2019\\\/02\\\/NACHOWEB.jpg\",\"articleSection\":[\"Endesa Liga\",\"Hemeroteka\",\"Kluba\"],\"inLanguage\":\"eu-ES\",\"potentialAction\":[{\"@type\":\"CommentAction\",\"name\":\"Comment\",\"target\":[\"https:\\\/\\\/gipuzkoabasket.com\\\/eu\\\/nacho-nunez-ha-presentado-las-claves-de-la-nueva-etapa-del-gbc\\\/#respond\"]}]},{\"@type\":\"WebPage\",\"@id\":\"https:\\\/\\\/gipuzkoabasket.com\\\/eu\\\/nacho-nunez-ha-presentado-las-claves-de-la-nueva-etapa-del-gbc\\\/\",\"url\":\"https:\\\/\\\/gipuzkoabasket.com\\\/eu\\\/nacho-nunez-ha-presentado-las-claves-de-la-nueva-etapa-del-gbc\\\/\",\"name\":\"NACHO N\u00da\u00d1EZ HA PRESENTADO LAS CLAVES DE LA NUEVA ETAPA DEL GBC |\u00a0 Gipuzkoa Basket\",\"isPartOf\":{\"@id\":\"https:\\\/\\\/gipuzkoabasket.com\\\/eu\\\/#website\"},\"primaryImageOfPage\":{\"@id\":\"https:\\\/\\\/gipuzkoabasket.com\\\/eu\\\/nacho-nunez-ha-presentado-las-claves-de-la-nueva-etapa-del-gbc\\\/#primaryimage\"},\"image\":{\"@id\":\"https:\\\/\\\/gipuzkoabasket.com\\\/eu\\\/nacho-nunez-ha-presentado-las-claves-de-la-nueva-etapa-del-gbc\\\/#primaryimage\"},\"thumbnailUrl\":\"https:\\\/\\\/gipuzkoabasket.com\\\/wp-content\\\/uploads\\\/2019\\\/02\\\/NACHOWEB.jpg\",\"datePublished\":\"2019-02-22T10:23:06+00:00\",\"dateModified\":\"2023-11-20T17:31:52+00:00\",\"description\":\"Gipuzkoa.Gipuzkoa Basket Club |\u00a0Los triples nos vuelven locos, \u00bfa ti no? | 943 444 428 \u00b7 gipuzkoabasket@gipuzkoabasket.com\",\"breadcrumb\":{\"@id\":\"https:\\\/\\\/gipuzkoabasket.com\\\/eu\\\/nacho-nunez-ha-presentado-las-claves-de-la-nueva-etapa-del-gbc\\\/#breadcrumb\"},\"inLanguage\":\"eu-ES\",\"potentialAction\":[{\"@type\":\"ReadAction\",\"target\":[\"https:\\\/\\\/gipuzkoabasket.com\\\/eu\\\/nacho-nunez-ha-presentado-las-claves-de-la-nueva-etapa-del-gbc\\\/\"]}]},{\"@type\":\"ImageObject\",\"inLanguage\":\"eu-ES\",\"@id\":\"https:\\\/\\\/gipuzkoabasket.com\\\/eu\\\/nacho-nunez-ha-presentado-las-claves-de-la-nueva-etapa-del-gbc\\\/#primaryimage\",\"url\":\"https:\\\/\\\/gipuzkoabasket.com\\\/wp-content\\\/uploads\\\/2019\\\/02\\\/NACHOWEB.jpg\",\"contentUrl\":\"https:\\\/\\\/gipuzkoabasket.com\\\/wp-content\\\/uploads\\\/2019\\\/02\\\/NACHOWEB.jpg\",\"width\":676,\"height\":399},{\"@type\":\"BreadcrumbList\",\"@id\":\"https:\\\/\\\/gipuzkoabasket.com\\\/eu\\\/nacho-nunez-ha-presentado-las-claves-de-la-nueva-etapa-del-gbc\\\/#breadcrumb\",\"itemListElement\":[{\"@type\":\"ListItem\",\"position\":1,\"name\":\"Portada\",\"item\":\"https:\\\/\\\/gipuzkoabasket.com\\\/eu\\\/\"},{\"@type\":\"ListItem\",\"position\":2,\"name\":\"NACHO N\u00da\u00d1EZ HA PRESENTADO LAS CLAVES DE LA NUEVA ETAPA DEL GBC\"}]},{\"@type\":\"WebSite\",\"@id\":\"https:\\\/\\\/gipuzkoabasket.com\\\/eu\\\/#website\",\"url\":\"https:\\\/\\\/gipuzkoabasket.com\\\/eu\\\/\",\"name\":\"Gipuzkoa Basket Club\",\"description\":\"Toda la actualidad del club\",\"publisher\":{\"@id\":\"https:\\\/\\\/gipuzkoabasket.com\\\/eu\\\/#organization\"},\"potentialAction\":[{\"@type\":\"SearchAction\",\"target\":{\"@type\":\"EntryPoint\",\"urlTemplate\":\"https:\\\/\\\/gipuzkoabasket.com\\\/eu\\\/?s={search_term_string}\"},\"query-input\":{\"@type\":\"PropertyValueSpecification\",\"valueRequired\":true,\"valueName\":\"search_term_string\"}}],\"inLanguage\":\"eu-ES\"},{\"@type\":\"Organization\",\"@id\":\"https:\\\/\\\/gipuzkoabasket.com\\\/eu\\\/#organization\",\"name\":\"Gipuzkoa Basket Club\",\"alternateName\":\"Gipuzkoa Basket\",\"url\":\"https:\\\/\\\/gipuzkoabasket.com\\\/eu\\\/\",\"logo\":{\"@type\":\"ImageObject\",\"inLanguage\":\"eu-ES\",\"@id\":\"https:\\\/\\\/gipuzkoabasket.com\\\/eu\\\/#\\\/schema\\\/logo\\\/image\\\/\",\"url\":\"https:\\\/\\\/gipuzkoabasket.com\\\/wp-content\\\/uploads\\\/2023\\\/07\\\/LOGO-GBC-300x300-1.png\",\"contentUrl\":\"https:\\\/\\\/gipuzkoabasket.com\\\/wp-content\\\/uploads\\\/2023\\\/07\\\/LOGO-GBC-300x300-1.png\",\"width\":300,\"height\":300,\"caption\":\"Gipuzkoa Basket Club\"},\"image\":{\"@id\":\"https:\\\/\\\/gipuzkoabasket.com\\\/eu\\\/#\\\/schema\\\/logo\\\/image\\\/\"}},{\"@type\":\"Person\",\"@id\":\"https:\\\/\\\/gipuzkoabasket.com\\\/eu\\\/#\\\/schema\\\/person\\\/bd3551d543ad11d210e99773b69631a0\",\"name\":\"Gipuzkoa Basket\",\"image\":{\"@type\":\"ImageObject\",\"inLanguage\":\"eu-ES\",\"@id\":\"https:\\\/\\\/secure.gravatar.com\\\/avatar\\\/e5b959b6b0321efa5df7c766774c837369fb264465d34f031005235bf80ef231?s=96&d=mm&r=g\",\"url\":\"https:\\\/\\\/secure.gravatar.com\\\/avatar\\\/e5b959b6b0321efa5df7c766774c837369fb264465d34f031005235bf80ef231?s=96&d=mm&r=g\",\"contentUrl\":\"https:\\\/\\\/secure.gravatar.com\\\/avatar\\\/e5b959b6b0321efa5df7c766774c837369fb264465d34f031005235bf80ef231?s=96&d=mm&r=g\",\"caption\":\"Gipuzkoa Basket\"},\"url\":\"https:\\\/\\\/gipuzkoabasket.com\\\/eu\\\/author\\\/gipuzkoa-basket\\\/\"}]}<\/script>\n<!-- \/ Yoast SEO plugin. -->","yoast_head_json":{"title":"NACHO N\u00da\u00d1EZ HA PRESENTADO LAS CLAVES DE LA NUEVA ETAPA DEL GBC |\u00a0 Gipuzkoa Basket","description":"Gipuzkoa.Gipuzkoa Basket Club |\u00a0Los triples nos vuelven locos, \u00bfa ti no? | 943 444 428 \u00b7 gipuzkoabasket@gipuzkoabasket.com","robots":{"index":"index","follow":"follow","max-snippet":"max-snippet:-1","max-image-preview":"max-image-preview:large","max-video-preview":"max-video-preview:-1"},"canonical":"https:\/\/gipuzkoabasket.com\/eu\/nacho-nunez-ha-presentado-las-claves-de-la-nueva-etapa-del-gbc\/","og_locale":"eu_ES","og_type":"article","og_title":"NACHO N\u00da\u00d1EZ HA PRESENTADO LAS CLAVES DE LA NUEVA ETAPA DEL GBC |\u00a0 Gipuzkoa Basket","og_description":"Gipuzkoa.Gipuzkoa Basket Club |\u00a0Los triples nos vuelven locos, \u00bfa ti no? | 943 444 428 \u00b7 gipuzkoabasket@gipuzkoabasket.com","og_url":"https:\/\/gipuzkoabasket.com\/eu\/nacho-nunez-ha-presentado-las-claves-de-la-nueva-etapa-del-gbc\/","og_site_name":"Gipuzkoa Basket Club","article_published_time":"2019-02-22T10:23:06+00:00","article_modified_time":"2023-11-20T17:31:52+00:00","og_image":[{"width":676,"height":399,"url":"https:\/\/gipuzkoabasket.com\/wp-content\/uploads\/2019\/02\/NACHOWEB.jpg","type":"image\/jpeg"}],"author":"Gipuzkoa Basket","twitter_card":"summary_large_image","twitter_misc":{"Written by":"Gipuzkoa Basket","Est. reading time":"4 minutes"},"schema":{"@context":"https:\/\/schema.org","@graph":[{"@type":"Article","@id":"https:\/\/gipuzkoabasket.com\/eu\/nacho-nunez-ha-presentado-las-claves-de-la-nueva-etapa-del-gbc\/#article","isPartOf":{"@id":"https:\/\/gipuzkoabasket.com\/eu\/nacho-nunez-ha-presentado-las-claves-de-la-nueva-etapa-del-gbc\/"},"author":{"name":"Gipuzkoa Basket","@id":"https:\/\/gipuzkoabasket.com\/eu\/#\/schema\/person\/bd3551d543ad11d210e99773b69631a0"},"headline":"NACHO N\u00da\u00d1EZ HA PRESENTADO LAS CLAVES DE LA NUEVA ETAPA DEL GBC","datePublished":"2019-02-22T10:23:06+00:00","dateModified":"2023-11-20T17:31:52+00:00","mainEntityOfPage":{"@id":"https:\/\/gipuzkoabasket.com\/eu\/nacho-nunez-ha-presentado-las-claves-de-la-nueva-etapa-del-gbc\/"},"wordCount":900,"commentCount":0,"publisher":{"@id":"https:\/\/gipuzkoabasket.com\/eu\/#organization"},"image":{"@id":"https:\/\/gipuzkoabasket.com\/eu\/nacho-nunez-ha-presentado-las-claves-de-la-nueva-etapa-del-gbc\/#primaryimage"},"thumbnailUrl":"https:\/\/gipuzkoabasket.com\/wp-content\/uploads\/2019\/02\/NACHOWEB.jpg","articleSection":["Endesa Liga","Hemeroteka","Kluba"],"inLanguage":"eu-ES","potentialAction":[{"@type":"CommentAction","name":"Comment","target":["https:\/\/gipuzkoabasket.com\/eu\/nacho-nunez-ha-presentado-las-claves-de-la-nueva-etapa-del-gbc\/#respond"]}]},{"@type":"WebPage","@id":"https:\/\/gipuzkoabasket.com\/eu\/nacho-nunez-ha-presentado-las-claves-de-la-nueva-etapa-del-gbc\/","url":"https:\/\/gipuzkoabasket.com\/eu\/nacho-nunez-ha-presentado-las-claves-de-la-nueva-etapa-del-gbc\/","name":"NACHO N\u00da\u00d1EZ HA PRESENTADO LAS CLAVES DE LA NUEVA ETAPA DEL GBC |\u00a0 Gipuzkoa Basket","isPartOf":{"@id":"https:\/\/gipuzkoabasket.com\/eu\/#website"},"primaryImageOfPage":{"@id":"https:\/\/gipuzkoabasket.com\/eu\/nacho-nunez-ha-presentado-las-claves-de-la-nueva-etapa-del-gbc\/#primaryimage"},"image":{"@id":"https:\/\/gipuzkoabasket.com\/eu\/nacho-nunez-ha-presentado-las-claves-de-la-nueva-etapa-del-gbc\/#primaryimage"},"thumbnailUrl":"https:\/\/gipuzkoabasket.com\/wp-content\/uploads\/2019\/02\/NACHOWEB.jpg","datePublished":"2019-02-22T10:23:06+00:00","dateModified":"2023-11-20T17:31:52+00:00","description":"Gipuzkoa.Gipuzkoa Basket Club |\u00a0Los triples nos vuelven locos, \u00bfa ti no? | 943 444 428 \u00b7 gipuzkoabasket@gipuzkoabasket.com","breadcrumb":{"@id":"https:\/\/gipuzkoabasket.com\/eu\/nacho-nunez-ha-presentado-las-claves-de-la-nueva-etapa-del-gbc\/#breadcrumb"},"inLanguage":"eu-ES","potentialAction":[{"@type":"ReadAction","target":["https:\/\/gipuzkoabasket.com\/eu\/nacho-nunez-ha-presentado-las-claves-de-la-nueva-etapa-del-gbc\/"]}]},{"@type":"ImageObject","inLanguage":"eu-ES","@id":"https:\/\/gipuzkoabasket.com\/eu\/nacho-nunez-ha-presentado-las-claves-de-la-nueva-etapa-del-gbc\/#primaryimage","url":"https:\/\/gipuzkoabasket.com\/wp-content\/uploads\/2019\/02\/NACHOWEB.jpg","contentUrl":"https:\/\/gipuzkoabasket.com\/wp-content\/uploads\/2019\/02\/NACHOWEB.jpg","width":676,"height":399},{"@type":"BreadcrumbList","@id":"https:\/\/gipuzkoabasket.com\/eu\/nacho-nunez-ha-presentado-las-claves-de-la-nueva-etapa-del-gbc\/#breadcrumb","itemListElement":[{"@type":"ListItem","position":1,"name":"Portada","item":"https:\/\/gipuzkoabasket.com\/eu\/"},{"@type":"ListItem","position":2,"name":"NACHO N\u00da\u00d1EZ HA PRESENTADO LAS CLAVES DE LA NUEVA ETAPA DEL GBC"}]},{"@type":"WebSite","@id":"https:\/\/gipuzkoabasket.com\/eu\/#website","url":"https:\/\/gipuzkoabasket.com\/eu\/","name":"Gipuzkoa Basket Club","description":"Toda la actualidad del club","publisher":{"@id":"https:\/\/gipuzkoabasket.com\/eu\/#organization"},"potentialAction":[{"@type":"SearchAction","target":{"@type":"EntryPoint","urlTemplate":"https:\/\/gipuzkoabasket.com\/eu\/?s={search_term_string}"},"query-input":{"@type":"PropertyValueSpecification","valueRequired":true,"valueName":"search_term_string"}}],"inLanguage":"eu-ES"},{"@type":"Organization","@id":"https:\/\/gipuzkoabasket.com\/eu\/#organization","name":"Gipuzkoa Basket Club","alternateName":"Gipuzkoa Basket","url":"https:\/\/gipuzkoabasket.com\/eu\/","logo":{"@type":"ImageObject","inLanguage":"eu-ES","@id":"https:\/\/gipuzkoabasket.com\/eu\/#\/schema\/logo\/image\/","url":"https:\/\/gipuzkoabasket.com\/wp-content\/uploads\/2023\/07\/LOGO-GBC-300x300-1.png","contentUrl":"https:\/\/gipuzkoabasket.com\/wp-content\/uploads\/2023\/07\/LOGO-GBC-300x300-1.png","width":300,"height":300,"caption":"Gipuzkoa Basket Club"},"image":{"@id":"https:\/\/gipuzkoabasket.com\/eu\/#\/schema\/logo\/image\/"}},{"@type":"Person","@id":"https:\/\/gipuzkoabasket.com\/eu\/#\/schema\/person\/bd3551d543ad11d210e99773b69631a0","name":"Gipuzkoa Basket","image":{"@type":"ImageObject","inLanguage":"eu-ES","@id":"https:\/\/secure.gravatar.com\/avatar\/e5b959b6b0321efa5df7c766774c837369fb264465d34f031005235bf80ef231?s=96&d=mm&r=g","url":"https:\/\/secure.gravatar.com\/avatar\/e5b959b6b0321efa5df7c766774c837369fb264465d34f031005235bf80ef231?s=96&d=mm&r=g","contentUrl":"https:\/\/secure.gravatar.com\/avatar\/e5b959b6b0321efa5df7c766774c837369fb264465d34f031005235bf80ef231?s=96&d=mm&r=g","caption":"Gipuzkoa Basket"},"url":"https:\/\/gipuzkoabasket.com\/eu\/author\/gipuzkoa-basket\/"}]}},"_links":{"self":[{"href":"https:\/\/gipuzkoabasket.com\/eu\/wp-json\/wp\/v2\/posts\/5205","targetHints":{"allow":["GET"]}}],"collection":[{"href":"https:\/\/gipuzkoabasket.com\/eu\/wp-json\/wp\/v2\/posts"}],"about":[{"href":"https:\/\/gipuzkoabasket.com\/eu\/wp-json\/wp\/v2\/types\/post"}],"author":[{"embeddable":true,"href":"https:\/\/gipuzkoabasket.com\/eu\/wp-json\/wp\/v2\/users\/2"}],"replies":[{"embeddable":true,"href":"https:\/\/gipuzkoabasket.com\/eu\/wp-json\/wp\/v2\/comments?post=5205"}],"version-history":[{"count":1,"href":"https:\/\/gipuzkoabasket.com\/eu\/wp-json\/wp\/v2\/posts\/5205\/revisions"}],"predecessor-version":[{"id":21715,"href":"https:\/\/gipuzkoabasket.com\/eu\/wp-json\/wp\/v2\/posts\/5205\/revisions\/21715"}],"wp:featuredmedia":[{"embeddable":true,"href":"https:\/\/gipuzkoabasket.com\/eu\/wp-json\/wp\/v2\/media\/5206"}],"wp:attachment":[{"href":"https:\/\/gipuzkoabasket.com\/eu\/wp-json\/wp\/v2\/media?parent=5205"}],"wp:term":[{"taxonomy":"category","embeddable":true,"href":"https:\/\/gipuzkoabasket.com\/eu\/wp-json\/wp\/v2\/categories?post=5205"},{"taxonomy":"post_tag","embeddable":true,"href":"https:\/\/gipuzkoabasket.com\/eu\/wp-json\/wp\/v2\/tags?post=5205"}],"curies":[{"name":"wp","href":"https:\/\/api.w.org\/{rel}","templated":true}]}}