{"id":5589,"date":"2019-04-26T09:37:27","date_gmt":"2019-04-26T07:37:27","guid":{"rendered":"https:\/\/www.gipuzkoabasket.com\/?p=5589\/"},"modified":"2023-11-20T18:33:29","modified_gmt":"2023-11-20T17:33:29","slug":"la-veterania-de-guerra-de-dani-perez","status":"publish","type":"post","link":"https:\/\/gipuzkoabasket.com\/eu\/la-veterania-de-guerra-de-dani-perez\/","title":{"rendered":"LA &#8216;VETERAN\u00cdA DE GUERRA&#8217; DE DANI P\u00c9REZ"},"content":{"rendered":"<p><b><a href=\"http:\/\/www.acb.com\/redaccion.php?id=146401\">ACB.COM<\/a> &#8211;<\/b>\u00a0<b>\u201cVi el aro como una piscina, estaba inspirado y\u2026 sali\u00f3 el partido que sali\u00f3\u201d.<\/b><\/p>\n<p>27 puntos, siete asistencias, 36 cr\u00e9ditos de valoraci\u00f3n y, sobre todo, la confirmaci\u00f3n de que\u00a0<b>Dani P\u00e9rez<\/b>\u00a0ya no es una casualidad. El base catal\u00e1n abri\u00f3 su particular \u2018lata\u2019 en Liga Endesa varias temporadas atr\u00e1s, y vive ahora, sin duda, su momento m\u00e1s dulce en la competici\u00f3n, rompiendo moldes y demostrando no tener miedo alguno a la responsabilidad en cancha.<\/p>\n<p><b>\u201cEstoy en un buen momento. Ya son cuatro temporadas en Liga Endesa, y he llegado a una madurez en mi juego a la que quiz\u00e1s no hab\u00eda logrado llegar antes. La confianza que ha depositado en m\u00ed el entrenador y que tienen mis compa\u00f1eros ha sido clave\u201d<\/b>, confiesa.<\/p>\n<p>link=&#8221;https:\/\/www.youtube.com\/watch?v=NfEWWH8ZCUE&#8221;<b><big><span style=\"color: #002261;\">Dani P\u00e9rez\u2026 119 partidos despu\u00e9s<\/span><\/big><\/b><\/p>\n<p>Parece ayer cuando el base de Hospitalet debutaba en el Palacio de los Deportes de Murcia con la camiseta de Montakit Fuenlabrada.\u00a0<b>\u201c\u00a1Estaba como un flan! Mi debut en Liga Endesa\u2026 Fue agridulce, porque perdimos ese partido, pero ahora tengo muy buen recuerdo. Imag\u00ednate, estaba debutando en la mejor liga de Europa\u201d.<\/b><\/p>\n<p>119 partidos despu\u00e9s, aunque con la misma esencia, Dani P\u00e9rez recoge los frutos del trabajo que lleva a\u00f1os sembrando.\u00a0<b>\u201cHe cambiado, sobre todo, en conocimiento del juego. En conocer mis puntos d\u00e9biles y mis puntos fuertes y saber sacar provecho de ese conocimiento. Cuando eres joven, a veces, las ganas y la motivaci\u00f3n no te dejan ver o actuar con claridad, y hacen que vayas tanto a por todas\u2026 que, a veces, vas un poco pasado. Ahora, con 29 a\u00f1os y todas las temporadas que llevo encima, estoy sacando lo mejor de m\u00ed y de mis condiciones, y s\u00e9 d\u00f3nde est\u00e1n mis habilidades y mis puntos fuertes\u201d<\/b>.<\/p>\n<p>Un conocimiento del juego que le ha convertido en uno de los grandes art\u00edfices del buen momento que su equipo, el Delteco GBC, atraviesa en las \u00faltimas semanas.\u00a0<b>\u201cEl llegar a tener el rol que tengo en el equipo es algo que he ido adquiriendo con el paso de las semanas. He ido ganando importancia, me he visto con confianza y las cosas me est\u00e1n saliendo bien. Es algo que ha ido pasando a lo largo de las semanas y gracias al trabajo de los meses. Al principio de la temporada, mi rol no era el que estoy teniendo ahora, as\u00ed que estoy muy contento de poder ayudar tanto al entrenador como a mis compa\u00f1eros. Sus 29 a\u00f1os, sin embargo, a veces resultan\u2026 un arma de doble filo.\u00a0<b>\u201cTengo una lucha constante. El d\u00eda de partido, hacemos siempre un concurso de tirar desde medio cambio y siempre nos ponemos por orden de edad. \u00a1Cada vez estoy yendo m\u00e1s adelante! Ya solo tengo cuatro compa\u00f1eros por delante, y eso ya te hace pensar\u201d<\/b>\u00a0confiesa entre risas.<\/p>\n<p><b><big><span style=\"color: #002261;\">\u00a1Todo un \u2018veterano de guerra\u2019!<\/span><\/big><\/b><\/p>\n<p>No es la primera vez que el base catal\u00e1n tiene que enfrentarse a una situaci\u00f3n complicada en la competici\u00f3n en lo que a resultados y clasificaci\u00f3n se refiere, como ha sucedido esta temporada en Delteco GBC. Por ello, su \u2018veteran\u00eda de guerra\u2019 se antoja fundamental para gestionar tesituras de este calibre.\u00a0<b>\u201cAl final, el haber vivido una situaci\u00f3n muy parecida a esta, te permite ver las cosas con un poco m\u00e1s de perspectiva y aprender de los errores que quiz\u00e1s comet\u00ed en mi anterior experiencia o se cometieron en el equipo\u201d<\/b>.<\/p>\n<p>No obstante, y pese a lo compleja que se ha antojado por momentos la situaci\u00f3n del cuadro donostiarra, Dani P\u00e9rez no titubea al hablar en t\u00e9rminos muy positivos del vestuario.\u00a0<b>\u201cUno de los puntos fuertes de este equipo ha sido que, a pesar de haber estado toda la temporada como colistas, el equipo ha seguido trabajando. En ning\u00fan momento ha habido malos rollos entre nosotros en el vestuario ni con el cuerpo t\u00e9cnico, y eso es algo complicado cuando est\u00e1s en esta situaci\u00f3n. El equipo est\u00e1 lleno de buena gente, tanto jugadores como t\u00e9cnicos, y en todo momento nos hemos ayudado sin echarnos nada en cara\u201d.Y es que, adem\u00e1s de entre jugadores, la conexi\u00f3n con el cuerpo t\u00e9cnico y la confianza ciega en el trabajo de\u00a0<b>Sergio Valdeolmillos<\/b>\u00a0y su equipo se ha antojado fundamental para remar todos en la misma direcci\u00f3n.\u00a0<b>\u201cEl clima ha sido bueno en todo momento. El equipo ha confiado siempre en Sergio. Es cierto que, cuando un equipo va mal sea en el deporte que sea, la cabeza de turco es el entrenador. En el club se decidi\u00f3 apostar por la continuidad de Sergio y, ahora, se est\u00e1n viendo los frutos. A veces, el tener un poco de paciencia y dar continuidad a alguien, a la larga acaba siendo positivo. Nuestro caso est\u00e1 siendo un claro ejemplo de que el trabajo diario estaba siendo bueno pese a que los resultados no estaban acompa\u00f1ando\u201d.<\/b><\/p>\n<p><b><big><span style=\"color: #002261;\">El reflejo del buen momento de Delteco GBC<\/span><\/big><\/b><\/p>\n<p>Las \u00faltimas semanas de Dani P\u00e9rez podr\u00edan resumirse como el ejemplo perfecto del buen momento por el que pasa el equipo donostiarra. Las cuatro victorias en sus \u00faltimos seis encuentros y sus grandes cifras anotadoras evidencian un cambio de cara radical, y ello permite, como poco,\u00a0<a href=\"http:\/\/www.acb.com\/redaccion.php?id=146243\" target=\"_blank\" rel=\"noopener\"><span style=\"color: #195d96;\"><b>tener licencia para so\u00f1ar<\/b><\/span><\/a>.<\/p>\n<p><b>\u201cQuiz\u00e1s la clave est\u00e1 en el nivel de confianza. Si miras nuestras derrotas, sobre todo en casa, hay tres en la pr\u00f3rroga, otra contra Valencia tras ir ganando todo el partido\u2026 Estas derrotas han ido mermando la confianza del equipo. El hecho tambi\u00e9n de estar \u00faltimos todo el a\u00f1o, es dif\u00edcil de llevar, pero ahora nos hemos dado cuenta de que tambi\u00e9n sabemos ganar. El equipo ahora est\u00e1 jugando m\u00e1s suelto y nos est\u00e1n saliendo las cosas. Con fianza, parecemos incluso jugadores diferentes. Es cuesti\u00f3n de confianza, porque el equipo ha trabajado bien en todo momento ha pesar de las derrotas\u201d.<\/b><\/p>\n<p>Ahora, a tan solo una derrota de la \u2018zona tranquila\u2019, mantener la templanza se antoja fundamental, y m\u00e1s en un momento en el que, como el propio jugador reconoce, la zona baja de la tabla est\u00e1 m\u00e1s que candente.\u00a0<b>\u201cNosotros estamos tranquilos. Llevamos todo el a\u00f1o en una situaci\u00f3n similar, y no notamos m\u00e1s presi\u00f3n ahora que, por ejemplo, hace dos meses. Es cierto que vamos ganando partidos, aunque la zona de abajo est\u00e1 muy competida y todos est\u00e1n apretando. Estamos tranquilos, trabajando bien y siendo conscientes de que nos quedan seis finales por delante y tenemos que ir a muerte cada partido\u201d<\/b>, asegura.<\/p>\n<p>De esas victorias, la conseguida ante Movistar Estudiantes -remontada hist\u00f3rica inclusive- es la que mejor podr\u00eda reflejar esa confianza de la que el base catal\u00e1n habla sobre su equipo.\u00a0<b>\u201cFue una muestra de car\u00e1cter del equipo y de fe\u201d<\/b>, afirma.\u00a0<b>\u201cDemostramos que somos un equipo que no se rinde, que sigue muy vivo y que est\u00e1 dispuesto a seguir creyendo hasta el final\u201d<\/b>.<\/p>\n<p>Y es que no hay otra clave. Otra receta de \u00e9xito. Otra f\u00f3rmula m\u00e1gica. Creer, trabajar y no dejar de remar.[vc_video link=&#8221;https:\/\/www.youtube.com\/watch?v=vwPfz20HfHc&#8221;][vc_empty_space][vc_column_text]<b><big><span style=\"color: #002261;\">Dani P\u00e9rez\u2026 visto por Dani P\u00e9rez<\/span><\/big><\/b><\/p>\n<p>Su cuarto puesto en lo que a mejores asistentes de la Liga Endesa se refiere, y esa capacidad para poner siempre \u2018la bola donde toca\u2019, hace inevitable que pensar en Dani P\u00e9rez sea pensar en un base de los de toda la vida.<\/p>\n<p><b>\u201cA m\u00ed me gusta, sobre todo, hacer jugar al equipo y que mis compa\u00f1eros se sientan a gusto jugando conmigo. A veces, quiz\u00e1s peco demasiado de eso. Me lo dice toda mi gente, que tendr\u00eda que mirar un poco m\u00e1s al aro, pero soy un jugador al que le gusta poner la bola donde toca en cada momento e intentar ayudar al equipo\u201d.<\/b><\/p>\n<p>Emocionalmente, el Dani P\u00e9rez que hoy disfrutamos sobre la cancha con Delteco GBC es la consecuencia de todas las experiencias vividas.\u00a0<b>\u201cEn el aspecto emocional he cambiado un poco con el paso de los a\u00f1os. Me siento m\u00e1s calmado, un poco m\u00e1s fr\u00edo que hace unos a\u00f1os, cuando lo viv\u00eda todo con m\u00e1s intensidad, de forma m\u00e1s emocional. Eso s\u00ed, soy un jugador que cuando cree que hay que celebrar algo, lo celebra, o cuando cree que hay que hablar con un \u00e1rbitro, lo hace. Eso es algo innato y no puedo evitarlo, pero s\u00ed que es verdad que ahora soy un poco m\u00e1s cerebral que hace unos a\u00f1os\u201d<\/b>.[vc_single_image image=&#8221;5593&#8243; img_size=&#8221;full&#8221; qode_css_animation=&#8221;&#8221; En el camino, numerosos entrenadores y compa\u00f1eros que han dejado su granito de arena en que ahora hable con ese temple y esa madurez.\u00a0<b>\u201cEn mi primer a\u00f1o, en el que debut\u00e9 en la Liga Endesa\u2026 Para un chaval de 22 a\u00f1os, el compartir vestuario, entrenamiento y pista con Carlos Cabezas, al que hab\u00eda visto siempre dando recitales en la Liga Endesa y jugando con la selecci\u00f3n, fue un lujo y un reto muy bonito\u201d.<\/b><\/p>\n<p><b>\u201cEl entrenador que m\u00e1s me ha marcado ir\u00eda que fue el que confi\u00f3 en m\u00ed para ponerme a jugar en la Liga Endesa, Chus Mateo. Fue un entrenador que me dio mucha confianza, que me permiti\u00f3 hacer una buena primera temporada en la competici\u00f3n y al que le estoy muy agradecido\u201d.<\/b><\/p>\n<p>Madurez, templanza, veteran\u00eda\u2026 y a\u00fan ganas de seguir cumpliendo sue\u00f1os.\u00a0<b>\u201cMe gustar\u00eda mucho disputar una Copa del Rey. Es uno de los torneos m\u00e1s bonitos y que m\u00e1s le puede apetecer jugar a un jugador de baloncesto espa\u00f1ol. La gente que la ha jugado me habla genial. Dicen que es precioso y que es una experiencia que vale mucho la pena. Todo lo que venga a partir de ah\u00ed\u2026 \u00a1Me gustar\u00eda jugar lo m\u00e1ximo posible!\u201d<\/b>.><span style=\"color: #3897e0;\"><b>\u00a0@isahdez_95<\/b><\/span><\/a>\t    \t<\/p>\n","protected":false},"excerpt":{"rendered":"<p>El base de Delteco GBC es uno de los mejores reflejos de la notoria mejor\u00eda que ha protagonizado el cuadro donostiarra en las \u00faltimas semanas. As\u00ed vive el catal\u00e1n buen momento del equipo y su gran momento a t\u00edtulo personal.<\/p>\n","protected":false},"author":2,"featured_media":5595,"comment_status":"open","ping_status":"open","sticky":false,"template":"","format":"standard","meta":{"_et_pb_use_builder":"","_et_pb_old_content":"","_et_gb_content_width":"","footnotes":""},"categories":[8,446],"tags":[],"class_list":["post-5589","post","type-post","status-publish","format-standard","has-post-thumbnail","hentry","category-endesa-liga","category-hemeroteka"],"yoast_head":"<!-- This site is optimized with the Yoast SEO plugin v27.5 - https:\/\/yoast.com\/product\/yoast-seo-wordpress\/ -->\n<title>LA &#039;VETERAN\u00cdA DE GUERRA&#039; DE DANI P\u00c9REZ |\u00a0 Gipuzkoa Basket<\/title>\n<meta name=\"description\" content=\"Gipuzkoa.Gipuzkoa Basket Club |\u00a0Los triples nos vuelven locos, \u00bfa ti no? | 943 444 428 \u00b7 gipuzkoabasket@gipuzkoabasket.com\" \/>\n<meta name=\"robots\" content=\"index, follow, max-snippet:-1, max-image-preview:large, max-video-preview:-1\" \/>\n<link rel=\"canonical\" href=\"https:\/\/gipuzkoabasket.com\/eu\/la-veterania-de-guerra-de-dani-perez\/\" \/>\n<meta property=\"og:locale\" content=\"eu_ES\" \/>\n<meta property=\"og:type\" content=\"article\" \/>\n<meta property=\"og:title\" content=\"LA &#039;VETERAN\u00cdA DE GUERRA&#039; DE DANI P\u00c9REZ |\u00a0 Gipuzkoa Basket\" \/>\n<meta property=\"og:description\" content=\"Gipuzkoa.Gipuzkoa Basket Club |\u00a0Los triples nos vuelven locos, \u00bfa ti no? | 943 444 428 \u00b7 gipuzkoabasket@gipuzkoabasket.com\" \/>\n<meta property=\"og:url\" content=\"https:\/\/gipuzkoabasket.com\/eu\/la-veterania-de-guerra-de-dani-perez\/\" \/>\n<meta property=\"og:site_name\" content=\"Gipuzkoa Basket Club\" \/>\n<meta property=\"article:published_time\" content=\"2019-04-26T07:37:27+00:00\" \/>\n<meta property=\"article:modified_time\" content=\"2023-11-20T17:33:29+00:00\" \/>\n<meta property=\"og:image\" content=\"https:\/\/gipuzkoabasket.com\/wp-content\/uploads\/2019\/04\/168525_81_166120_81.jpg\" \/>\n\t<meta property=\"og:image:width\" content=\"688\" \/>\n\t<meta property=\"og:image:height\" content=\"387\" \/>\n\t<meta property=\"og:image:type\" content=\"image\/jpeg\" \/>\n<meta name=\"author\" content=\"Gipuzkoa Basket\" \/>\n<meta name=\"twitter:card\" content=\"summary_large_image\" \/>\n<meta name=\"twitter:label1\" content=\"Written by\" \/>\n\t<meta name=\"twitter:data1\" content=\"Gipuzkoa Basket\" \/>\n\t<meta name=\"twitter:label2\" content=\"Est. reading time\" \/>\n\t<meta name=\"twitter:data2\" content=\"8 minutes\" \/>\n<script type=\"application\/ld+json\" class=\"yoast-schema-graph\">{\"@context\":\"https:\\\/\\\/schema.org\",\"@graph\":[{\"@type\":\"Article\",\"@id\":\"https:\\\/\\\/gipuzkoabasket.com\\\/eu\\\/la-veterania-de-guerra-de-dani-perez\\\/#article\",\"isPartOf\":{\"@id\":\"https:\\\/\\\/gipuzkoabasket.com\\\/eu\\\/la-veterania-de-guerra-de-dani-perez\\\/\"},\"author\":{\"name\":\"Gipuzkoa Basket\",\"@id\":\"https:\\\/\\\/gipuzkoabasket.com\\\/eu\\\/#\\\/schema\\\/person\\\/bd3551d543ad11d210e99773b69631a0\"},\"headline\":\"LA &#8216;VETERAN\u00cdA DE GUERRA&#8217; DE DANI P\u00c9REZ\",\"datePublished\":\"2019-04-26T07:37:27+00:00\",\"dateModified\":\"2023-11-20T17:33:29+00:00\",\"mainEntityOfPage\":{\"@id\":\"https:\\\/\\\/gipuzkoabasket.com\\\/eu\\\/la-veterania-de-guerra-de-dani-perez\\\/\"},\"wordCount\":1718,\"commentCount\":0,\"publisher\":{\"@id\":\"https:\\\/\\\/gipuzkoabasket.com\\\/eu\\\/#organization\"},\"image\":{\"@id\":\"https:\\\/\\\/gipuzkoabasket.com\\\/eu\\\/la-veterania-de-guerra-de-dani-perez\\\/#primaryimage\"},\"thumbnailUrl\":\"https:\\\/\\\/gipuzkoabasket.com\\\/wp-content\\\/uploads\\\/2019\\\/04\\\/168525_81_166120_81.jpg\",\"articleSection\":[\"Endesa Liga\",\"Hemeroteka\"],\"inLanguage\":\"eu-ES\",\"potentialAction\":[{\"@type\":\"CommentAction\",\"name\":\"Comment\",\"target\":[\"https:\\\/\\\/gipuzkoabasket.com\\\/eu\\\/la-veterania-de-guerra-de-dani-perez\\\/#respond\"]}]},{\"@type\":\"WebPage\",\"@id\":\"https:\\\/\\\/gipuzkoabasket.com\\\/eu\\\/la-veterania-de-guerra-de-dani-perez\\\/\",\"url\":\"https:\\\/\\\/gipuzkoabasket.com\\\/eu\\\/la-veterania-de-guerra-de-dani-perez\\\/\",\"name\":\"LA 'VETERAN\u00cdA DE GUERRA' DE DANI P\u00c9REZ |\u00a0 Gipuzkoa Basket\",\"isPartOf\":{\"@id\":\"https:\\\/\\\/gipuzkoabasket.com\\\/eu\\\/#website\"},\"primaryImageOfPage\":{\"@id\":\"https:\\\/\\\/gipuzkoabasket.com\\\/eu\\\/la-veterania-de-guerra-de-dani-perez\\\/#primaryimage\"},\"image\":{\"@id\":\"https:\\\/\\\/gipuzkoabasket.com\\\/eu\\\/la-veterania-de-guerra-de-dani-perez\\\/#primaryimage\"},\"thumbnailUrl\":\"https:\\\/\\\/gipuzkoabasket.com\\\/wp-content\\\/uploads\\\/2019\\\/04\\\/168525_81_166120_81.jpg\",\"datePublished\":\"2019-04-26T07:37:27+00:00\",\"dateModified\":\"2023-11-20T17:33:29+00:00\",\"description\":\"Gipuzkoa.Gipuzkoa Basket Club |\u00a0Los triples nos vuelven locos, \u00bfa ti no? | 943 444 428 \u00b7 gipuzkoabasket@gipuzkoabasket.com\",\"breadcrumb\":{\"@id\":\"https:\\\/\\\/gipuzkoabasket.com\\\/eu\\\/la-veterania-de-guerra-de-dani-perez\\\/#breadcrumb\"},\"inLanguage\":\"eu-ES\",\"potentialAction\":[{\"@type\":\"ReadAction\",\"target\":[\"https:\\\/\\\/gipuzkoabasket.com\\\/eu\\\/la-veterania-de-guerra-de-dani-perez\\\/\"]}]},{\"@type\":\"ImageObject\",\"inLanguage\":\"eu-ES\",\"@id\":\"https:\\\/\\\/gipuzkoabasket.com\\\/eu\\\/la-veterania-de-guerra-de-dani-perez\\\/#primaryimage\",\"url\":\"https:\\\/\\\/gipuzkoabasket.com\\\/wp-content\\\/uploads\\\/2019\\\/04\\\/168525_81_166120_81.jpg\",\"contentUrl\":\"https:\\\/\\\/gipuzkoabasket.com\\\/wp-content\\\/uploads\\\/2019\\\/04\\\/168525_81_166120_81.jpg\",\"width\":688,\"height\":387},{\"@type\":\"BreadcrumbList\",\"@id\":\"https:\\\/\\\/gipuzkoabasket.com\\\/eu\\\/la-veterania-de-guerra-de-dani-perez\\\/#breadcrumb\",\"itemListElement\":[{\"@type\":\"ListItem\",\"position\":1,\"name\":\"Portada\",\"item\":\"https:\\\/\\\/gipuzkoabasket.com\\\/eu\\\/\"},{\"@type\":\"ListItem\",\"position\":2,\"name\":\"LA &#8216;VETERAN\u00cdA DE GUERRA&#8217; DE DANI P\u00c9REZ\"}]},{\"@type\":\"WebSite\",\"@id\":\"https:\\\/\\\/gipuzkoabasket.com\\\/eu\\\/#website\",\"url\":\"https:\\\/\\\/gipuzkoabasket.com\\\/eu\\\/\",\"name\":\"Gipuzkoa Basket Club\",\"description\":\"Toda la actualidad del club\",\"publisher\":{\"@id\":\"https:\\\/\\\/gipuzkoabasket.com\\\/eu\\\/#organization\"},\"potentialAction\":[{\"@type\":\"SearchAction\",\"target\":{\"@type\":\"EntryPoint\",\"urlTemplate\":\"https:\\\/\\\/gipuzkoabasket.com\\\/eu\\\/?s={search_term_string}\"},\"query-input\":{\"@type\":\"PropertyValueSpecification\",\"valueRequired\":true,\"valueName\":\"search_term_string\"}}],\"inLanguage\":\"eu-ES\"},{\"@type\":\"Organization\",\"@id\":\"https:\\\/\\\/gipuzkoabasket.com\\\/eu\\\/#organization\",\"name\":\"Gipuzkoa Basket Club\",\"alternateName\":\"Gipuzkoa Basket\",\"url\":\"https:\\\/\\\/gipuzkoabasket.com\\\/eu\\\/\",\"logo\":{\"@type\":\"ImageObject\",\"inLanguage\":\"eu-ES\",\"@id\":\"https:\\\/\\\/gipuzkoabasket.com\\\/eu\\\/#\\\/schema\\\/logo\\\/image\\\/\",\"url\":\"https:\\\/\\\/gipuzkoabasket.com\\\/wp-content\\\/uploads\\\/2023\\\/07\\\/LOGO-GBC-300x300-1.png\",\"contentUrl\":\"https:\\\/\\\/gipuzkoabasket.com\\\/wp-content\\\/uploads\\\/2023\\\/07\\\/LOGO-GBC-300x300-1.png\",\"width\":300,\"height\":300,\"caption\":\"Gipuzkoa Basket Club\"},\"image\":{\"@id\":\"https:\\\/\\\/gipuzkoabasket.com\\\/eu\\\/#\\\/schema\\\/logo\\\/image\\\/\"}},{\"@type\":\"Person\",\"@id\":\"https:\\\/\\\/gipuzkoabasket.com\\\/eu\\\/#\\\/schema\\\/person\\\/bd3551d543ad11d210e99773b69631a0\",\"name\":\"Gipuzkoa Basket\",\"image\":{\"@type\":\"ImageObject\",\"inLanguage\":\"eu-ES\",\"@id\":\"https:\\\/\\\/secure.gravatar.com\\\/avatar\\\/e5b959b6b0321efa5df7c766774c837369fb264465d34f031005235bf80ef231?s=96&d=mm&r=g\",\"url\":\"https:\\\/\\\/secure.gravatar.com\\\/avatar\\\/e5b959b6b0321efa5df7c766774c837369fb264465d34f031005235bf80ef231?s=96&d=mm&r=g\",\"contentUrl\":\"https:\\\/\\\/secure.gravatar.com\\\/avatar\\\/e5b959b6b0321efa5df7c766774c837369fb264465d34f031005235bf80ef231?s=96&d=mm&r=g\",\"caption\":\"Gipuzkoa Basket\"},\"url\":\"https:\\\/\\\/gipuzkoabasket.com\\\/eu\\\/author\\\/gipuzkoa-basket\\\/\"}]}<\/script>\n<!-- \/ Yoast SEO plugin. -->","yoast_head_json":{"title":"LA 'VETERAN\u00cdA DE GUERRA' DE DANI P\u00c9REZ |\u00a0 Gipuzkoa Basket","description":"Gipuzkoa.Gipuzkoa Basket Club |\u00a0Los triples nos vuelven locos, \u00bfa ti no? | 943 444 428 \u00b7 gipuzkoabasket@gipuzkoabasket.com","robots":{"index":"index","follow":"follow","max-snippet":"max-snippet:-1","max-image-preview":"max-image-preview:large","max-video-preview":"max-video-preview:-1"},"canonical":"https:\/\/gipuzkoabasket.com\/eu\/la-veterania-de-guerra-de-dani-perez\/","og_locale":"eu_ES","og_type":"article","og_title":"LA 'VETERAN\u00cdA DE GUERRA' DE DANI P\u00c9REZ |\u00a0 Gipuzkoa Basket","og_description":"Gipuzkoa.Gipuzkoa Basket Club |\u00a0Los triples nos vuelven locos, \u00bfa ti no? | 943 444 428 \u00b7 gipuzkoabasket@gipuzkoabasket.com","og_url":"https:\/\/gipuzkoabasket.com\/eu\/la-veterania-de-guerra-de-dani-perez\/","og_site_name":"Gipuzkoa Basket Club","article_published_time":"2019-04-26T07:37:27+00:00","article_modified_time":"2023-11-20T17:33:29+00:00","og_image":[{"width":688,"height":387,"url":"https:\/\/gipuzkoabasket.com\/wp-content\/uploads\/2019\/04\/168525_81_166120_81.jpg","type":"image\/jpeg"}],"author":"Gipuzkoa Basket","twitter_card":"summary_large_image","twitter_misc":{"Written by":"Gipuzkoa Basket","Est. reading time":"8 minutes"},"schema":{"@context":"https:\/\/schema.org","@graph":[{"@type":"Article","@id":"https:\/\/gipuzkoabasket.com\/eu\/la-veterania-de-guerra-de-dani-perez\/#article","isPartOf":{"@id":"https:\/\/gipuzkoabasket.com\/eu\/la-veterania-de-guerra-de-dani-perez\/"},"author":{"name":"Gipuzkoa Basket","@id":"https:\/\/gipuzkoabasket.com\/eu\/#\/schema\/person\/bd3551d543ad11d210e99773b69631a0"},"headline":"LA &#8216;VETERAN\u00cdA DE GUERRA&#8217; DE DANI P\u00c9REZ","datePublished":"2019-04-26T07:37:27+00:00","dateModified":"2023-11-20T17:33:29+00:00","mainEntityOfPage":{"@id":"https:\/\/gipuzkoabasket.com\/eu\/la-veterania-de-guerra-de-dani-perez\/"},"wordCount":1718,"commentCount":0,"publisher":{"@id":"https:\/\/gipuzkoabasket.com\/eu\/#organization"},"image":{"@id":"https:\/\/gipuzkoabasket.com\/eu\/la-veterania-de-guerra-de-dani-perez\/#primaryimage"},"thumbnailUrl":"https:\/\/gipuzkoabasket.com\/wp-content\/uploads\/2019\/04\/168525_81_166120_81.jpg","articleSection":["Endesa Liga","Hemeroteka"],"inLanguage":"eu-ES","potentialAction":[{"@type":"CommentAction","name":"Comment","target":["https:\/\/gipuzkoabasket.com\/eu\/la-veterania-de-guerra-de-dani-perez\/#respond"]}]},{"@type":"WebPage","@id":"https:\/\/gipuzkoabasket.com\/eu\/la-veterania-de-guerra-de-dani-perez\/","url":"https:\/\/gipuzkoabasket.com\/eu\/la-veterania-de-guerra-de-dani-perez\/","name":"LA 'VETERAN\u00cdA DE GUERRA' DE DANI P\u00c9REZ |\u00a0 Gipuzkoa Basket","isPartOf":{"@id":"https:\/\/gipuzkoabasket.com\/eu\/#website"},"primaryImageOfPage":{"@id":"https:\/\/gipuzkoabasket.com\/eu\/la-veterania-de-guerra-de-dani-perez\/#primaryimage"},"image":{"@id":"https:\/\/gipuzkoabasket.com\/eu\/la-veterania-de-guerra-de-dani-perez\/#primaryimage"},"thumbnailUrl":"https:\/\/gipuzkoabasket.com\/wp-content\/uploads\/2019\/04\/168525_81_166120_81.jpg","datePublished":"2019-04-26T07:37:27+00:00","dateModified":"2023-11-20T17:33:29+00:00","description":"Gipuzkoa.Gipuzkoa Basket Club |\u00a0Los triples nos vuelven locos, \u00bfa ti no? | 943 444 428 \u00b7 gipuzkoabasket@gipuzkoabasket.com","breadcrumb":{"@id":"https:\/\/gipuzkoabasket.com\/eu\/la-veterania-de-guerra-de-dani-perez\/#breadcrumb"},"inLanguage":"eu-ES","potentialAction":[{"@type":"ReadAction","target":["https:\/\/gipuzkoabasket.com\/eu\/la-veterania-de-guerra-de-dani-perez\/"]}]},{"@type":"ImageObject","inLanguage":"eu-ES","@id":"https:\/\/gipuzkoabasket.com\/eu\/la-veterania-de-guerra-de-dani-perez\/#primaryimage","url":"https:\/\/gipuzkoabasket.com\/wp-content\/uploads\/2019\/04\/168525_81_166120_81.jpg","contentUrl":"https:\/\/gipuzkoabasket.com\/wp-content\/uploads\/2019\/04\/168525_81_166120_81.jpg","width":688,"height":387},{"@type":"BreadcrumbList","@id":"https:\/\/gipuzkoabasket.com\/eu\/la-veterania-de-guerra-de-dani-perez\/#breadcrumb","itemListElement":[{"@type":"ListItem","position":1,"name":"Portada","item":"https:\/\/gipuzkoabasket.com\/eu\/"},{"@type":"ListItem","position":2,"name":"LA &#8216;VETERAN\u00cdA DE GUERRA&#8217; DE DANI P\u00c9REZ"}]},{"@type":"WebSite","@id":"https:\/\/gipuzkoabasket.com\/eu\/#website","url":"https:\/\/gipuzkoabasket.com\/eu\/","name":"Gipuzkoa Basket Club","description":"Toda la actualidad del club","publisher":{"@id":"https:\/\/gipuzkoabasket.com\/eu\/#organization"},"potentialAction":[{"@type":"SearchAction","target":{"@type":"EntryPoint","urlTemplate":"https:\/\/gipuzkoabasket.com\/eu\/?s={search_term_string}"},"query-input":{"@type":"PropertyValueSpecification","valueRequired":true,"valueName":"search_term_string"}}],"inLanguage":"eu-ES"},{"@type":"Organization","@id":"https:\/\/gipuzkoabasket.com\/eu\/#organization","name":"Gipuzkoa Basket Club","alternateName":"Gipuzkoa Basket","url":"https:\/\/gipuzkoabasket.com\/eu\/","logo":{"@type":"ImageObject","inLanguage":"eu-ES","@id":"https:\/\/gipuzkoabasket.com\/eu\/#\/schema\/logo\/image\/","url":"https:\/\/gipuzkoabasket.com\/wp-content\/uploads\/2023\/07\/LOGO-GBC-300x300-1.png","contentUrl":"https:\/\/gipuzkoabasket.com\/wp-content\/uploads\/2023\/07\/LOGO-GBC-300x300-1.png","width":300,"height":300,"caption":"Gipuzkoa Basket Club"},"image":{"@id":"https:\/\/gipuzkoabasket.com\/eu\/#\/schema\/logo\/image\/"}},{"@type":"Person","@id":"https:\/\/gipuzkoabasket.com\/eu\/#\/schema\/person\/bd3551d543ad11d210e99773b69631a0","name":"Gipuzkoa Basket","image":{"@type":"ImageObject","inLanguage":"eu-ES","@id":"https:\/\/secure.gravatar.com\/avatar\/e5b959b6b0321efa5df7c766774c837369fb264465d34f031005235bf80ef231?s=96&d=mm&r=g","url":"https:\/\/secure.gravatar.com\/avatar\/e5b959b6b0321efa5df7c766774c837369fb264465d34f031005235bf80ef231?s=96&d=mm&r=g","contentUrl":"https:\/\/secure.gravatar.com\/avatar\/e5b959b6b0321efa5df7c766774c837369fb264465d34f031005235bf80ef231?s=96&d=mm&r=g","caption":"Gipuzkoa Basket"},"url":"https:\/\/gipuzkoabasket.com\/eu\/author\/gipuzkoa-basket\/"}]}},"_links":{"self":[{"href":"https:\/\/gipuzkoabasket.com\/eu\/wp-json\/wp\/v2\/posts\/5589","targetHints":{"allow":["GET"]}}],"collection":[{"href":"https:\/\/gipuzkoabasket.com\/eu\/wp-json\/wp\/v2\/posts"}],"about":[{"href":"https:\/\/gipuzkoabasket.com\/eu\/wp-json\/wp\/v2\/types\/post"}],"author":[{"embeddable":true,"href":"https:\/\/gipuzkoabasket.com\/eu\/wp-json\/wp\/v2\/users\/2"}],"replies":[{"embeddable":true,"href":"https:\/\/gipuzkoabasket.com\/eu\/wp-json\/wp\/v2\/comments?post=5589"}],"version-history":[{"count":3,"href":"https:\/\/gipuzkoabasket.com\/eu\/wp-json\/wp\/v2\/posts\/5589\/revisions"}],"predecessor-version":[{"id":21675,"href":"https:\/\/gipuzkoabasket.com\/eu\/wp-json\/wp\/v2\/posts\/5589\/revisions\/21675"}],"wp:featuredmedia":[{"embeddable":true,"href":"https:\/\/gipuzkoabasket.com\/eu\/wp-json\/wp\/v2\/media\/5595"}],"wp:attachment":[{"href":"https:\/\/gipuzkoabasket.com\/eu\/wp-json\/wp\/v2\/media?parent=5589"}],"wp:term":[{"taxonomy":"category","embeddable":true,"href":"https:\/\/gipuzkoabasket.com\/eu\/wp-json\/wp\/v2\/categories?post=5589"},{"taxonomy":"post_tag","embeddable":true,"href":"https:\/\/gipuzkoabasket.com\/eu\/wp-json\/wp\/v2\/tags?post=5589"}],"curies":[{"name":"wp","href":"https:\/\/api.w.org\/{rel}","templated":true}]}}