{"id":5784,"date":"2019-06-17T12:55:37","date_gmt":"2019-06-17T10:55:37","guid":{"rendered":"https:\/\/www.gipuzkoabasket.com\/?p=5784\/"},"modified":"2023-11-20T18:33:17","modified_gmt":"2023-11-20T17:33:17","slug":"vi-jornadas-sobre-medicina-preparacion-fisica-y-entrenamiento-del-baloncesto","status":"publish","type":"post","link":"https:\/\/gipuzkoabasket.com\/eu\/vi-jornadas-sobre-medicina-preparacion-fisica-y-entrenamiento-del-baloncesto\/","title":{"rendered":"VI JORNADAS SOBRE MEDICINA, PREPARACI\u00d3N F\u00cdSICA Y ENTRENAMIENTO DEL BALONCESTO"},"content":{"rendered":"<p><strong>\u00a0<\/strong><\/p>\n<p>El pr\u00f3ximo <strong>mi\u00e9rcoles 19 de junio el Palacio de Miramar de Donostia<\/strong> acoger\u00e1, a partir <strong>de las 16.00h<\/strong>, la sexta edici\u00f3n de las \u201cJornadas sobre medicina, preparaci\u00f3n f\u00edsica y entrenamiento del baloncesto\u201d dirigidas por Julio Calleja Gonz\u00e1lez, Profesor agregado de la UPV\/EHU, y Germ\u00e1n Cea, Gerente de Gipuzkoa Basket.<\/p>\n<p>A lo largo de la tarde, ponentes de la talla de <strong>Elisa Aguilar<\/strong>, exjugadora de baloncesto y Directora de oficina de las Ligas FEB, \u00a0<strong>Jos\u00e9 Aramendi<\/strong>, miembro de los Servicios M\u00e9dicos de Gipuzkoa Basket, o \u00a0<strong>Asier de la Iglesia<\/strong>, jugador del Ordizia-Basoa, ofrecer\u00e1n diversas <strong>ponencias \u00a0gratuitas y de gran inter\u00e9s en las que se tratar\u00e1n temas que pondr\u00e1n en relaci\u00f3n el baloncesto con la medicina, la empresa, la mujer o la salud.<\/strong><\/p>\n<p>Adem\u00e1s, para cerrar la jornada, se celebrar\u00e1 la <strong>mesa redonda \u201cConstruyendo las categor\u00edas inferiores de un equipo profesional de Baloncesto\u201d<\/strong>, moderada por Julio Calleja Gonz\u00e1lez, profesor del Departamento de Educaci\u00f3n f\u00edsica y deportiva UPV\/EHU, y en la que participar\u00e1n \u00a0<strong>Salva D\u00edez<\/strong>, exjugador internacional de baloncesto, <strong>Iv\u00e1n Mart\u00ednez<\/strong>, entrenador de baloncesto y responsable de la GBC Eskola, y<strong> Jon Santamar\u00eda,\u00a0<\/strong>Director t\u00e9cnico de la Ibaeta Eskola.<\/p>\n<p>La inscripci\u00f3n para toda <strong>la jornada es gratuita<\/strong>, aunque tambi\u00e9n es posible acudir a alguna de las ponencias individualmente una vez realizada la <strong>inscripci\u00f3n<\/strong>. Para ello solo es necesario enviar los siguientes datos a <strong>gipuzkoabasket@gipuzkoabasket.com<\/strong>:<\/p>\n<p>ASUNTO: JORNADAS SOBRE MEDICINA<\/p>\n<p>NOMBRE:<br \/>\nAPELLIDOS:<br \/>\nDNI:<br \/>\nEMAIL:<br \/>\nM\u00d3VIL:<\/p>\n<p>&nbsp;<\/p>\n<p><strong><u>PROGRAMA DE LAS JORNADAS<\/u><\/strong><\/p>\n<p><strong>16:00 Presentaci\u00f3n<br \/>\n<\/strong>\u2022\u00a0Ignacio N\u00fa\u00f1ez &#8211; Presidente GBC<br \/>\n\u2022\u00a0Germ\u00e1n Cea &#8211; Director General\u00a0GBC<br \/>\n\u2022\u00a0Miguel Santos &#8211; Presidente de Honor\u00a0GBC<\/p>\n<p><strong>16:30 &#8211; 17:00<br \/>\n<\/strong>\u201cPropuesta de organizaci\u00f3n de una estructura de cantera en baloncesto\u201c<br \/>\n\u2022\u00a0Julio Calleja,\u00a0Departamento de Educaci\u00f3n f\u00edsica y deportiva de la UPV<\/p>\n<p><strong>17:00 \u2013 18:00<br \/>\n<\/strong>\u201cPr\u00e1ctica deportiva con esclerosis m\u00faltiple\u201c<br \/>\n\u2022\u00a0Asier de la Iglesia Ordizia-Basoa &#8211; jugador de baloncesto<\/p>\n<p><strong>18:00 &#8211; 18:30<\/strong><br \/>\nPausa<\/p>\n<p><strong>18:30 &#8211; 19:00<br \/>\n<\/strong>\u201cKirol medikuntza, saskibaloia eta emakumea\u201c (Euskera)<br \/>\n\u2022\u00a0Jose Aramendi GBC &#8211; Servicios m\u00e9dicos<\/p>\n<p><strong>19:00 &#8211; 19:30<br \/>\n<\/strong>\u201cBaloncesto profesional, formaci\u00f3n y mujer\u201c<br \/>\n\u2022\u00a0Elisa Aguilar ex-jugadora de baloncesto y directora de oficina de las Ligas FEB<\/p>\n<p><strong>19:30 &#8211; 20:30<br \/>\n<\/strong>Mesa redonda: \u201cConstruyendo las categor\u00edas inferiores de un equipo profesional de Baloncesto\u201c<br \/>\n\u2022\u00a0Julio Calleja\u00a0 &#8211; UPV\/EHU &#8211; Departamento de Educaci\u00f3n f\u00edsica y deportiva (Moderatzailea)<br \/>\n\u2022\u00a0Salva Diez &#8211; Ex-jugador internacional de baloncesto<br \/>\n\u2022\u00a0Ivan Martinez &#8211; Entrenador de baloncesto, responsable GBC Eskola<br \/>\n\u2022\u00a0Jon Santamar\u00eda &#8211;\u00a0Director t\u00e9cnico de la Ibaeta Eskola<\/p>\n<p>&nbsp;<\/p>\n<p><strong><a href=\"https:\/\/www.uik.eus\/eu\/vi-jornadas-sobre-medicina-preparacion-fisica-y-entrenamiento-del-baloncesto\">M\u00c1S INFORMACI\u00d3N<\/a><\/strong>    \t<\/p>\n","protected":false},"excerpt":{"rendered":"<p>*CAMBIOS PROGRAMACI\u00d3N Tendr\u00e1n lugar el 19 de junio en el Palacio de Miramar.<\/p>\n","protected":false},"author":2,"featured_media":5786,"comment_status":"open","ping_status":"open","sticky":false,"template":"","format":"standard","meta":{"_et_pb_use_builder":"","_et_pb_old_content":"","_et_gb_content_width":"","footnotes":""},"categories":[446,27,147],"tags":[],"class_list":["post-5784","post","type-post","status-publish","format-standard","has-post-thumbnail","hentry","category-hemeroteka","category-kluba","category-soziala"],"yoast_head":"<!-- This site is optimized with the Yoast SEO plugin v27.5 - https:\/\/yoast.com\/product\/yoast-seo-wordpress\/ -->\n<title>VI JORNADAS SOBRE MEDICINA, PREPARACI\u00d3N F\u00cdSICA Y ENTRENAMIENTO DEL BALONCESTO |\u00a0 Gipuzkoa Basket<\/title>\n<meta name=\"description\" content=\"Gipuzkoa.Gipuzkoa Basket Club |\u00a0Los triples nos vuelven locos, \u00bfa ti no? | 943 444 428 \u00b7 gipuzkoabasket@gipuzkoabasket.com\" \/>\n<meta name=\"robots\" content=\"index, follow, max-snippet:-1, max-image-preview:large, max-video-preview:-1\" \/>\n<link rel=\"canonical\" href=\"https:\/\/gipuzkoabasket.com\/eu\/vi-jornadas-sobre-medicina-preparacion-fisica-y-entrenamiento-del-baloncesto\/\" \/>\n<meta property=\"og:locale\" content=\"eu_ES\" \/>\n<meta property=\"og:type\" content=\"article\" \/>\n<meta property=\"og:title\" content=\"VI JORNADAS SOBRE MEDICINA, PREPARACI\u00d3N F\u00cdSICA Y ENTRENAMIENTO DEL BALONCESTO |\u00a0 Gipuzkoa Basket\" \/>\n<meta property=\"og:description\" content=\"Gipuzkoa.Gipuzkoa Basket Club |\u00a0Los triples nos vuelven locos, \u00bfa ti no? | 943 444 428 \u00b7 gipuzkoabasket@gipuzkoabasket.com\" \/>\n<meta property=\"og:url\" content=\"https:\/\/gipuzkoabasket.com\/eu\/vi-jornadas-sobre-medicina-preparacion-fisica-y-entrenamiento-del-baloncesto\/\" \/>\n<meta property=\"og:site_name\" content=\"Gipuzkoa Basket Club\" \/>\n<meta property=\"article:published_time\" content=\"2019-06-17T10:55:37+00:00\" \/>\n<meta property=\"article:modified_time\" content=\"2023-11-20T17:33:17+00:00\" \/>\n<meta property=\"og:image\" content=\"https:\/\/gipuzkoabasket.com\/wp-content\/uploads\/2019\/06\/jornadasmedicina.jpg\" \/>\n\t<meta property=\"og:image:width\" content=\"676\" \/>\n\t<meta property=\"og:image:height\" content=\"399\" \/>\n\t<meta property=\"og:image:type\" content=\"image\/jpeg\" \/>\n<meta name=\"author\" content=\"Gipuzkoa Basket\" \/>\n<meta name=\"twitter:card\" content=\"summary_large_image\" \/>\n<meta name=\"twitter:label1\" content=\"Written by\" \/>\n\t<meta name=\"twitter:data1\" content=\"Gipuzkoa Basket\" \/>\n\t<meta name=\"twitter:label2\" content=\"Est. reading time\" \/>\n\t<meta name=\"twitter:data2\" content=\"2 minutes\" \/>\n<script type=\"application\/ld+json\" class=\"yoast-schema-graph\">{\"@context\":\"https:\\\/\\\/schema.org\",\"@graph\":[{\"@type\":\"Article\",\"@id\":\"https:\\\/\\\/gipuzkoabasket.com\\\/eu\\\/vi-jornadas-sobre-medicina-preparacion-fisica-y-entrenamiento-del-baloncesto\\\/#article\",\"isPartOf\":{\"@id\":\"https:\\\/\\\/gipuzkoabasket.com\\\/eu\\\/vi-jornadas-sobre-medicina-preparacion-fisica-y-entrenamiento-del-baloncesto\\\/\"},\"author\":{\"name\":\"Gipuzkoa Basket\",\"@id\":\"https:\\\/\\\/gipuzkoabasket.com\\\/eu\\\/#\\\/schema\\\/person\\\/bd3551d543ad11d210e99773b69631a0\"},\"headline\":\"VI JORNADAS SOBRE MEDICINA, PREPARACI\u00d3N F\u00cdSICA Y ENTRENAMIENTO DEL BALONCESTO\",\"datePublished\":\"2019-06-17T10:55:37+00:00\",\"dateModified\":\"2023-11-20T17:33:17+00:00\",\"mainEntityOfPage\":{\"@id\":\"https:\\\/\\\/gipuzkoabasket.com\\\/eu\\\/vi-jornadas-sobre-medicina-preparacion-fisica-y-entrenamiento-del-baloncesto\\\/\"},\"wordCount\":438,\"commentCount\":0,\"publisher\":{\"@id\":\"https:\\\/\\\/gipuzkoabasket.com\\\/eu\\\/#organization\"},\"image\":{\"@id\":\"https:\\\/\\\/gipuzkoabasket.com\\\/eu\\\/vi-jornadas-sobre-medicina-preparacion-fisica-y-entrenamiento-del-baloncesto\\\/#primaryimage\"},\"thumbnailUrl\":\"https:\\\/\\\/gipuzkoabasket.com\\\/wp-content\\\/uploads\\\/2019\\\/06\\\/jornadasmedicina.jpg\",\"articleSection\":[\"Hemeroteka\",\"Kluba\",\"Soziala\"],\"inLanguage\":\"eu-ES\",\"potentialAction\":[{\"@type\":\"CommentAction\",\"name\":\"Comment\",\"target\":[\"https:\\\/\\\/gipuzkoabasket.com\\\/eu\\\/vi-jornadas-sobre-medicina-preparacion-fisica-y-entrenamiento-del-baloncesto\\\/#respond\"]}]},{\"@type\":\"WebPage\",\"@id\":\"https:\\\/\\\/gipuzkoabasket.com\\\/eu\\\/vi-jornadas-sobre-medicina-preparacion-fisica-y-entrenamiento-del-baloncesto\\\/\",\"url\":\"https:\\\/\\\/gipuzkoabasket.com\\\/eu\\\/vi-jornadas-sobre-medicina-preparacion-fisica-y-entrenamiento-del-baloncesto\\\/\",\"name\":\"VI JORNADAS SOBRE MEDICINA, PREPARACI\u00d3N F\u00cdSICA Y ENTRENAMIENTO DEL BALONCESTO |\u00a0 Gipuzkoa Basket\",\"isPartOf\":{\"@id\":\"https:\\\/\\\/gipuzkoabasket.com\\\/eu\\\/#website\"},\"primaryImageOfPage\":{\"@id\":\"https:\\\/\\\/gipuzkoabasket.com\\\/eu\\\/vi-jornadas-sobre-medicina-preparacion-fisica-y-entrenamiento-del-baloncesto\\\/#primaryimage\"},\"image\":{\"@id\":\"https:\\\/\\\/gipuzkoabasket.com\\\/eu\\\/vi-jornadas-sobre-medicina-preparacion-fisica-y-entrenamiento-del-baloncesto\\\/#primaryimage\"},\"thumbnailUrl\":\"https:\\\/\\\/gipuzkoabasket.com\\\/wp-content\\\/uploads\\\/2019\\\/06\\\/jornadasmedicina.jpg\",\"datePublished\":\"2019-06-17T10:55:37+00:00\",\"dateModified\":\"2023-11-20T17:33:17+00:00\",\"description\":\"Gipuzkoa.Gipuzkoa Basket Club |\u00a0Los triples nos vuelven locos, \u00bfa ti no? | 943 444 428 \u00b7 gipuzkoabasket@gipuzkoabasket.com\",\"breadcrumb\":{\"@id\":\"https:\\\/\\\/gipuzkoabasket.com\\\/eu\\\/vi-jornadas-sobre-medicina-preparacion-fisica-y-entrenamiento-del-baloncesto\\\/#breadcrumb\"},\"inLanguage\":\"eu-ES\",\"potentialAction\":[{\"@type\":\"ReadAction\",\"target\":[\"https:\\\/\\\/gipuzkoabasket.com\\\/eu\\\/vi-jornadas-sobre-medicina-preparacion-fisica-y-entrenamiento-del-baloncesto\\\/\"]}]},{\"@type\":\"ImageObject\",\"inLanguage\":\"eu-ES\",\"@id\":\"https:\\\/\\\/gipuzkoabasket.com\\\/eu\\\/vi-jornadas-sobre-medicina-preparacion-fisica-y-entrenamiento-del-baloncesto\\\/#primaryimage\",\"url\":\"https:\\\/\\\/gipuzkoabasket.com\\\/wp-content\\\/uploads\\\/2019\\\/06\\\/jornadasmedicina.jpg\",\"contentUrl\":\"https:\\\/\\\/gipuzkoabasket.com\\\/wp-content\\\/uploads\\\/2019\\\/06\\\/jornadasmedicina.jpg\",\"width\":676,\"height\":399},{\"@type\":\"BreadcrumbList\",\"@id\":\"https:\\\/\\\/gipuzkoabasket.com\\\/eu\\\/vi-jornadas-sobre-medicina-preparacion-fisica-y-entrenamiento-del-baloncesto\\\/#breadcrumb\",\"itemListElement\":[{\"@type\":\"ListItem\",\"position\":1,\"name\":\"Portada\",\"item\":\"https:\\\/\\\/gipuzkoabasket.com\\\/eu\\\/\"},{\"@type\":\"ListItem\",\"position\":2,\"name\":\"VI JORNADAS SOBRE MEDICINA, PREPARACI\u00d3N F\u00cdSICA Y ENTRENAMIENTO DEL BALONCESTO\"}]},{\"@type\":\"WebSite\",\"@id\":\"https:\\\/\\\/gipuzkoabasket.com\\\/eu\\\/#website\",\"url\":\"https:\\\/\\\/gipuzkoabasket.com\\\/eu\\\/\",\"name\":\"Gipuzkoa Basket Club\",\"description\":\"Toda la actualidad del club\",\"publisher\":{\"@id\":\"https:\\\/\\\/gipuzkoabasket.com\\\/eu\\\/#organization\"},\"potentialAction\":[{\"@type\":\"SearchAction\",\"target\":{\"@type\":\"EntryPoint\",\"urlTemplate\":\"https:\\\/\\\/gipuzkoabasket.com\\\/eu\\\/?s={search_term_string}\"},\"query-input\":{\"@type\":\"PropertyValueSpecification\",\"valueRequired\":true,\"valueName\":\"search_term_string\"}}],\"inLanguage\":\"eu-ES\"},{\"@type\":\"Organization\",\"@id\":\"https:\\\/\\\/gipuzkoabasket.com\\\/eu\\\/#organization\",\"name\":\"Gipuzkoa Basket Club\",\"alternateName\":\"Gipuzkoa Basket\",\"url\":\"https:\\\/\\\/gipuzkoabasket.com\\\/eu\\\/\",\"logo\":{\"@type\":\"ImageObject\",\"inLanguage\":\"eu-ES\",\"@id\":\"https:\\\/\\\/gipuzkoabasket.com\\\/eu\\\/#\\\/schema\\\/logo\\\/image\\\/\",\"url\":\"https:\\\/\\\/gipuzkoabasket.com\\\/wp-content\\\/uploads\\\/2023\\\/07\\\/LOGO-GBC-300x300-1.png\",\"contentUrl\":\"https:\\\/\\\/gipuzkoabasket.com\\\/wp-content\\\/uploads\\\/2023\\\/07\\\/LOGO-GBC-300x300-1.png\",\"width\":300,\"height\":300,\"caption\":\"Gipuzkoa Basket Club\"},\"image\":{\"@id\":\"https:\\\/\\\/gipuzkoabasket.com\\\/eu\\\/#\\\/schema\\\/logo\\\/image\\\/\"}},{\"@type\":\"Person\",\"@id\":\"https:\\\/\\\/gipuzkoabasket.com\\\/eu\\\/#\\\/schema\\\/person\\\/bd3551d543ad11d210e99773b69631a0\",\"name\":\"Gipuzkoa Basket\",\"image\":{\"@type\":\"ImageObject\",\"inLanguage\":\"eu-ES\",\"@id\":\"https:\\\/\\\/secure.gravatar.com\\\/avatar\\\/e5b959b6b0321efa5df7c766774c837369fb264465d34f031005235bf80ef231?s=96&d=mm&r=g\",\"url\":\"https:\\\/\\\/secure.gravatar.com\\\/avatar\\\/e5b959b6b0321efa5df7c766774c837369fb264465d34f031005235bf80ef231?s=96&d=mm&r=g\",\"contentUrl\":\"https:\\\/\\\/secure.gravatar.com\\\/avatar\\\/e5b959b6b0321efa5df7c766774c837369fb264465d34f031005235bf80ef231?s=96&d=mm&r=g\",\"caption\":\"Gipuzkoa Basket\"},\"url\":\"https:\\\/\\\/gipuzkoabasket.com\\\/eu\\\/author\\\/gipuzkoa-basket\\\/\"}]}<\/script>\n<!-- \/ Yoast SEO plugin. -->","yoast_head_json":{"title":"VI JORNADAS SOBRE MEDICINA, PREPARACI\u00d3N F\u00cdSICA Y ENTRENAMIENTO DEL BALONCESTO |\u00a0 Gipuzkoa Basket","description":"Gipuzkoa.Gipuzkoa Basket Club |\u00a0Los triples nos vuelven locos, \u00bfa ti no? | 943 444 428 \u00b7 gipuzkoabasket@gipuzkoabasket.com","robots":{"index":"index","follow":"follow","max-snippet":"max-snippet:-1","max-image-preview":"max-image-preview:large","max-video-preview":"max-video-preview:-1"},"canonical":"https:\/\/gipuzkoabasket.com\/eu\/vi-jornadas-sobre-medicina-preparacion-fisica-y-entrenamiento-del-baloncesto\/","og_locale":"eu_ES","og_type":"article","og_title":"VI JORNADAS SOBRE MEDICINA, PREPARACI\u00d3N F\u00cdSICA Y ENTRENAMIENTO DEL BALONCESTO |\u00a0 Gipuzkoa Basket","og_description":"Gipuzkoa.Gipuzkoa Basket Club |\u00a0Los triples nos vuelven locos, \u00bfa ti no? | 943 444 428 \u00b7 gipuzkoabasket@gipuzkoabasket.com","og_url":"https:\/\/gipuzkoabasket.com\/eu\/vi-jornadas-sobre-medicina-preparacion-fisica-y-entrenamiento-del-baloncesto\/","og_site_name":"Gipuzkoa Basket Club","article_published_time":"2019-06-17T10:55:37+00:00","article_modified_time":"2023-11-20T17:33:17+00:00","og_image":[{"width":676,"height":399,"url":"https:\/\/gipuzkoabasket.com\/wp-content\/uploads\/2019\/06\/jornadasmedicina.jpg","type":"image\/jpeg"}],"author":"Gipuzkoa Basket","twitter_card":"summary_large_image","twitter_misc":{"Written by":"Gipuzkoa Basket","Est. reading time":"2 minutes"},"schema":{"@context":"https:\/\/schema.org","@graph":[{"@type":"Article","@id":"https:\/\/gipuzkoabasket.com\/eu\/vi-jornadas-sobre-medicina-preparacion-fisica-y-entrenamiento-del-baloncesto\/#article","isPartOf":{"@id":"https:\/\/gipuzkoabasket.com\/eu\/vi-jornadas-sobre-medicina-preparacion-fisica-y-entrenamiento-del-baloncesto\/"},"author":{"name":"Gipuzkoa Basket","@id":"https:\/\/gipuzkoabasket.com\/eu\/#\/schema\/person\/bd3551d543ad11d210e99773b69631a0"},"headline":"VI JORNADAS SOBRE MEDICINA, PREPARACI\u00d3N F\u00cdSICA Y ENTRENAMIENTO DEL BALONCESTO","datePublished":"2019-06-17T10:55:37+00:00","dateModified":"2023-11-20T17:33:17+00:00","mainEntityOfPage":{"@id":"https:\/\/gipuzkoabasket.com\/eu\/vi-jornadas-sobre-medicina-preparacion-fisica-y-entrenamiento-del-baloncesto\/"},"wordCount":438,"commentCount":0,"publisher":{"@id":"https:\/\/gipuzkoabasket.com\/eu\/#organization"},"image":{"@id":"https:\/\/gipuzkoabasket.com\/eu\/vi-jornadas-sobre-medicina-preparacion-fisica-y-entrenamiento-del-baloncesto\/#primaryimage"},"thumbnailUrl":"https:\/\/gipuzkoabasket.com\/wp-content\/uploads\/2019\/06\/jornadasmedicina.jpg","articleSection":["Hemeroteka","Kluba","Soziala"],"inLanguage":"eu-ES","potentialAction":[{"@type":"CommentAction","name":"Comment","target":["https:\/\/gipuzkoabasket.com\/eu\/vi-jornadas-sobre-medicina-preparacion-fisica-y-entrenamiento-del-baloncesto\/#respond"]}]},{"@type":"WebPage","@id":"https:\/\/gipuzkoabasket.com\/eu\/vi-jornadas-sobre-medicina-preparacion-fisica-y-entrenamiento-del-baloncesto\/","url":"https:\/\/gipuzkoabasket.com\/eu\/vi-jornadas-sobre-medicina-preparacion-fisica-y-entrenamiento-del-baloncesto\/","name":"VI JORNADAS SOBRE MEDICINA, PREPARACI\u00d3N F\u00cdSICA Y ENTRENAMIENTO DEL BALONCESTO |\u00a0 Gipuzkoa Basket","isPartOf":{"@id":"https:\/\/gipuzkoabasket.com\/eu\/#website"},"primaryImageOfPage":{"@id":"https:\/\/gipuzkoabasket.com\/eu\/vi-jornadas-sobre-medicina-preparacion-fisica-y-entrenamiento-del-baloncesto\/#primaryimage"},"image":{"@id":"https:\/\/gipuzkoabasket.com\/eu\/vi-jornadas-sobre-medicina-preparacion-fisica-y-entrenamiento-del-baloncesto\/#primaryimage"},"thumbnailUrl":"https:\/\/gipuzkoabasket.com\/wp-content\/uploads\/2019\/06\/jornadasmedicina.jpg","datePublished":"2019-06-17T10:55:37+00:00","dateModified":"2023-11-20T17:33:17+00:00","description":"Gipuzkoa.Gipuzkoa Basket Club |\u00a0Los triples nos vuelven locos, \u00bfa ti no? | 943 444 428 \u00b7 gipuzkoabasket@gipuzkoabasket.com","breadcrumb":{"@id":"https:\/\/gipuzkoabasket.com\/eu\/vi-jornadas-sobre-medicina-preparacion-fisica-y-entrenamiento-del-baloncesto\/#breadcrumb"},"inLanguage":"eu-ES","potentialAction":[{"@type":"ReadAction","target":["https:\/\/gipuzkoabasket.com\/eu\/vi-jornadas-sobre-medicina-preparacion-fisica-y-entrenamiento-del-baloncesto\/"]}]},{"@type":"ImageObject","inLanguage":"eu-ES","@id":"https:\/\/gipuzkoabasket.com\/eu\/vi-jornadas-sobre-medicina-preparacion-fisica-y-entrenamiento-del-baloncesto\/#primaryimage","url":"https:\/\/gipuzkoabasket.com\/wp-content\/uploads\/2019\/06\/jornadasmedicina.jpg","contentUrl":"https:\/\/gipuzkoabasket.com\/wp-content\/uploads\/2019\/06\/jornadasmedicina.jpg","width":676,"height":399},{"@type":"BreadcrumbList","@id":"https:\/\/gipuzkoabasket.com\/eu\/vi-jornadas-sobre-medicina-preparacion-fisica-y-entrenamiento-del-baloncesto\/#breadcrumb","itemListElement":[{"@type":"ListItem","position":1,"name":"Portada","item":"https:\/\/gipuzkoabasket.com\/eu\/"},{"@type":"ListItem","position":2,"name":"VI JORNADAS SOBRE MEDICINA, PREPARACI\u00d3N F\u00cdSICA Y ENTRENAMIENTO DEL BALONCESTO"}]},{"@type":"WebSite","@id":"https:\/\/gipuzkoabasket.com\/eu\/#website","url":"https:\/\/gipuzkoabasket.com\/eu\/","name":"Gipuzkoa Basket Club","description":"Toda la actualidad del club","publisher":{"@id":"https:\/\/gipuzkoabasket.com\/eu\/#organization"},"potentialAction":[{"@type":"SearchAction","target":{"@type":"EntryPoint","urlTemplate":"https:\/\/gipuzkoabasket.com\/eu\/?s={search_term_string}"},"query-input":{"@type":"PropertyValueSpecification","valueRequired":true,"valueName":"search_term_string"}}],"inLanguage":"eu-ES"},{"@type":"Organization","@id":"https:\/\/gipuzkoabasket.com\/eu\/#organization","name":"Gipuzkoa Basket Club","alternateName":"Gipuzkoa Basket","url":"https:\/\/gipuzkoabasket.com\/eu\/","logo":{"@type":"ImageObject","inLanguage":"eu-ES","@id":"https:\/\/gipuzkoabasket.com\/eu\/#\/schema\/logo\/image\/","url":"https:\/\/gipuzkoabasket.com\/wp-content\/uploads\/2023\/07\/LOGO-GBC-300x300-1.png","contentUrl":"https:\/\/gipuzkoabasket.com\/wp-content\/uploads\/2023\/07\/LOGO-GBC-300x300-1.png","width":300,"height":300,"caption":"Gipuzkoa Basket Club"},"image":{"@id":"https:\/\/gipuzkoabasket.com\/eu\/#\/schema\/logo\/image\/"}},{"@type":"Person","@id":"https:\/\/gipuzkoabasket.com\/eu\/#\/schema\/person\/bd3551d543ad11d210e99773b69631a0","name":"Gipuzkoa Basket","image":{"@type":"ImageObject","inLanguage":"eu-ES","@id":"https:\/\/secure.gravatar.com\/avatar\/e5b959b6b0321efa5df7c766774c837369fb264465d34f031005235bf80ef231?s=96&d=mm&r=g","url":"https:\/\/secure.gravatar.com\/avatar\/e5b959b6b0321efa5df7c766774c837369fb264465d34f031005235bf80ef231?s=96&d=mm&r=g","contentUrl":"https:\/\/secure.gravatar.com\/avatar\/e5b959b6b0321efa5df7c766774c837369fb264465d34f031005235bf80ef231?s=96&d=mm&r=g","caption":"Gipuzkoa Basket"},"url":"https:\/\/gipuzkoabasket.com\/eu\/author\/gipuzkoa-basket\/"}]}},"_links":{"self":[{"href":"https:\/\/gipuzkoabasket.com\/eu\/wp-json\/wp\/v2\/posts\/5784","targetHints":{"allow":["GET"]}}],"collection":[{"href":"https:\/\/gipuzkoabasket.com\/eu\/wp-json\/wp\/v2\/posts"}],"about":[{"href":"https:\/\/gipuzkoabasket.com\/eu\/wp-json\/wp\/v2\/types\/post"}],"author":[{"embeddable":true,"href":"https:\/\/gipuzkoabasket.com\/eu\/wp-json\/wp\/v2\/users\/2"}],"replies":[{"embeddable":true,"href":"https:\/\/gipuzkoabasket.com\/eu\/wp-json\/wp\/v2\/comments?post=5784"}],"version-history":[{"count":1,"href":"https:\/\/gipuzkoabasket.com\/eu\/wp-json\/wp\/v2\/posts\/5784\/revisions"}],"predecessor-version":[{"id":21655,"href":"https:\/\/gipuzkoabasket.com\/eu\/wp-json\/wp\/v2\/posts\/5784\/revisions\/21655"}],"wp:featuredmedia":[{"embeddable":true,"href":"https:\/\/gipuzkoabasket.com\/eu\/wp-json\/wp\/v2\/media\/5786"}],"wp:attachment":[{"href":"https:\/\/gipuzkoabasket.com\/eu\/wp-json\/wp\/v2\/media?parent=5784"}],"wp:term":[{"taxonomy":"category","embeddable":true,"href":"https:\/\/gipuzkoabasket.com\/eu\/wp-json\/wp\/v2\/categories?post=5784"},{"taxonomy":"post_tag","embeddable":true,"href":"https:\/\/gipuzkoabasket.com\/eu\/wp-json\/wp\/v2\/tags?post=5784"}],"curies":[{"name":"wp","href":"https:\/\/api.w.org\/{rel}","templated":true}]}}