{"id":8012,"date":"2020-10-15T16:44:24","date_gmt":"2020-10-15T14:44:24","guid":{"rendered":"https:\/\/www.gipuzkoabasket.com\/?p=8012\/"},"modified":"2023-11-20T18:36:37","modified_gmt":"2023-11-20T17:36:37","slug":"jaime-echenique-el-orgullo-de-barranquilla","status":"publish","type":"post","link":"https:\/\/gipuzkoabasket.com\/eu\/jaime-echenique-el-orgullo-de-barranquilla\/","title":{"rendered":"JAIME ECHENIQUE, EL ORGULLO DE BARRANQUILLA"},"content":{"rendered":"<header class=\"info_autor\">\n<div class=\"datos_autor\">\n<h4 class=\"roboto_medium\">\u00c1lvaro Paricio \/ @ACBCOM<\/h4>\n<p>&nbsp;<\/p>\n<\/div>\n<\/header>\n<div class=\"contenido_articulo texto roboto_light\">\n<p>Barranquilla es una de las joyas de Colombia, una zona tur\u00edstica de preferencia gracias a su proximidad al caribe y por tener uno de los carnavales m\u00e1s famosos en el mundo. Su gente es amable y su car\u00e1cter acogedor hace que el visitante pronto se sienta como en casa. Su fama es, adem\u00e1s, internacional por la popularidad que le ha ofrecido la cantante\u00a0<strong>Shakira<\/strong>, pero, poco o nada se sabe sobre su baloncesto.<\/p>\n<p>En un pa\u00eds donde los ni\u00f1os sue\u00f1an con golpear la pelota, marcar goles o dar pedaladas, el baloncesto es un redil al que pocos acuden. Barranquilla es cuna de grandes deportistas como\u00a0<strong>Edgar Renter\u00eda<\/strong>\u00a0o\u00a0<strong>Te\u00f3filo Guti\u00e9rrez<\/strong>, pero sus p\u00e1ginas de baloncesto est\u00e1n por escribir, Colombia est\u00e1 lejos de ser una potencia a nivel continental y son pocos los referentes que como\u00a0<strong>Juan Palacios<\/strong>\u00a0ponen al pa\u00eds dentro de la geograf\u00eda baloncest\u00edstica. Sin referentes y con pocos medios pr\u00f3ximos, es dif\u00edcil captar el talento aunque, en ocasiones, la suerte echa una mano. Es el caso de\u00a0<strong>Jaime Echenique<\/strong>, p\u00edvot de Acunsa GBC, quien encontr\u00f3 por casualidad el deporte de la canasta.<\/p>\n<p>Hijo de la clase obrera, su origen humilde condicion\u00f3 su infancia. Su madre,\u00a0<strong>Lidis<\/strong>, trabaja de chef en un restaurante conocido de Colombia y su padre,\u00a0<strong>Jaime<\/strong>, es conductor en la empresa de transporte p\u00fablico de la ciudad. Dos trabajadores incansables que invirtieron muchas horas para traer dinero a casa y conseguir que no faltar\u00e1 ni un plato de comida ni un detalle de felicidad en su hogar. El precio que pagaron por ello fue su prolongada ausencia diaria. \u201c<strong>Los dos son trabajadores de sol a sol y hasta la noche no los sol\u00eda ver. Eso hizo que tuviera mucho tiempo libre y yo mismo me inculqu\u00e9 que ten\u00eda que salir de ciertas cosas malas que estaban pasando y me refugi\u00e9 en el deporte porque no quer\u00eda dar malos pasos ni rodearme de malas personas<\/strong>\u201d, nos confiesa. Jaime pod\u00eda despertarse y sentir la falta de sus padres, y acostarse sin que ellos hubieran regresado de sus interminables jornadas de trabajo. Hubo d\u00edas donde sab\u00eda que ellos estaban pero no los pod\u00eda abrazar.<\/p>\n<p>Durante sus horas libres, Jaime jugaba al b\u00e9isbol como primera base. Junto a su primo jugaba en el Once de Septiembre y mataba el tiempo en los campos de b\u00e9isbol mientras intentaba calmar el \u00edmpetu de su juventud. \u201c<strong>No crec\u00ed con esa sensaci\u00f3n de que mis padres estuvieran pendientes de m\u00ed, sino que tuve que aprender a tomar mis propias decisiones y a sobrevivir por m\u00ed mismo. En cierta manera, aprend\u00ed de mis errores. En mi barrio hab\u00eda confrontaciones entre varias personas en las cuales no quer\u00eda verme involucrado y por ello siempre busqu\u00e9 el deporte para salir de todo ello<\/strong>\u201d, cuenta.<\/p>\n<p>El b\u00e9isbol parec\u00eda ser su destino hasta que, con 12 a\u00f1os, un cambio en su plan de estudios y un cartel colocado a la puerta del gimnasio lo cambiaron. Aquel anuncio que buscaba reclutar chicos para el equipo de baloncesto capt\u00f3 su atenci\u00f3n y la de sus amigos, y la curiosidad obr\u00f3 que dieran el primer paso. \u201c<strong>Yo y un grupo de amigos decidimos meternos y probar. \u00c9ramos un grupo muy unido porque desde el jard\u00edn de infancia hasta el bachiller fuimos juntos exceptuando un momento en el que cambi\u00e9 de colegio. \u00c9ramos un grupo muy unido y en esa uni\u00f3n nos dijimos: \u2018bueno, vamos a ver qu\u00e9 pasa\u2019 y no metimos en el equipo de baloncesto<\/strong>\u201d, recuerda.<\/p>\n<div class=\"tagfoto_centro float-left\">\n<div class=\"posrel float-left\">\n<p><img decoding=\"async\" src=\"http:\/\/www.acb.com\/Documentos\/Static\/304892scr-39296.jpg\" alt=\"Jaime Echenique\" \/><\/p>\n<div class=\"fotografo roboto\">\u00a9 Jaime Echenique<\/div>\n<\/div>\n<\/div>\n<p>Jaime quiso entrar en el equipo aunque su talento estuviera muy lejos de otros chicos que le aventajaban por a\u00f1os de pr\u00e1ctica. Tampoco es que se tomara en serio lo que era una afici\u00f3n y reconoce que era lo bastante malo para tener que pagar por jugar torneos donde pod\u00eda jugar poco o nada. \u201c<strong>Nunca tom\u00e9 el deporte con seriedad hasta que tuve 15 o 16 a\u00f1os y crec\u00ed mucho, resalt\u00e9 en mi categor\u00eda y comenc\u00e9 a jugar con mayores. Al principio lo tem\u00e9 como algo pasajero, yo no iba todos los d\u00edas a entrenar, me lo dejaba, regresaba un mes despu\u00e9s\u2026 Al principio era algo ef\u00edmero para m\u00ed. Despu\u00e9s vi los resultados y apareci\u00f3 una persona que cambi\u00f3 mi vida<\/strong>\u201d, nos descubre. Un estir\u00f3n le cambi\u00f3 por fuera, pero\u00a0<strong>Will Rolong<\/strong>, el padre de uno de sus compa\u00f1eros, posibilit\u00f3 la metamorfosis interior.<\/p>\n<p>\u201c<strong>\u00c9l vio esa chispa en m\u00ed, pens\u00f3 que pod\u00eda ser bueno y fue qui\u00e9n me dedic\u00f3 tiempo a entrenar ma\u00f1ana tarde, noche\u2026, el que me puso un plato de comida. El puso empe\u00f1o en mi progreso y, como vio que \u00e9ramos un grupo que est\u00e1bamos muy unidos, decidi\u00f3 tomar las riendas del equipo y juntos ganamos cuatro campeonatos intercolegiales, zonales y fuimos al torneo nacional una vez. \u00c9l fue la persona que m\u00e1s influy\u00f3 en mi carrera y el que puso en m\u00ed la idea de que pod\u00eda ser un buen jugador<\/strong>\u201d, cuenta. Al cambio tambi\u00e9n ayud\u00f3 el cambio f\u00edsico que experiment\u00f3. \u201c<strong>En un par\u00f3n de navidad crec\u00ed siete u ocho cent\u00edmetros. Crec\u00ed mucho en muy poco tiempo y mis rodillas lo notaron porque mi cuerpo y mis rodillas no estaban acostumbradas al peso que estaban soportando y estaban d\u00e9biles<\/strong>\u201d.<\/p>\n<p>Las personas pueden tener el talento y la confianza para progresar, pero es imprescindible tener a alguien que, de verdad, conf\u00ede en ello. Jaime la encontr\u00f3 y a cada semana que entrenaba, la distancia con sus compa\u00f1eros se recortaba. En poco tiempo se convirti\u00f3 en el referente del equipo y su nombre empez\u00f3 a sonar entre los entendidos del pa\u00eds.<\/p>\n<div class=\"tagfoto_centro float-left\">\n<div class=\"posrel float-left\">\n<p><img decoding=\"async\" src=\"http:\/\/www.acb.com\/Documentos\/Static\/304901scr-39305.jpg\" alt=\"Jaime Echenique\" \/><\/p>\n<div class=\"fotografo roboto\">\u00a9 Jaime Echenique<\/div>\n<\/div>\n<\/div>\n<p><strong>UNA MARIPOSA DESPLEGANDO SUS ALAS<\/strong><\/p>\n<p>Aunque no fue un proceso ausente de dolor, la mariposa hab\u00eda obrado la transformaci\u00f3n y comenzaba a destacar. Barranquilla se le hab\u00eda quedado peque\u00f1a y decidi\u00f3 viajar a Medell\u00edn para entrenar en la Academia de la Monta\u00f1a donde dio el salto definitivo para ser una de las firmes promesas de Colombia. La decisi\u00f3n, eso s\u00ed, le cost\u00f3 un disgusto en casa puesto que su padre no ve\u00eda una salida profesional en el baloncesto, quer\u00eda que terminara los estudios y ni siquiera le acompa\u00f1\u00f3 al aeropuerto para despedirlo. \u201c<strong>Mi pap\u00e1 siempre quiso velar por mis intereses y quiso que terminar\u00e1 mi educaci\u00f3n, a lo cual yo siempre batall\u00e9 y le ped\u00eda que me dejase jugar al baloncesto. Cuando decido ir a Medell\u00edn para \u00e9l fue muy impactante porque quer\u00eda que hiciera mi carrera universitaria en Colombia pero yo quer\u00eda m\u00e1s. Para \u00e9l fue muy emocional que el var\u00f3n de la casa se fuera y no cumpliera sus sue\u00f1os. Mi mam\u00e1 me dijo que \u00e9l no pudo contenerse y no pudo imaginarse mi marcha porque \u00e9l y yo estamos muy unidos. Es mi mejor amigo y en estos a\u00f1os hemos desarrollado una comunicaci\u00f3n muy grande. Con el tiempo me explic\u00f3 aquellos momentos y s\u00e9 que fue muy duro para \u00e9l que yo abandonara la casa. \u00c9l sab\u00eda que era mi sue\u00f1o, que me ten\u00eda que dejar volar y no me pod\u00eda retener<\/strong>\u201d, nos revela.<\/p>\n<p>En la era de la informaci\u00f3n, las noticias sobre su rendimiento corrieron por el mundillo del baloncesto y llegaron ofertas de Europa para que terminara su formaci\u00f3n en el viejo continente y as\u00ed encaminar su paso al profesionalismo. \u201c<strong>Durante mi estancia en la Academia de Medell\u00edn varios agentes espa\u00f1oles vinieron a verme y surgi\u00f3 la posibilidad de venir al Barcelona. En ese momento tambi\u00e9n ten\u00eda ofertas de universidades en Estados Unidos y mi pap\u00e1 me dijo: &#8220;quiero que termines tus estudios y entonces puedes hacer lo que quieras, pero terminas tus estudios. Entonces decid\u00ed ir a Estados Unidos y prepararme<\/strong>\u201d, cuenta. Esta vez cumplir\u00eda los deseos paternos mientras hacia realidad los suyos propios.<\/p>\n<div class=\"tagfoto_centro float-left\">\n<div class=\"posrel float-left\">\n<p><img decoding=\"async\" src=\"http:\/\/www.acb.com\/Documentos\/Static\/304904scr-39308.jpg\" alt=\"Jaime Echenique\" \/><\/p>\n<div class=\"fotografo roboto\">\u00a9 Jaime Echenique<\/div>\n<\/div>\n<\/div>\n<p>Aterriz\u00f3 en Estados Unidos para unirse al Trinity Valley Community College en Athens, Texas. Una instituci\u00f3n acad\u00e9mica menor donde el objetivo fue aclimatarse al pa\u00eds (se gradu\u00f3 en artes liberales) y al baloncesto porque apenas sab\u00eda ingl\u00e9s y su f\u00edsico no estaba preparado para una competici\u00f3n que le exig\u00eda correr mucho y una capacidad atl\u00e9tica de la que carec\u00eda. Sobre el parqu\u00e9 su talento le permit\u00eda resaltar y ofrec\u00eda a sus entrenadores la paciencia necesaria para seguir confiando en su juego; fuera de la pista la presencia de dos compa\u00f1eros colombianos con los que coincidi\u00f3 previamente amortigu\u00f3 el impacto de su aterrizaje. \u201c<strong>Cuando llegu\u00e9 la primera impresi\u00f3n en Texas y ver sus autopistas es como si estuviera en el Grand Theft Auto, no me lo pod\u00eda creer. Hablaba m\u00e1s o menos ingl\u00e9s\u2026 lo necesario. Por suerte, encontr\u00e9 dos grandes amigos que conoc\u00eda y hab\u00edamos jugado en Colombia ellos fueron mis conectores y quienes facilitaron el camino entre ambas culturas. Sin ellos, yo me hubiera regresado a Colombia<\/strong>\u201d, reconoce.<\/p>\n<p>Sin tapujos, Jaime cuenta que lo que hoy es alegr\u00eda antes fue duda. Para llegar a su brillante realidad antes tuvo que atravesar pasajes de oscuridad y hacerlo en silencio porque no quer\u00eda preocupar a sus seres m\u00e1s queridos. \u201c<strong>Yo cuando decido salir de casa me propuse que jam\u00e1s llamar\u00eda a mis padres a pedir dinero o decirles que necesitaba algo, sal\u00ed de casa para ser independiente y no dar dolores de cabeza a mi familia. Hubo ocasiones que no ten\u00eda dinero o com\u00eda temprano y a la noche me ven\u00eda el hambre\u2026 cosas que a veces te frustran. No es lo mismo estar en casa y decirles que necesitas algo a estar lejos. Yo no quer\u00eda hacerles sentir que pasaba hambre. Hubo algunos secretos que yo no les cont\u00e9 porque no quer\u00eda preocuparles. A veces yo estaba llorando de la impotencia, me llamaban y me secaba las l\u00e1grimas mientras habl\u00e1bamos, luego colgaba y otra vez me pon\u00eda a llorar<\/strong>\u201d, confiesa.<\/p>\n<p>Pudo desandar el camino, pero eso no iba con su car\u00e1cter. Su fuerza de voluntad y su optimismo son herencia directa del lugar donde se crio. En la pista es f\u00e1cil verle con una sonrisa, rara vez protesta a los \u00e1rbitros y no le falta gratitud por el camino que Dios le ha puesto delante. Para Jaime, \u201c<strong>Dios siempre ha puesto algo o a alguien que me recuerda lo bonito de la vida y ver el lado positivo de las cosas. Todo eso me motiva seguir adelante y como dicen en el Rey Le\u00f3n: Hakuna Matata, disfruta la vida y s\u00e9 feliz<\/strong>\u201d.<\/p>\n<div class=\"tagfoto_centro float-left\">\n<div class=\"posrel float-left\">\n<p><img decoding=\"async\" src=\"http:\/\/www.acb.com\/Documentos\/Static\/304910scr-39314.jpg\" alt=\"Jaime Echenique\" \/><\/p>\n<div class=\"fotografo roboto\">\u00a9 Jaime Echenique<\/div>\n<\/div>\n<\/div>\n<p>Dos a\u00f1os con s\u00f3lidas actuaciones (en su segundo a\u00f1o promedi\u00f3 9,1 puntos y 6,1 rebotes) lo dejaron en una situaci\u00f3n a la expectativa de lo que otras universidades de primera divisi\u00f3n pudieran hacer. Le llegaron algunas ofertas de universidades de la primera divisi\u00f3n pero, nuevamente la suerte, decidi\u00f3 que su destino fuera Wichita State.<\/p>\n<p>Su t\u00e9cnico,\u00a0<strong>Gregg Marshall<\/strong>, lo reclut\u00f3 despu\u00e9s de asistir a un campamento que\u00a0<strong>Jerry Mullens<\/strong>\u00a0realiza con los mejores jugadores universitarios. La casualidad quiso que ese a\u00f1o el evento se celebrase en Kansas y, mientras intentaban reclutar a\u00a0<strong>Morris Udeze<\/strong>\u00a0y\u00a0<strong>Isaiah Poor Bear-Chandler<\/strong>, apareci\u00f3 la oportunidad de reclutar al p\u00edvot colombiano. \u201c<strong>Ten\u00edamos la oportunidad de conseguirlo, pero su gente no estaba segura de que pudiera jugar para nosotros. Ni siquiera fue titular en su equipo de\u00a0<em>college<\/em>. Sab\u00eda lo que hab\u00eda visto durante el fin de semana, me gust\u00f3 y lo fich\u00e9. Incluso en primavera hablaron de &#8216;\u00bfEst\u00e1s seguro de que lo quieres?&#8217; y dije &#8216;S\u00ed&#8217;. Me alegro de que nos mantuvi\u00e9ramos firmes y de que \u00e9l cumpliera su compromiso<\/strong>\u201d, recordaba un Gregg Marshall que no duda en reconocer que \u201c<strong>tuvimos suerte<\/strong>\u201d.<\/p>\n<p>Despu\u00e9s de un buen primer a\u00f1o en el Junior College, Jaime recibi\u00f3 la invitaci\u00f3n del campus de Jerry Mullens donde se reun\u00edan los 100 proyectos de sophomores del pa\u00eds, una oportunidad excepcional para dejarse ver y atraer el inter\u00e9s de las principales universidades del pa\u00eds. \u201c<strong>Ya ten\u00eda ofertas de universidades pero sin nada en concreto, incluso ten\u00eda oferta de Wichita State a ra\u00edz de un torneo regional, es decir, ya la ten\u00eda muy en mente porque conoc\u00eda la ciudad. En ese campus no estaba en muy buena condici\u00f3n f\u00edsica, pero me prepar\u00e9 durante dos semanas, mi entrenador me dijo que en este torneo los ojeadores solo buscaban que yo sumara cifras as\u00ed que ten\u00eda que anotar, rebotear, correr la cancha\u2026 hacer cosas simples. Me lo met\u00ed en la cabeza, lo hice y me fue muy bien. En el camino de vuelta a mi Junior College hab\u00eda como ocho horas y el tel\u00e9fono de mi entrenador no dej\u00f3 sonar. Ten\u00eda ofertas de Cincinnati, New Mexico, Illinois, Western Kentucky, Baylor o Texas A&amp;M\u2026 todas se sorprendieron de lo que hab\u00eda hecho. Fue algo muy gratificante<\/strong>\u201d.<\/p>\n<div class=\"tagfoto_centro float-left\">\n<div class=\"posrel float-left\">\n<p><img decoding=\"async\" src=\"http:\/\/www.acb.com\/Documentos\/Static\/304913scr-39317.jpg\" alt=\"Jaime Echenique\" \/><\/p>\n<div class=\"fotografo roboto\">\u00a9 Jaime Echenique<\/div>\n<\/div>\n<\/div>\n<p><strong>LAS PIEDRAS EN EL CAMINO<\/strong><\/p>\n<p>Parec\u00eda que su carrera hab\u00eda tomado un impulso definitivo, pero realmente no hay atajos para el \u00e9xito y nuevamente la vida le puso doblemente a prueba. Jaime ten\u00eda las habilidades, pero desde el cuerpo t\u00e9cnico hab\u00eda dudas sobre su dureza f\u00edsica y resistencia para competir en la NCAA. Para compensar la endeblez con la que lleg\u00f3, Echenique realiz\u00f3 un programa para ganar musculatura y peso con el que hacer frente a los retos que le iban planteando. En un mes y medio en la universidad gan\u00f3 15 kilos a base de levantar muchas pesas\u2026 y comer mucho. \u201c<strong>Cuando llego a Wichita pesaba 98 kilos, creo que era el poste m\u00e1s liviano en la NCAA I, adem\u00e1s los entrenamientos no me estaban yendo muy bien. Entonces, mi entrenador de pesas me puso la tarea de ganar peso durante el verano. Fueron dos meses donde era: comer, entrenar, comer, entrenar\u2026 incluso me llamaban para controlar qu\u00e9 estaba comiendo. Mi primer a\u00f1o fue de mucha adaptaci\u00f3n porque gan\u00e9 mucho peso y mi cuerpo no estaba acostumbrado a ese peso<\/strong>\u201d, dice. En estos tiempos no mucha gente puede decir que le llamaban pidiendo que coma m\u00e1s, normalmente es al rev\u00e9s, pero su metabolismo siempre ha consumido muchas calor\u00edas y la ingesta de alimentos era necesaria para ganar peso f\u00edsico y deportivo en Wichita State.<\/p>\n<p>Sobre la pista la relaci\u00f3n con su t\u00e9cnico se convirti\u00f3 en fundamental y demostr\u00f3 que su decisi\u00f3n de apostar por los\u00a0<em>Shockers<\/em>\u00a0hab\u00eda sido la acertada. \u201c<strong>Yo sab\u00eda lo que necesitaba en mi vida, sab\u00eda que necesitaba a un entrenador que me exigiera, que me pusiera a prueba y fuera una batalla d\u00eda y noche. Que me exigiera como jugador, pero tambi\u00e9n como persona. Gregg Marshall fue una persona muy influyente en mi carrera universitaria porque me exigi\u00f3 mucho, me dio las herramientas pero era mi decisi\u00f3n si las tomaba o no. Creo que mis dos a\u00f1os all\u00ed fueron de mucho crecimiento personal, pero, incluso m\u00e1s importante, de crecimiento como persona<\/strong>\u201d, nos cuenta.<\/p>\n<p>Las palabras de despedida de su entrenador, Gregg Marshall, demuestran la reciprocidad del afecto y atestiguan ese crecimiento como jugador y la val\u00eda como persona. \u201c<strong>Estos dos a\u00f1os han sido un placer. Es el tipo de persona que deseas tener tres o cuatro a\u00f1os en tu programa. Realmente se ha desarrollado como jugador, pero m\u00e1s importante, ha desarrollado su liderazgo. Es un t\u00edo divertido para tener cerca, es muy positivo. Hemos tenido algunas buenas charlas<\/strong>\u201d, cuenta en la web de Wichita State.<\/p>\n<div class=\"videoWrapper\"><iframe loading=\"lazy\" src=\"https:\/\/www.youtube.com\/embed\/9x-dc-fvijg\" width=\"560\" height=\"315\" frameborder=\"0\" allowfullscreen=\"allowfullscreen\" data-mce-fragment=\"1\"><\/iframe><\/div>\n<p>En sus dos a\u00f1os, Jaime Echenique logr\u00f3 ser un jugador importante en la universidad y sus actuaciones le llevaron a ser un jugador cotizado a nivel nacional.\u00a0<strong>John Lucas<\/strong>, entrenador en la universidad, le apod\u00f3\u00a0<em>Baby Duncan<\/em>\u00a0por la similitud de su juego con el de la leyenda de San Antonio Spurs. \u201c<strong>Yo soy soy Jaime Echenique, pero si me comparan con un jugador de referencia como \u00e9l, algo bueno estar\u00e9 haciendo<\/strong>\u201d, dice con una sonrisa. Bueno result\u00f3 ser su esfuerzo por ganar importancia en la zona y la musculatura ganada le ofreci\u00f3 el impulso necesario a un juego de pies superlativo que tiene un origen muy mundano. \u201c<strong>Por naturaleza, por ser latino\u2026 tu aprendes a jugar antes con los pies que las manos. Con el f\u00fatbol, el baile y esas actividades t\u00fa eres muy coordinado y a m\u00ed me ayudaron a desarrollar un buen movimiento de piernas<\/strong>\u201d, dice con una sonrisa. Pero en esta modernidad del baloncesto un p\u00edvot no puede destacar sin el tiro exterior y Jaime ha ido implementado un certero lanzamiento exterior.<\/p>\n<p>Si bien durante los dos primeros a\u00f1os en Estados Unidos s\u00f3lo anot\u00f3 dos triples, en su \u00faltimo a\u00f1o firm\u00f3 un 12 de 31 (38,7%). La clave del cambio est\u00e1 en la confianza que su t\u00e9cnico siempre mostr\u00f3 en su mec\u00e1nica de lanzamiento. \u201c<strong>Siempre he sido un buen lanzador y \u00e9l lo sab\u00eda. Vio mi mec\u00e1nica y me dijo que, si desarrollaba mi lanzamiento a larga distancia, ten\u00eda luz verde para lanzar. Incluso en mi primer a\u00f1o lanc\u00e9 m\u00e1s triples; en el segundo dominaba la pintura y pensaba \u2018\u00bfme voy a quedar aqu\u00ed, para qu\u00e9 voy a salir?\u2019. No le di tanta importancia a lanzar de tres y me enfoqu\u00e9 m\u00e1s en la pintura<\/strong>\u201d, se\u00f1ala.<\/p>\n<div class=\"tagfoto_centro float-left\">\n<div class=\"posrel float-left\">\n<p><img decoding=\"async\" src=\"http:\/\/www.acb.com\/Documentos\/Static\/303923scr-39329.jpg\" alt=\"acb Photo\/O. Araujo\" \/><\/p>\n<div class=\"fotografo roboto\">\u00a9 acb Photo\/O. Araujo<\/div>\n<\/div>\n<\/div>\n<p>Despu\u00e9s de cerrar su ciclo universitario licenci\u00e1ndose en psicolog\u00eda y destacar sobre el parqu\u00e9 siendo el m\u00e1ximo anotador (11,3), reboteador (7,1) y taponador (1,6) del equipo, Jaime lamenta no haber podido cumplir el objetivo de estar en el gran torneo de la NCAA y que la pandemia se llevase por delante su deseo de estar en el draft. Fue un momento duro y no solo por ver como deb\u00eda aparcar su anhelo de jugar en la NBA, el jugador nos confiesa que incluso estuvo a punto de abandonar el baloncesto.<\/p>\n<p>\u201c<strong>La pandemia me afect\u00f3 mucho por muchas cosas que pasaron durante esos meses. La pandemia me ense\u00f1\u00f3 mucho. Creo que hubo puntos donde no sab\u00eda qu\u00e9 hacer. En mi familia pasaron cosas que fueron duras y estando solo en Estados Unidos casi me derrumb\u00e9, casi tiro la toalla y llegu\u00e9 casi al punto en el que pens\u00e9 conseguir un trabajo normal. Con la Pandemia no lograba ver m\u00e1s all\u00e1 y todo se ve\u00eda muy nublado, nada claro. Por suerte, al final encontr\u00e9 la claridad, la luz al final del t\u00fanel<\/strong>\u201d.<\/p>\n<p>Esa luz es hoy la que se refleja en las aguas que ba\u00f1an la Playa de la Concha en San Sebasti\u00e1n. Jaime Echenique desoy\u00f3 las ofertas que llegaron de China y apost\u00f3 por completar, esta vez s\u00ed, su viaje a Espa\u00f1a. \u201c<strong>Gracias a Dios una cosa pasa por la otra y llegu\u00e9 a la acb a Gipuzkoa Basket, y estoy agradecido por la oportunidad que me est\u00e1 dando Marcelo. Quiero dar lo mejor de m\u00ed<\/strong>\u201d, asegura. El p\u00edvot colombiano se muestra encantado con el club y agradece especialmente la confianza de\u00a0<strong>Marcelo Nicola<\/strong>. \u201c<strong>Todo est\u00e1 saliendo bien. Estoy rodeado de muy buenas personas que me apoyan y est\u00e1n para cualquier cosa que necesito. Marcelo siempre trata de corregirme todo lo que puede, yo nunca me tomo a mal las correcciones. \u00c9l es muy detallista, siempre he tenido la fortuna de estar con entrenadores detallistas y eso es un privilegio. Pienso que si no te corrigen es porque no te quieren, si te corrigen es porque ven material en ti<\/strong>\u201d.<\/p>\n<p>En San Sebasti\u00e1n practica la afici\u00f3n por la cocina que hered\u00f3 de su madre, dice que no es buen cocinero pero cuenta que \u201c<strong>unos buenos patacones con queso s\u00e9 hacer<\/strong>\u201d. En su tiempo libre la tecnolog\u00eda le ayuda a conectarse con sus amigos y todos los d\u00edas habla con su familia. Y cuando desconecta de todo ha descubierto que vive en una ciudad y un lugar maravilloso. \u201c<strong>Me gusta hacer largas caminatas por San Sebasti\u00e1n y sus alrededores, ir por la monta\u00f1a para despejarme y, por as\u00ed decirlo, desintoxicarme y relajarme<\/strong>\u201d, nos cuenta a la par de dice estar fascinado por la arquitectura urbana de Espa\u00f1a.<\/p>\n<p>Jaime Echenique sigue lejos de casa, confiesa que lleva un a\u00f1o y medio lejos de su hogar, pero no le es ajeno el eco que su \u00e9xito est\u00e1 generando. \u201c<strong>Mis padres son los que est\u00e1n viviendo el tema de la fama y que la gente hable de m\u00ed. Ellos son los que me cuentan, pero a m\u00ed me da mucho respeto, yo soy una persona normal. A veces me da hasta rabia porque es como que ni mi propia familia se cree que soy su hijo. Yo siempre les digo en broma: \u2018tranquila soy tu hijo\u2026, soy tu sobrino\u2019. Siempre he tenido la humildad de mi padre y creo que soy la misma persona de siempre<\/strong>\u201d. Y, sin embargo, algo ha cambiado.<\/p>\n<div class=\"tagfoto_centro float-left\">\n<div class=\"posrel float-left\">\n<p><img decoding=\"async\" src=\"http:\/\/www.acb.com\/Documentos\/Static\/303971scr-39033.jpg\" alt=\"acb Photo\/O. Araujo\" \/><\/p>\n<div class=\"fotografo roboto\">\u00a9 acb Photo\/O. Araujo<\/div>\n<\/div>\n<\/div>\n<p>Hoy Jaime Echenique es una de las m\u00e1s firmes promesas del baloncesto latinoamericano, una incipiente referencia en Europa y por qu\u00e9 no so\u00f1ar con ser el primer colombiano en jugar en la NBA. Sus pasos firmes demuestran que el camino, por m\u00e1s largo y costoso que lleg\u00f3 a ser, ha merecido la pena. Su padre hoy no llora de pena, sino de felicidad por ver al hombre en que se convirti\u00f3 su hijo. \u201c<strong>Lo m\u00e1s importante para \u00e9l es que soy la primera generaci\u00f3n de mi familia en graduarse en la universidad con dos t\u00edtulos y eso es maravilloso para \u00e9l, el resto ya le sobra, ya lo que viene es mucha ganancia<\/strong>\u201d.<\/p>\n<p>Contra el clich\u00e9 del deportista colombiano y buscando colocar a Colombia en el mapa del aficionado, Jaime seguir\u00e1 trabajando por hacer realidad su gran sue\u00f1o. Lo har\u00e1 desde la humildad que le inculcaron en casa y viviendo el presente. \u201c<strong>No me apresuro a pensar en lo que pueda pasar en el futuro, que cada d\u00eda pase lo que tenga que pasar. Si te preocupas por el futuro, este es incierto \u00bfpara qu\u00e9 estresarse uno con esas cosas?<\/strong>\u201d, nos dice. \u201c<strong>Todo lo dejo en manos de Dios y el tiempo de Dios es perfecto<\/strong>\u201d.<\/p>\n<\/div>\n<p>&#8220;https:\/\/www.youtube.com\/watch?v=Ur16ZzoP1uM&#8221;<br \/>\n&#8220;Historias acb: Jaime Echenique | Liga Endesa 2020-21&#8221;   \t    \t<\/p>\n","protected":false},"excerpt":{"rendered":"<p>\u00c1lvaro Paricio \/ @ACBCOM &nbsp; Barranquilla es una de las joyas de Colombia, una zona tur\u00edstica de preferencia gracias a su proximidad al caribe y por tener uno de los carnavales m\u00e1s famosos en el mundo. Su gente es amable y su car\u00e1cter acogedor hace que el visitante pronto se sienta como en casa. Su [&hellip;]<\/p>\n","protected":false},"author":2,"featured_media":8020,"comment_status":"open","ping_status":"open","sticky":false,"template":"","format":"standard","meta":{"_et_pb_use_builder":"","_et_pb_old_content":"","_et_gb_content_width":"","footnotes":""},"categories":[44,8,446],"tags":[],"class_list":["post-8012","post","type-post","status-publish","format-standard","has-post-thumbnail","hentry","category-elkarrizketak","category-endesa-liga","category-hemeroteka"],"yoast_head":"<!-- This site is optimized with the Yoast SEO plugin v27.5 - https:\/\/yoast.com\/product\/yoast-seo-wordpress\/ -->\n<title>JAIME ECHENIQUE, EL ORGULLO DE BARRANQUILLA |\u00a0 Gipuzkoa Basket<\/title>\n<meta name=\"description\" content=\"Gipuzkoa.Gipuzkoa Basket Club |\u00a0Los triples nos vuelven locos, \u00bfa ti no? | 943 444 428 \u00b7 gipuzkoabasket@gipuzkoabasket.com\" \/>\n<meta name=\"robots\" content=\"index, follow, max-snippet:-1, max-image-preview:large, max-video-preview:-1\" \/>\n<link rel=\"canonical\" href=\"https:\/\/gipuzkoabasket.com\/eu\/jaime-echenique-el-orgullo-de-barranquilla\/\" \/>\n<meta property=\"og:locale\" content=\"eu_ES\" \/>\n<meta property=\"og:type\" content=\"article\" \/>\n<meta property=\"og:title\" content=\"JAIME ECHENIQUE, EL ORGULLO DE BARRANQUILLA |\u00a0 Gipuzkoa Basket\" \/>\n<meta property=\"og:description\" content=\"Gipuzkoa.Gipuzkoa Basket Club |\u00a0Los triples nos vuelven locos, \u00bfa ti no? | 943 444 428 \u00b7 gipuzkoabasket@gipuzkoabasket.com\" \/>\n<meta property=\"og:url\" content=\"https:\/\/gipuzkoabasket.com\/eu\/jaime-echenique-el-orgullo-de-barranquilla\/\" \/>\n<meta property=\"og:site_name\" content=\"Gipuzkoa Basket Club\" \/>\n<meta property=\"article:published_time\" content=\"2020-10-15T14:44:24+00:00\" \/>\n<meta property=\"article:modified_time\" content=\"2023-11-20T17:36:37+00:00\" \/>\n<meta property=\"og:image\" content=\"https:\/\/gipuzkoabasket.com\/wp-content\/uploads\/2020\/10\/ECHENIQUE-WEB.jpg\" \/>\n\t<meta property=\"og:image:width\" content=\"676\" \/>\n\t<meta property=\"og:image:height\" content=\"399\" \/>\n\t<meta property=\"og:image:type\" content=\"image\/jpeg\" \/>\n<meta name=\"author\" content=\"Gipuzkoa Basket\" \/>\n<meta name=\"twitter:card\" content=\"summary_large_image\" \/>\n<meta name=\"twitter:label1\" content=\"Written by\" \/>\n\t<meta name=\"twitter:data1\" content=\"Gipuzkoa Basket\" \/>\n\t<meta name=\"twitter:label2\" content=\"Est. reading time\" \/>\n\t<meta name=\"twitter:data2\" content=\"19 minutes\" \/>\n<script type=\"application\/ld+json\" class=\"yoast-schema-graph\">{\"@context\":\"https:\\\/\\\/schema.org\",\"@graph\":[{\"@type\":\"Article\",\"@id\":\"https:\\\/\\\/gipuzkoabasket.com\\\/eu\\\/jaime-echenique-el-orgullo-de-barranquilla\\\/#article\",\"isPartOf\":{\"@id\":\"https:\\\/\\\/gipuzkoabasket.com\\\/eu\\\/jaime-echenique-el-orgullo-de-barranquilla\\\/\"},\"author\":{\"name\":\"Gipuzkoa Basket\",\"@id\":\"https:\\\/\\\/gipuzkoabasket.com\\\/eu\\\/#\\\/schema\\\/person\\\/bd3551d543ad11d210e99773b69631a0\"},\"headline\":\"JAIME ECHENIQUE, EL ORGULLO DE BARRANQUILLA\",\"datePublished\":\"2020-10-15T14:44:24+00:00\",\"dateModified\":\"2023-11-20T17:36:37+00:00\",\"mainEntityOfPage\":{\"@id\":\"https:\\\/\\\/gipuzkoabasket.com\\\/eu\\\/jaime-echenique-el-orgullo-de-barranquilla\\\/\"},\"wordCount\":3834,\"commentCount\":0,\"publisher\":{\"@id\":\"https:\\\/\\\/gipuzkoabasket.com\\\/eu\\\/#organization\"},\"image\":{\"@id\":\"https:\\\/\\\/gipuzkoabasket.com\\\/eu\\\/jaime-echenique-el-orgullo-de-barranquilla\\\/#primaryimage\"},\"thumbnailUrl\":\"https:\\\/\\\/gipuzkoabasket.com\\\/wp-content\\\/uploads\\\/2020\\\/10\\\/ECHENIQUE-WEB.jpg\",\"articleSection\":[\"Elkarrizketak\",\"Endesa Liga\",\"Hemeroteka\"],\"inLanguage\":\"eu-ES\",\"potentialAction\":[{\"@type\":\"CommentAction\",\"name\":\"Comment\",\"target\":[\"https:\\\/\\\/gipuzkoabasket.com\\\/eu\\\/jaime-echenique-el-orgullo-de-barranquilla\\\/#respond\"]}]},{\"@type\":\"WebPage\",\"@id\":\"https:\\\/\\\/gipuzkoabasket.com\\\/eu\\\/jaime-echenique-el-orgullo-de-barranquilla\\\/\",\"url\":\"https:\\\/\\\/gipuzkoabasket.com\\\/eu\\\/jaime-echenique-el-orgullo-de-barranquilla\\\/\",\"name\":\"JAIME ECHENIQUE, EL ORGULLO DE BARRANQUILLA |\u00a0 Gipuzkoa Basket\",\"isPartOf\":{\"@id\":\"https:\\\/\\\/gipuzkoabasket.com\\\/eu\\\/#website\"},\"primaryImageOfPage\":{\"@id\":\"https:\\\/\\\/gipuzkoabasket.com\\\/eu\\\/jaime-echenique-el-orgullo-de-barranquilla\\\/#primaryimage\"},\"image\":{\"@id\":\"https:\\\/\\\/gipuzkoabasket.com\\\/eu\\\/jaime-echenique-el-orgullo-de-barranquilla\\\/#primaryimage\"},\"thumbnailUrl\":\"https:\\\/\\\/gipuzkoabasket.com\\\/wp-content\\\/uploads\\\/2020\\\/10\\\/ECHENIQUE-WEB.jpg\",\"datePublished\":\"2020-10-15T14:44:24+00:00\",\"dateModified\":\"2023-11-20T17:36:37+00:00\",\"description\":\"Gipuzkoa.Gipuzkoa Basket Club |\u00a0Los triples nos vuelven locos, \u00bfa ti no? | 943 444 428 \u00b7 gipuzkoabasket@gipuzkoabasket.com\",\"breadcrumb\":{\"@id\":\"https:\\\/\\\/gipuzkoabasket.com\\\/eu\\\/jaime-echenique-el-orgullo-de-barranquilla\\\/#breadcrumb\"},\"inLanguage\":\"eu-ES\",\"potentialAction\":[{\"@type\":\"ReadAction\",\"target\":[\"https:\\\/\\\/gipuzkoabasket.com\\\/eu\\\/jaime-echenique-el-orgullo-de-barranquilla\\\/\"]}]},{\"@type\":\"ImageObject\",\"inLanguage\":\"eu-ES\",\"@id\":\"https:\\\/\\\/gipuzkoabasket.com\\\/eu\\\/jaime-echenique-el-orgullo-de-barranquilla\\\/#primaryimage\",\"url\":\"https:\\\/\\\/gipuzkoabasket.com\\\/wp-content\\\/uploads\\\/2020\\\/10\\\/ECHENIQUE-WEB.jpg\",\"contentUrl\":\"https:\\\/\\\/gipuzkoabasket.com\\\/wp-content\\\/uploads\\\/2020\\\/10\\\/ECHENIQUE-WEB.jpg\",\"width\":676,\"height\":399},{\"@type\":\"BreadcrumbList\",\"@id\":\"https:\\\/\\\/gipuzkoabasket.com\\\/eu\\\/jaime-echenique-el-orgullo-de-barranquilla\\\/#breadcrumb\",\"itemListElement\":[{\"@type\":\"ListItem\",\"position\":1,\"name\":\"Portada\",\"item\":\"https:\\\/\\\/gipuzkoabasket.com\\\/eu\\\/\"},{\"@type\":\"ListItem\",\"position\":2,\"name\":\"JAIME ECHENIQUE, EL ORGULLO DE BARRANQUILLA\"}]},{\"@type\":\"WebSite\",\"@id\":\"https:\\\/\\\/gipuzkoabasket.com\\\/eu\\\/#website\",\"url\":\"https:\\\/\\\/gipuzkoabasket.com\\\/eu\\\/\",\"name\":\"Gipuzkoa Basket Club\",\"description\":\"Toda la actualidad del club\",\"publisher\":{\"@id\":\"https:\\\/\\\/gipuzkoabasket.com\\\/eu\\\/#organization\"},\"potentialAction\":[{\"@type\":\"SearchAction\",\"target\":{\"@type\":\"EntryPoint\",\"urlTemplate\":\"https:\\\/\\\/gipuzkoabasket.com\\\/eu\\\/?s={search_term_string}\"},\"query-input\":{\"@type\":\"PropertyValueSpecification\",\"valueRequired\":true,\"valueName\":\"search_term_string\"}}],\"inLanguage\":\"eu-ES\"},{\"@type\":\"Organization\",\"@id\":\"https:\\\/\\\/gipuzkoabasket.com\\\/eu\\\/#organization\",\"name\":\"Gipuzkoa Basket Club\",\"alternateName\":\"Gipuzkoa Basket\",\"url\":\"https:\\\/\\\/gipuzkoabasket.com\\\/eu\\\/\",\"logo\":{\"@type\":\"ImageObject\",\"inLanguage\":\"eu-ES\",\"@id\":\"https:\\\/\\\/gipuzkoabasket.com\\\/eu\\\/#\\\/schema\\\/logo\\\/image\\\/\",\"url\":\"https:\\\/\\\/gipuzkoabasket.com\\\/wp-content\\\/uploads\\\/2023\\\/07\\\/LOGO-GBC-300x300-1.png\",\"contentUrl\":\"https:\\\/\\\/gipuzkoabasket.com\\\/wp-content\\\/uploads\\\/2023\\\/07\\\/LOGO-GBC-300x300-1.png\",\"width\":300,\"height\":300,\"caption\":\"Gipuzkoa Basket Club\"},\"image\":{\"@id\":\"https:\\\/\\\/gipuzkoabasket.com\\\/eu\\\/#\\\/schema\\\/logo\\\/image\\\/\"}},{\"@type\":\"Person\",\"@id\":\"https:\\\/\\\/gipuzkoabasket.com\\\/eu\\\/#\\\/schema\\\/person\\\/bd3551d543ad11d210e99773b69631a0\",\"name\":\"Gipuzkoa Basket\",\"image\":{\"@type\":\"ImageObject\",\"inLanguage\":\"eu-ES\",\"@id\":\"https:\\\/\\\/secure.gravatar.com\\\/avatar\\\/e5b959b6b0321efa5df7c766774c837369fb264465d34f031005235bf80ef231?s=96&d=mm&r=g\",\"url\":\"https:\\\/\\\/secure.gravatar.com\\\/avatar\\\/e5b959b6b0321efa5df7c766774c837369fb264465d34f031005235bf80ef231?s=96&d=mm&r=g\",\"contentUrl\":\"https:\\\/\\\/secure.gravatar.com\\\/avatar\\\/e5b959b6b0321efa5df7c766774c837369fb264465d34f031005235bf80ef231?s=96&d=mm&r=g\",\"caption\":\"Gipuzkoa Basket\"},\"url\":\"https:\\\/\\\/gipuzkoabasket.com\\\/eu\\\/author\\\/gipuzkoa-basket\\\/\"}]}<\/script>\n<!-- \/ Yoast SEO plugin. -->","yoast_head_json":{"title":"JAIME ECHENIQUE, EL ORGULLO DE BARRANQUILLA |\u00a0 Gipuzkoa Basket","description":"Gipuzkoa.Gipuzkoa Basket Club |\u00a0Los triples nos vuelven locos, \u00bfa ti no? | 943 444 428 \u00b7 gipuzkoabasket@gipuzkoabasket.com","robots":{"index":"index","follow":"follow","max-snippet":"max-snippet:-1","max-image-preview":"max-image-preview:large","max-video-preview":"max-video-preview:-1"},"canonical":"https:\/\/gipuzkoabasket.com\/eu\/jaime-echenique-el-orgullo-de-barranquilla\/","og_locale":"eu_ES","og_type":"article","og_title":"JAIME ECHENIQUE, EL ORGULLO DE BARRANQUILLA |\u00a0 Gipuzkoa Basket","og_description":"Gipuzkoa.Gipuzkoa Basket Club |\u00a0Los triples nos vuelven locos, \u00bfa ti no? | 943 444 428 \u00b7 gipuzkoabasket@gipuzkoabasket.com","og_url":"https:\/\/gipuzkoabasket.com\/eu\/jaime-echenique-el-orgullo-de-barranquilla\/","og_site_name":"Gipuzkoa Basket Club","article_published_time":"2020-10-15T14:44:24+00:00","article_modified_time":"2023-11-20T17:36:37+00:00","og_image":[{"width":676,"height":399,"url":"https:\/\/gipuzkoabasket.com\/wp-content\/uploads\/2020\/10\/ECHENIQUE-WEB.jpg","type":"image\/jpeg"}],"author":"Gipuzkoa Basket","twitter_card":"summary_large_image","twitter_misc":{"Written by":"Gipuzkoa Basket","Est. reading time":"19 minutes"},"schema":{"@context":"https:\/\/schema.org","@graph":[{"@type":"Article","@id":"https:\/\/gipuzkoabasket.com\/eu\/jaime-echenique-el-orgullo-de-barranquilla\/#article","isPartOf":{"@id":"https:\/\/gipuzkoabasket.com\/eu\/jaime-echenique-el-orgullo-de-barranquilla\/"},"author":{"name":"Gipuzkoa Basket","@id":"https:\/\/gipuzkoabasket.com\/eu\/#\/schema\/person\/bd3551d543ad11d210e99773b69631a0"},"headline":"JAIME ECHENIQUE, EL ORGULLO DE BARRANQUILLA","datePublished":"2020-10-15T14:44:24+00:00","dateModified":"2023-11-20T17:36:37+00:00","mainEntityOfPage":{"@id":"https:\/\/gipuzkoabasket.com\/eu\/jaime-echenique-el-orgullo-de-barranquilla\/"},"wordCount":3834,"commentCount":0,"publisher":{"@id":"https:\/\/gipuzkoabasket.com\/eu\/#organization"},"image":{"@id":"https:\/\/gipuzkoabasket.com\/eu\/jaime-echenique-el-orgullo-de-barranquilla\/#primaryimage"},"thumbnailUrl":"https:\/\/gipuzkoabasket.com\/wp-content\/uploads\/2020\/10\/ECHENIQUE-WEB.jpg","articleSection":["Elkarrizketak","Endesa Liga","Hemeroteka"],"inLanguage":"eu-ES","potentialAction":[{"@type":"CommentAction","name":"Comment","target":["https:\/\/gipuzkoabasket.com\/eu\/jaime-echenique-el-orgullo-de-barranquilla\/#respond"]}]},{"@type":"WebPage","@id":"https:\/\/gipuzkoabasket.com\/eu\/jaime-echenique-el-orgullo-de-barranquilla\/","url":"https:\/\/gipuzkoabasket.com\/eu\/jaime-echenique-el-orgullo-de-barranquilla\/","name":"JAIME ECHENIQUE, EL ORGULLO DE BARRANQUILLA |\u00a0 Gipuzkoa Basket","isPartOf":{"@id":"https:\/\/gipuzkoabasket.com\/eu\/#website"},"primaryImageOfPage":{"@id":"https:\/\/gipuzkoabasket.com\/eu\/jaime-echenique-el-orgullo-de-barranquilla\/#primaryimage"},"image":{"@id":"https:\/\/gipuzkoabasket.com\/eu\/jaime-echenique-el-orgullo-de-barranquilla\/#primaryimage"},"thumbnailUrl":"https:\/\/gipuzkoabasket.com\/wp-content\/uploads\/2020\/10\/ECHENIQUE-WEB.jpg","datePublished":"2020-10-15T14:44:24+00:00","dateModified":"2023-11-20T17:36:37+00:00","description":"Gipuzkoa.Gipuzkoa Basket Club |\u00a0Los triples nos vuelven locos, \u00bfa ti no? | 943 444 428 \u00b7 gipuzkoabasket@gipuzkoabasket.com","breadcrumb":{"@id":"https:\/\/gipuzkoabasket.com\/eu\/jaime-echenique-el-orgullo-de-barranquilla\/#breadcrumb"},"inLanguage":"eu-ES","potentialAction":[{"@type":"ReadAction","target":["https:\/\/gipuzkoabasket.com\/eu\/jaime-echenique-el-orgullo-de-barranquilla\/"]}]},{"@type":"ImageObject","inLanguage":"eu-ES","@id":"https:\/\/gipuzkoabasket.com\/eu\/jaime-echenique-el-orgullo-de-barranquilla\/#primaryimage","url":"https:\/\/gipuzkoabasket.com\/wp-content\/uploads\/2020\/10\/ECHENIQUE-WEB.jpg","contentUrl":"https:\/\/gipuzkoabasket.com\/wp-content\/uploads\/2020\/10\/ECHENIQUE-WEB.jpg","width":676,"height":399},{"@type":"BreadcrumbList","@id":"https:\/\/gipuzkoabasket.com\/eu\/jaime-echenique-el-orgullo-de-barranquilla\/#breadcrumb","itemListElement":[{"@type":"ListItem","position":1,"name":"Portada","item":"https:\/\/gipuzkoabasket.com\/eu\/"},{"@type":"ListItem","position":2,"name":"JAIME ECHENIQUE, EL ORGULLO DE BARRANQUILLA"}]},{"@type":"WebSite","@id":"https:\/\/gipuzkoabasket.com\/eu\/#website","url":"https:\/\/gipuzkoabasket.com\/eu\/","name":"Gipuzkoa Basket Club","description":"Toda la actualidad del club","publisher":{"@id":"https:\/\/gipuzkoabasket.com\/eu\/#organization"},"potentialAction":[{"@type":"SearchAction","target":{"@type":"EntryPoint","urlTemplate":"https:\/\/gipuzkoabasket.com\/eu\/?s={search_term_string}"},"query-input":{"@type":"PropertyValueSpecification","valueRequired":true,"valueName":"search_term_string"}}],"inLanguage":"eu-ES"},{"@type":"Organization","@id":"https:\/\/gipuzkoabasket.com\/eu\/#organization","name":"Gipuzkoa Basket Club","alternateName":"Gipuzkoa Basket","url":"https:\/\/gipuzkoabasket.com\/eu\/","logo":{"@type":"ImageObject","inLanguage":"eu-ES","@id":"https:\/\/gipuzkoabasket.com\/eu\/#\/schema\/logo\/image\/","url":"https:\/\/gipuzkoabasket.com\/wp-content\/uploads\/2023\/07\/LOGO-GBC-300x300-1.png","contentUrl":"https:\/\/gipuzkoabasket.com\/wp-content\/uploads\/2023\/07\/LOGO-GBC-300x300-1.png","width":300,"height":300,"caption":"Gipuzkoa Basket Club"},"image":{"@id":"https:\/\/gipuzkoabasket.com\/eu\/#\/schema\/logo\/image\/"}},{"@type":"Person","@id":"https:\/\/gipuzkoabasket.com\/eu\/#\/schema\/person\/bd3551d543ad11d210e99773b69631a0","name":"Gipuzkoa Basket","image":{"@type":"ImageObject","inLanguage":"eu-ES","@id":"https:\/\/secure.gravatar.com\/avatar\/e5b959b6b0321efa5df7c766774c837369fb264465d34f031005235bf80ef231?s=96&d=mm&r=g","url":"https:\/\/secure.gravatar.com\/avatar\/e5b959b6b0321efa5df7c766774c837369fb264465d34f031005235bf80ef231?s=96&d=mm&r=g","contentUrl":"https:\/\/secure.gravatar.com\/avatar\/e5b959b6b0321efa5df7c766774c837369fb264465d34f031005235bf80ef231?s=96&d=mm&r=g","caption":"Gipuzkoa Basket"},"url":"https:\/\/gipuzkoabasket.com\/eu\/author\/gipuzkoa-basket\/"}]}},"_links":{"self":[{"href":"https:\/\/gipuzkoabasket.com\/eu\/wp-json\/wp\/v2\/posts\/8012","targetHints":{"allow":["GET"]}}],"collection":[{"href":"https:\/\/gipuzkoabasket.com\/eu\/wp-json\/wp\/v2\/posts"}],"about":[{"href":"https:\/\/gipuzkoabasket.com\/eu\/wp-json\/wp\/v2\/types\/post"}],"author":[{"embeddable":true,"href":"https:\/\/gipuzkoabasket.com\/eu\/wp-json\/wp\/v2\/users\/2"}],"replies":[{"embeddable":true,"href":"https:\/\/gipuzkoabasket.com\/eu\/wp-json\/wp\/v2\/comments?post=8012"}],"version-history":[{"count":1,"href":"https:\/\/gipuzkoabasket.com\/eu\/wp-json\/wp\/v2\/posts\/8012\/revisions"}],"predecessor-version":[{"id":21487,"href":"https:\/\/gipuzkoabasket.com\/eu\/wp-json\/wp\/v2\/posts\/8012\/revisions\/21487"}],"wp:featuredmedia":[{"embeddable":true,"href":"https:\/\/gipuzkoabasket.com\/eu\/wp-json\/wp\/v2\/media\/8020"}],"wp:attachment":[{"href":"https:\/\/gipuzkoabasket.com\/eu\/wp-json\/wp\/v2\/media?parent=8012"}],"wp:term":[{"taxonomy":"category","embeddable":true,"href":"https:\/\/gipuzkoabasket.com\/eu\/wp-json\/wp\/v2\/categories?post=8012"},{"taxonomy":"post_tag","embeddable":true,"href":"https:\/\/gipuzkoabasket.com\/eu\/wp-json\/wp\/v2\/tags?post=8012"}],"curies":[{"name":"wp","href":"https:\/\/api.w.org\/{rel}","templated":true}]}}