{"id":9883,"date":"2021-10-26T17:14:22","date_gmt":"2021-10-26T16:14:22","guid":{"rendered":"https:\/\/www.gipuzkoabasket.com\/?p=9883\/"},"modified":"2023-11-20T18:41:17","modified_gmt":"2023-11-20T17:41:17","slug":"media-day-ander-martinez","status":"publish","type":"post","link":"https:\/\/gipuzkoabasket.com\/eu\/media-day-ander-martinez\/","title":{"rendered":"MEDIA DAY &#8211; ANDER MART\u00cdNEZ"},"content":{"rendered":"<p>Ander Mart\u00ednez ha comparecido ante los medios para hablar sobre la derrota en casa ante el Covir\u00e1n Granada y ha hablado tambi\u00e9n sobre c\u00f3mo est\u00e1 el equipo de cara al partido del s\u00e1bado contra Leyma Coru\u00f1a.<\/p>\n<p>Ander afirma que las sensaciones despu\u00e9s del partido fueron malas pero que poco a poco van yendo a mejor de cara al pr\u00f3ximo partido. \u201cDespu\u00e9s de una derrota as\u00ed siempre cuesta. Es duro perder en casa de esta manera\u201d. Tambi\u00e9n dice que ahora mismo es dif\u00edcil hacer un an\u00e1lisis de lo que pas\u00f3 en el partido, \u201cEs dif\u00edcil hacer un an\u00e1lisis. Intentamos hacer nuestro plan de partido, al principio no sali\u00f3 bien y hubo un momento en el segundo cuarto en el que nos vinimos abajo y no supimos volver a entrar en el partido\u201d.<\/p>\n<p>\u201cEs pronto para hablar de un problema de nervios por jugar en casa. Creo que es m\u00e1s problema por el tipo de rivales a los que nos ha tocado enfrentarnos en casa y el tipo de rival que nos estamos encontrando fuera. Vamos a trabajar para arreglar eso y tambi\u00e9n para mejorar como equipo\u201d, aclar\u00f3 Ander. Tambi\u00e9n insisti\u00f3 en la idea de empezar a atacar desde la defensa, \u201cLa clave de nuestro juego es estar bien atr\u00e1s, ya que es lo que nos da actividad ofensivamente. Cuando estamos bien en defensa podemos poner m\u00e1s velocidad en el ataque y eso nos viene bien para nuestro estilo de juego\u201d.<\/p>\n<p>Tambi\u00e9n ha hablado sobre el ambiente de Illunbe y quiso mandarle un mensaje a la afici\u00f3n. \u201cLas sensaciones en cuanto al ambiente en Illunbe han sido buenas, pero yo quer\u00eda pedirle perd\u00f3n a la afici\u00f3n, no tanto por el resultado, pero s\u00ed por la imagen que fuimos dando durante el partido. Tambi\u00e9n dar las gracias a todos los que se quedaron hasta el final del partido, porque con un resultado as\u00ed s\u00e9 que no es f\u00e1cil. Por \u00faltimo, quer\u00eda pedir un voto de confianza a la gente porque esta no es la imagen que queremos dar en casa y seguro que la mejoraremos y ser\u00e1 divertido venir a vernos\u201d.<\/p>\n<p>La vida de Ander ha dado un gran cambio esta temporada, \u201cmi vida ha cambiado bastante, los \u00faltimos a\u00f1os hab\u00eda estado estudiando y jugando en Canoe. Mis ma\u00f1anas eran un caos entre entrenamientos y clases y adem\u00e1s muchos d\u00edas entren\u00e1bamos a la noche. El \u00faltimo a\u00f1o estuve trabajando por las ma\u00f1anas y este a\u00f1o en Donostia estoy ya solo dedic\u00e1ndome al baloncesto\u201d.<\/p>\n","protected":false},"excerpt":{"rendered":"<p>Ander Mart\u00ednez ha comparecido ante los medios para hablar sobre la derrota en casa ante el Covir\u00e1n Granada y ha hablado tambi\u00e9n sobre c\u00f3mo est\u00e1 el equipo de cara al partido del s\u00e1bado contra Leyma Coru\u00f1a. Ander afirma que las sensaciones despu\u00e9s del partido fueron malas pero que poco a poco van yendo a mejor [&hellip;]<\/p>\n","protected":false},"author":2,"featured_media":9884,"comment_status":"open","ping_status":"open","sticky":false,"template":"","format":"standard","meta":{"_et_pb_use_builder":"","_et_pb_old_content":"","_et_gb_content_width":"","footnotes":""},"categories":[446,28],"tags":[],"class_list":["post-9883","post","type-post","status-publish","format-standard","has-post-thumbnail","hentry","category-hemeroteka","category-urrezko-leb"],"yoast_head":"<!-- This site is optimized with the Yoast SEO plugin v27.5 - https:\/\/yoast.com\/product\/yoast-seo-wordpress\/ -->\n<title>MEDIA DAY - ANDER MART\u00cdNEZ |\u00a0 Gipuzkoa Basket<\/title>\n<meta name=\"description\" content=\"Gipuzkoa.Gipuzkoa Basket Club |\u00a0Los triples nos vuelven locos, \u00bfa ti no? | 943 444 428 \u00b7 gipuzkoabasket@gipuzkoabasket.com\" \/>\n<meta name=\"robots\" content=\"index, follow, max-snippet:-1, max-image-preview:large, max-video-preview:-1\" \/>\n<link rel=\"canonical\" href=\"https:\/\/gipuzkoabasket.com\/eu\/media-day-ander-martinez\/\" \/>\n<meta property=\"og:locale\" content=\"eu_ES\" \/>\n<meta property=\"og:type\" content=\"article\" \/>\n<meta property=\"og:title\" content=\"MEDIA DAY - ANDER MART\u00cdNEZ |\u00a0 Gipuzkoa Basket\" \/>\n<meta property=\"og:description\" content=\"Gipuzkoa.Gipuzkoa Basket Club |\u00a0Los triples nos vuelven locos, \u00bfa ti no? | 943 444 428 \u00b7 gipuzkoabasket@gipuzkoabasket.com\" \/>\n<meta property=\"og:url\" content=\"https:\/\/gipuzkoabasket.com\/eu\/media-day-ander-martinez\/\" \/>\n<meta property=\"og:site_name\" content=\"Gipuzkoa Basket Club\" \/>\n<meta property=\"article:published_time\" content=\"2021-10-26T16:14:22+00:00\" \/>\n<meta property=\"article:modified_time\" content=\"2023-11-20T17:41:17+00:00\" \/>\n<meta property=\"og:image\" content=\"https:\/\/gipuzkoabasket.com\/wp-content\/uploads\/2021\/10\/ander-web.jpg\" \/>\n\t<meta property=\"og:image:width\" content=\"676\" \/>\n\t<meta property=\"og:image:height\" content=\"399\" \/>\n\t<meta property=\"og:image:type\" content=\"image\/jpeg\" \/>\n<meta name=\"author\" content=\"Gipuzkoa Basket\" \/>\n<meta name=\"twitter:card\" content=\"summary_large_image\" \/>\n<meta name=\"twitter:label1\" content=\"Written by\" \/>\n\t<meta name=\"twitter:data1\" content=\"Gipuzkoa Basket\" \/>\n\t<meta name=\"twitter:label2\" content=\"Est. reading time\" \/>\n\t<meta name=\"twitter:data2\" content=\"2 minutes\" \/>\n<script type=\"application\/ld+json\" class=\"yoast-schema-graph\">{\"@context\":\"https:\\\/\\\/schema.org\",\"@graph\":[{\"@type\":\"Article\",\"@id\":\"https:\\\/\\\/gipuzkoabasket.com\\\/eu\\\/media-day-ander-martinez\\\/#article\",\"isPartOf\":{\"@id\":\"https:\\\/\\\/gipuzkoabasket.com\\\/eu\\\/media-day-ander-martinez\\\/\"},\"author\":{\"name\":\"Gipuzkoa Basket\",\"@id\":\"https:\\\/\\\/gipuzkoabasket.com\\\/eu\\\/#\\\/schema\\\/person\\\/bd3551d543ad11d210e99773b69631a0\"},\"headline\":\"MEDIA DAY &#8211; ANDER MART\u00cdNEZ\",\"datePublished\":\"2021-10-26T16:14:22+00:00\",\"dateModified\":\"2023-11-20T17:41:17+00:00\",\"mainEntityOfPage\":{\"@id\":\"https:\\\/\\\/gipuzkoabasket.com\\\/eu\\\/media-day-ander-martinez\\\/\"},\"wordCount\":453,\"commentCount\":0,\"publisher\":{\"@id\":\"https:\\\/\\\/gipuzkoabasket.com\\\/eu\\\/#organization\"},\"image\":{\"@id\":\"https:\\\/\\\/gipuzkoabasket.com\\\/eu\\\/media-day-ander-martinez\\\/#primaryimage\"},\"thumbnailUrl\":\"https:\\\/\\\/gipuzkoabasket.com\\\/wp-content\\\/uploads\\\/2021\\\/10\\\/ander-web.jpg\",\"articleSection\":[\"Hemeroteka\",\"Urrezko LEB\"],\"inLanguage\":\"eu-ES\",\"potentialAction\":[{\"@type\":\"CommentAction\",\"name\":\"Comment\",\"target\":[\"https:\\\/\\\/gipuzkoabasket.com\\\/eu\\\/media-day-ander-martinez\\\/#respond\"]}]},{\"@type\":\"WebPage\",\"@id\":\"https:\\\/\\\/gipuzkoabasket.com\\\/eu\\\/media-day-ander-martinez\\\/\",\"url\":\"https:\\\/\\\/gipuzkoabasket.com\\\/eu\\\/media-day-ander-martinez\\\/\",\"name\":\"MEDIA DAY - ANDER MART\u00cdNEZ |\u00a0 Gipuzkoa Basket\",\"isPartOf\":{\"@id\":\"https:\\\/\\\/gipuzkoabasket.com\\\/eu\\\/#website\"},\"primaryImageOfPage\":{\"@id\":\"https:\\\/\\\/gipuzkoabasket.com\\\/eu\\\/media-day-ander-martinez\\\/#primaryimage\"},\"image\":{\"@id\":\"https:\\\/\\\/gipuzkoabasket.com\\\/eu\\\/media-day-ander-martinez\\\/#primaryimage\"},\"thumbnailUrl\":\"https:\\\/\\\/gipuzkoabasket.com\\\/wp-content\\\/uploads\\\/2021\\\/10\\\/ander-web.jpg\",\"datePublished\":\"2021-10-26T16:14:22+00:00\",\"dateModified\":\"2023-11-20T17:41:17+00:00\",\"description\":\"Gipuzkoa.Gipuzkoa Basket Club |\u00a0Los triples nos vuelven locos, \u00bfa ti no? | 943 444 428 \u00b7 gipuzkoabasket@gipuzkoabasket.com\",\"breadcrumb\":{\"@id\":\"https:\\\/\\\/gipuzkoabasket.com\\\/eu\\\/media-day-ander-martinez\\\/#breadcrumb\"},\"inLanguage\":\"eu-ES\",\"potentialAction\":[{\"@type\":\"ReadAction\",\"target\":[\"https:\\\/\\\/gipuzkoabasket.com\\\/eu\\\/media-day-ander-martinez\\\/\"]}]},{\"@type\":\"ImageObject\",\"inLanguage\":\"eu-ES\",\"@id\":\"https:\\\/\\\/gipuzkoabasket.com\\\/eu\\\/media-day-ander-martinez\\\/#primaryimage\",\"url\":\"https:\\\/\\\/gipuzkoabasket.com\\\/wp-content\\\/uploads\\\/2021\\\/10\\\/ander-web.jpg\",\"contentUrl\":\"https:\\\/\\\/gipuzkoabasket.com\\\/wp-content\\\/uploads\\\/2021\\\/10\\\/ander-web.jpg\",\"width\":676,\"height\":399},{\"@type\":\"BreadcrumbList\",\"@id\":\"https:\\\/\\\/gipuzkoabasket.com\\\/eu\\\/media-day-ander-martinez\\\/#breadcrumb\",\"itemListElement\":[{\"@type\":\"ListItem\",\"position\":1,\"name\":\"Portada\",\"item\":\"https:\\\/\\\/gipuzkoabasket.com\\\/eu\\\/\"},{\"@type\":\"ListItem\",\"position\":2,\"name\":\"MEDIA DAY &#8211; ANDER MART\u00cdNEZ\"}]},{\"@type\":\"WebSite\",\"@id\":\"https:\\\/\\\/gipuzkoabasket.com\\\/eu\\\/#website\",\"url\":\"https:\\\/\\\/gipuzkoabasket.com\\\/eu\\\/\",\"name\":\"Gipuzkoa Basket Club\",\"description\":\"Toda la actualidad del club\",\"publisher\":{\"@id\":\"https:\\\/\\\/gipuzkoabasket.com\\\/eu\\\/#organization\"},\"potentialAction\":[{\"@type\":\"SearchAction\",\"target\":{\"@type\":\"EntryPoint\",\"urlTemplate\":\"https:\\\/\\\/gipuzkoabasket.com\\\/eu\\\/?s={search_term_string}\"},\"query-input\":{\"@type\":\"PropertyValueSpecification\",\"valueRequired\":true,\"valueName\":\"search_term_string\"}}],\"inLanguage\":\"eu-ES\"},{\"@type\":\"Organization\",\"@id\":\"https:\\\/\\\/gipuzkoabasket.com\\\/eu\\\/#organization\",\"name\":\"Gipuzkoa Basket Club\",\"alternateName\":\"Gipuzkoa Basket\",\"url\":\"https:\\\/\\\/gipuzkoabasket.com\\\/eu\\\/\",\"logo\":{\"@type\":\"ImageObject\",\"inLanguage\":\"eu-ES\",\"@id\":\"https:\\\/\\\/gipuzkoabasket.com\\\/eu\\\/#\\\/schema\\\/logo\\\/image\\\/\",\"url\":\"https:\\\/\\\/gipuzkoabasket.com\\\/wp-content\\\/uploads\\\/2023\\\/07\\\/LOGO-GBC-300x300-1.png\",\"contentUrl\":\"https:\\\/\\\/gipuzkoabasket.com\\\/wp-content\\\/uploads\\\/2023\\\/07\\\/LOGO-GBC-300x300-1.png\",\"width\":300,\"height\":300,\"caption\":\"Gipuzkoa Basket Club\"},\"image\":{\"@id\":\"https:\\\/\\\/gipuzkoabasket.com\\\/eu\\\/#\\\/schema\\\/logo\\\/image\\\/\"}},{\"@type\":\"Person\",\"@id\":\"https:\\\/\\\/gipuzkoabasket.com\\\/eu\\\/#\\\/schema\\\/person\\\/bd3551d543ad11d210e99773b69631a0\",\"name\":\"Gipuzkoa Basket\",\"image\":{\"@type\":\"ImageObject\",\"inLanguage\":\"eu-ES\",\"@id\":\"https:\\\/\\\/secure.gravatar.com\\\/avatar\\\/e5b959b6b0321efa5df7c766774c837369fb264465d34f031005235bf80ef231?s=96&d=mm&r=g\",\"url\":\"https:\\\/\\\/secure.gravatar.com\\\/avatar\\\/e5b959b6b0321efa5df7c766774c837369fb264465d34f031005235bf80ef231?s=96&d=mm&r=g\",\"contentUrl\":\"https:\\\/\\\/secure.gravatar.com\\\/avatar\\\/e5b959b6b0321efa5df7c766774c837369fb264465d34f031005235bf80ef231?s=96&d=mm&r=g\",\"caption\":\"Gipuzkoa Basket\"},\"url\":\"https:\\\/\\\/gipuzkoabasket.com\\\/eu\\\/author\\\/gipuzkoa-basket\\\/\"}]}<\/script>\n<!-- \/ Yoast SEO plugin. -->","yoast_head_json":{"title":"MEDIA DAY - ANDER MART\u00cdNEZ |\u00a0 Gipuzkoa Basket","description":"Gipuzkoa.Gipuzkoa Basket Club |\u00a0Los triples nos vuelven locos, \u00bfa ti no? | 943 444 428 \u00b7 gipuzkoabasket@gipuzkoabasket.com","robots":{"index":"index","follow":"follow","max-snippet":"max-snippet:-1","max-image-preview":"max-image-preview:large","max-video-preview":"max-video-preview:-1"},"canonical":"https:\/\/gipuzkoabasket.com\/eu\/media-day-ander-martinez\/","og_locale":"eu_ES","og_type":"article","og_title":"MEDIA DAY - ANDER MART\u00cdNEZ |\u00a0 Gipuzkoa Basket","og_description":"Gipuzkoa.Gipuzkoa Basket Club |\u00a0Los triples nos vuelven locos, \u00bfa ti no? | 943 444 428 \u00b7 gipuzkoabasket@gipuzkoabasket.com","og_url":"https:\/\/gipuzkoabasket.com\/eu\/media-day-ander-martinez\/","og_site_name":"Gipuzkoa Basket Club","article_published_time":"2021-10-26T16:14:22+00:00","article_modified_time":"2023-11-20T17:41:17+00:00","og_image":[{"width":676,"height":399,"url":"https:\/\/gipuzkoabasket.com\/wp-content\/uploads\/2021\/10\/ander-web.jpg","type":"image\/jpeg"}],"author":"Gipuzkoa Basket","twitter_card":"summary_large_image","twitter_misc":{"Written by":"Gipuzkoa Basket","Est. reading time":"2 minutes"},"schema":{"@context":"https:\/\/schema.org","@graph":[{"@type":"Article","@id":"https:\/\/gipuzkoabasket.com\/eu\/media-day-ander-martinez\/#article","isPartOf":{"@id":"https:\/\/gipuzkoabasket.com\/eu\/media-day-ander-martinez\/"},"author":{"name":"Gipuzkoa Basket","@id":"https:\/\/gipuzkoabasket.com\/eu\/#\/schema\/person\/bd3551d543ad11d210e99773b69631a0"},"headline":"MEDIA DAY &#8211; ANDER MART\u00cdNEZ","datePublished":"2021-10-26T16:14:22+00:00","dateModified":"2023-11-20T17:41:17+00:00","mainEntityOfPage":{"@id":"https:\/\/gipuzkoabasket.com\/eu\/media-day-ander-martinez\/"},"wordCount":453,"commentCount":0,"publisher":{"@id":"https:\/\/gipuzkoabasket.com\/eu\/#organization"},"image":{"@id":"https:\/\/gipuzkoabasket.com\/eu\/media-day-ander-martinez\/#primaryimage"},"thumbnailUrl":"https:\/\/gipuzkoabasket.com\/wp-content\/uploads\/2021\/10\/ander-web.jpg","articleSection":["Hemeroteka","Urrezko LEB"],"inLanguage":"eu-ES","potentialAction":[{"@type":"CommentAction","name":"Comment","target":["https:\/\/gipuzkoabasket.com\/eu\/media-day-ander-martinez\/#respond"]}]},{"@type":"WebPage","@id":"https:\/\/gipuzkoabasket.com\/eu\/media-day-ander-martinez\/","url":"https:\/\/gipuzkoabasket.com\/eu\/media-day-ander-martinez\/","name":"MEDIA DAY - ANDER MART\u00cdNEZ |\u00a0 Gipuzkoa Basket","isPartOf":{"@id":"https:\/\/gipuzkoabasket.com\/eu\/#website"},"primaryImageOfPage":{"@id":"https:\/\/gipuzkoabasket.com\/eu\/media-day-ander-martinez\/#primaryimage"},"image":{"@id":"https:\/\/gipuzkoabasket.com\/eu\/media-day-ander-martinez\/#primaryimage"},"thumbnailUrl":"https:\/\/gipuzkoabasket.com\/wp-content\/uploads\/2021\/10\/ander-web.jpg","datePublished":"2021-10-26T16:14:22+00:00","dateModified":"2023-11-20T17:41:17+00:00","description":"Gipuzkoa.Gipuzkoa Basket Club |\u00a0Los triples nos vuelven locos, \u00bfa ti no? | 943 444 428 \u00b7 gipuzkoabasket@gipuzkoabasket.com","breadcrumb":{"@id":"https:\/\/gipuzkoabasket.com\/eu\/media-day-ander-martinez\/#breadcrumb"},"inLanguage":"eu-ES","potentialAction":[{"@type":"ReadAction","target":["https:\/\/gipuzkoabasket.com\/eu\/media-day-ander-martinez\/"]}]},{"@type":"ImageObject","inLanguage":"eu-ES","@id":"https:\/\/gipuzkoabasket.com\/eu\/media-day-ander-martinez\/#primaryimage","url":"https:\/\/gipuzkoabasket.com\/wp-content\/uploads\/2021\/10\/ander-web.jpg","contentUrl":"https:\/\/gipuzkoabasket.com\/wp-content\/uploads\/2021\/10\/ander-web.jpg","width":676,"height":399},{"@type":"BreadcrumbList","@id":"https:\/\/gipuzkoabasket.com\/eu\/media-day-ander-martinez\/#breadcrumb","itemListElement":[{"@type":"ListItem","position":1,"name":"Portada","item":"https:\/\/gipuzkoabasket.com\/eu\/"},{"@type":"ListItem","position":2,"name":"MEDIA DAY &#8211; ANDER MART\u00cdNEZ"}]},{"@type":"WebSite","@id":"https:\/\/gipuzkoabasket.com\/eu\/#website","url":"https:\/\/gipuzkoabasket.com\/eu\/","name":"Gipuzkoa Basket Club","description":"Toda la actualidad del club","publisher":{"@id":"https:\/\/gipuzkoabasket.com\/eu\/#organization"},"potentialAction":[{"@type":"SearchAction","target":{"@type":"EntryPoint","urlTemplate":"https:\/\/gipuzkoabasket.com\/eu\/?s={search_term_string}"},"query-input":{"@type":"PropertyValueSpecification","valueRequired":true,"valueName":"search_term_string"}}],"inLanguage":"eu-ES"},{"@type":"Organization","@id":"https:\/\/gipuzkoabasket.com\/eu\/#organization","name":"Gipuzkoa Basket Club","alternateName":"Gipuzkoa Basket","url":"https:\/\/gipuzkoabasket.com\/eu\/","logo":{"@type":"ImageObject","inLanguage":"eu-ES","@id":"https:\/\/gipuzkoabasket.com\/eu\/#\/schema\/logo\/image\/","url":"https:\/\/gipuzkoabasket.com\/wp-content\/uploads\/2023\/07\/LOGO-GBC-300x300-1.png","contentUrl":"https:\/\/gipuzkoabasket.com\/wp-content\/uploads\/2023\/07\/LOGO-GBC-300x300-1.png","width":300,"height":300,"caption":"Gipuzkoa Basket Club"},"image":{"@id":"https:\/\/gipuzkoabasket.com\/eu\/#\/schema\/logo\/image\/"}},{"@type":"Person","@id":"https:\/\/gipuzkoabasket.com\/eu\/#\/schema\/person\/bd3551d543ad11d210e99773b69631a0","name":"Gipuzkoa Basket","image":{"@type":"ImageObject","inLanguage":"eu-ES","@id":"https:\/\/secure.gravatar.com\/avatar\/e5b959b6b0321efa5df7c766774c837369fb264465d34f031005235bf80ef231?s=96&d=mm&r=g","url":"https:\/\/secure.gravatar.com\/avatar\/e5b959b6b0321efa5df7c766774c837369fb264465d34f031005235bf80ef231?s=96&d=mm&r=g","contentUrl":"https:\/\/secure.gravatar.com\/avatar\/e5b959b6b0321efa5df7c766774c837369fb264465d34f031005235bf80ef231?s=96&d=mm&r=g","caption":"Gipuzkoa Basket"},"url":"https:\/\/gipuzkoabasket.com\/eu\/author\/gipuzkoa-basket\/"}]}},"_links":{"self":[{"href":"https:\/\/gipuzkoabasket.com\/eu\/wp-json\/wp\/v2\/posts\/9883","targetHints":{"allow":["GET"]}}],"collection":[{"href":"https:\/\/gipuzkoabasket.com\/eu\/wp-json\/wp\/v2\/posts"}],"about":[{"href":"https:\/\/gipuzkoabasket.com\/eu\/wp-json\/wp\/v2\/types\/post"}],"author":[{"embeddable":true,"href":"https:\/\/gipuzkoabasket.com\/eu\/wp-json\/wp\/v2\/users\/2"}],"replies":[{"embeddable":true,"href":"https:\/\/gipuzkoabasket.com\/eu\/wp-json\/wp\/v2\/comments?post=9883"}],"version-history":[{"count":1,"href":"https:\/\/gipuzkoabasket.com\/eu\/wp-json\/wp\/v2\/posts\/9883\/revisions"}],"predecessor-version":[{"id":21221,"href":"https:\/\/gipuzkoabasket.com\/eu\/wp-json\/wp\/v2\/posts\/9883\/revisions\/21221"}],"wp:featuredmedia":[{"embeddable":true,"href":"https:\/\/gipuzkoabasket.com\/eu\/wp-json\/wp\/v2\/media\/9884"}],"wp:attachment":[{"href":"https:\/\/gipuzkoabasket.com\/eu\/wp-json\/wp\/v2\/media?parent=9883"}],"wp:term":[{"taxonomy":"category","embeddable":true,"href":"https:\/\/gipuzkoabasket.com\/eu\/wp-json\/wp\/v2\/categories?post=9883"},{"taxonomy":"post_tag","embeddable":true,"href":"https:\/\/gipuzkoabasket.com\/eu\/wp-json\/wp\/v2\/tags?post=9883"}],"curies":[{"name":"wp","href":"https:\/\/api.w.org\/{rel}","templated":true}]}}